{"id":207000,"date":"2022-11-24T15:19:11","date_gmt":"2022-11-24T18:19:11","guid":{"rendered":"https:\/\/diarioregionaldigital.com.br\/?p=207000"},"modified":"2022-11-24T15:19:11","modified_gmt":"2022-11-24T18:19:11","slug":"museu-mariano-procopio-ja-recebeu-a-taca-jules-rimet-para-exposicao-em-1970","status":"publish","type":"post","link":"https:\/\/diarioregionaldigital.com.br\/?p=207000","title":{"rendered":"Museu Mariano Proc\u00f3pio j\u00e1 recebeu a ta\u00e7a \u201cJules Rimet\u201d para exposi\u00e7\u00e3o em 1970"},"content":{"rendered":"<p>Segundo informa\u00e7\u00f5es do site da Prefeitura de Juiz de Fora, o ano era 1970 e, assim como esse ano, o Brasil jogava a Copa do Mundo. Com um placar hist\u00f3rico de 4 a 1 contra a It\u00e1lia na decis\u00e3o final, o capit\u00e3o Carlos Alberto levantava a ta\u00e7a \u201cJules Rimet\u201d que, com o tricampeonato da sele\u00e7\u00e3o brasileira, ficaria de vez no pa\u00eds. Logo que chegou, o trof\u00e9u foi exibido em v\u00e1rios lugares do Brasil, entre eles o Museu Mariano Proc\u00f3pio, em setembro daquele mesmo ano.<\/p>\n<p>A diretoria da institui\u00e7\u00e3o, junto ao ent\u00e3o prefeito de Juiz de Fora, Itamar Franco, planejou uma exposi\u00e7\u00e3o intitulada \u201cO Caneco \u00e9 Nosso\u201d, que se iniciou no dia 16 de setembro e teve dura\u00e7\u00e3o de tr\u00eas dias. Para a exibi\u00e7\u00e3o da pe\u00e7a foi escolhido o cen\u00e1rio \u201cLuiz XV\u201d, em homenagem ao seu criador, Jules Rimet, que era franc\u00eas. Segundo relat\u00f3rios desse per\u00edodo, a institui\u00e7\u00e3o recebeu 12 mil e 500 visitantes, n\u00famero bem alto se comparado aos meses anteriores.<\/p>\n<p><strong>A Ta\u00e7a Jules Rimet<\/strong><\/p>\n<p>Esculpida em desenho da deusa grega Nice, representando o triunfo e a gl\u00f3ria, a Jules Rimet n\u00e3o recebeu este nome inicialmente. A princ\u00edpio, foi chamada de &#8220;Vit\u00f3ria&#8221;, s\u00f3 sendo renomeada em 46, em homenagem ao dirigente que presidiu a Fifa entre 1921 a 1954.\u00a0O regulamento da Fifa previa que qualquer pa\u00eds a vencer a Copa tr\u00eas vezes ficaria com o trof\u00e9u definitivamente,\u00a0feito \u00e0 \u00e9poca considerado muito dif\u00edcil. Bastaram oito edi\u00e7\u00f5es para que o Brasil conquistasse de vez a ta\u00e7a.<\/p>\n<p><strong>Funcionamento da Mapro nos dias de jogos do Brasil na Copa do Mundo<\/strong><br \/>\n24\/11 &#8211; Quinta-feira<\/p>\n<p>Galeria &#8211; das 9h \u00e0s 12h (com \u00faltima visita \u00e0s 11h30)<\/p>\n<p>Parque &#8211; das 8h \u00e0s 13h<\/p>\n<p>&nbsp;<\/p>\n<p>28\/11 &#8211; Segunda-feira<\/p>\n<p>Galeria e Parque &#8211; fechados para a manuten\u00e7\u00e3o<\/p>\n<p>&nbsp;<\/p>\n<p>02\/12 &#8211; Sexta-feira<\/p>\n<p>Galeria &#8211; das 9h \u00e0s 12h (com \u00faltima visita \u00e0s 11h30)<\/p>\n<p>Parque &#8211; das 8h \u00e0s 13h<\/p>\n","protected":false},"excerpt":{"rendered":"<p>Segundo informa\u00e7\u00f5es do site da Prefeitura de Juiz de Fora, o ano era 1970 e, assim como esse ano, o Brasil jogava a Copa do Mundo. Com um placar hist\u00f3rico de 4 a 1 contra a It\u00e1lia na decis\u00e3o final, o capit\u00e3o Carlos Alberto levantava a ta\u00e7a \u201cJules Rimet\u201d que, com o tricampeonato da sele\u00e7\u00e3o [&hellip;]<\/p>\n","protected":false},"author":246,"featured_media":207001,"comment_status":"closed","ping_status":"closed","sticky":false,"template":"","format":"standard","meta":{"footnotes":""},"categories":[253,436,439],"tags":[],"class_list":["post-207000","post","type-post","status-publish","format-standard","has-post-thumbnail","hentry","category-cidade","category-destaque-da-semana","category-ultima-hora"],"_links":{"self":[{"href":"https:\/\/diarioregionaldigital.com.br\/index.php?rest_route=\/wp\/v2\/posts\/207000","targetHints":{"allow":["GET"]}}],"collection":[{"href":"https:\/\/diarioregionaldigital.com.br\/index.php?rest_route=\/wp\/v2\/posts"}],"about":[{"href":"https:\/\/diarioregionaldigital.com.br\/index.php?rest_route=\/wp\/v2\/types\/post"}],"author":[{"embeddable":true,"href":"https:\/\/diarioregionaldigital.com.br\/index.php?rest_route=\/wp\/v2\/users\/246"}],"replies":[{"embeddable":true,"href":"https:\/\/diarioregionaldigital.com.br\/index.php?rest_route=%2Fwp%2Fv2%2Fcomments&post=207000"}],"version-history":[{"count":1,"href":"https:\/\/diarioregionaldigital.com.br\/index.php?rest_route=\/wp\/v2\/posts\/207000\/revisions"}],"predecessor-version":[{"id":207002,"href":"https:\/\/diarioregionaldigital.com.br\/index.php?rest_route=\/wp\/v2\/posts\/207000\/revisions\/207002"}],"wp:featuredmedia":[{"embeddable":true,"href":"https:\/\/diarioregionaldigital.com.br\/index.php?rest_route=\/wp\/v2\/media\/207001"}],"wp:attachment":[{"href":"https:\/\/diarioregionaldigital.com.br\/index.php?rest_route=%2Fwp%2Fv2%2Fmedia&parent=207000"}],"wp:term":[{"taxonomy":"category","embeddable":true,"href":"https:\/\/diarioregionaldigital.com.br\/index.php?rest_route=%2Fwp%2Fv2%2Fcategories&post=207000"},{"taxonomy":"post_tag","embeddable":true,"href":"https:\/\/diarioregionaldigital.com.br\/index.php?rest_route=%2Fwp%2Fv2%2Ftags&post=207000"}],"curies":[{"name":"wp","href":"https:\/\/api.w.org\/{rel}","templated":true}]}}