{"id":206997,"date":"2022-11-24T15:16:44","date_gmt":"2022-11-24T18:16:44","guid":{"rendered":"https:\/\/diarioregionaldigital.com.br\/?p=206997"},"modified":"2022-11-24T15:16:44","modified_gmt":"2022-11-24T18:16:44","slug":"parque-da-lajinha-tem-programacao-especial-no-final-de-semana","status":"publish","type":"post","link":"https:\/\/diarioregionaldigital.com.br\/?p=206997","title":{"rendered":"Parque da Lajinha tem programa\u00e7\u00e3o especial no final de semana"},"content":{"rendered":"<p>Segundo informa\u00e7\u00f5es do site da Prefeitura de Juiz de Fora, Como parte da agenda Novembro Negro, idealizada pela Funda\u00e7\u00e3o Cultural Alfredo Ferreira Lage (Funalfa) e parte das atividades do Projeto Domingo no Parque, o Parque Municipal da Lajinha ter\u00e1 atra\u00e7\u00f5es\u00a0 gratuitas da Prefeitura de Juiz de Fora (PJF) neste domingo, 27.<\/p>\n<p><strong>Confira a programa\u00e7\u00e3o<\/strong><\/p>\n<p>Das 9h \u00e0s 12h,\u00a0 a empresa Hiperroll embalagens, atrav\u00e9s do Projeto Cidad\u00e3o Consciente, ir\u00e1 proporcionar oficina gratuita de artesanato com sacolas pl\u00e1sticas e recolhimento de embalagens pl\u00e1sticas flex\u00edveis e de \u00f3leo usado (cozinha) para fabrica\u00e7\u00e3o de biodiesel.<\/p>\n<p>\u00c0s 10h, uma Visita Guiada Teatralizada (Funalfa) ir\u00e1 abordar as mem\u00f3rias silenciadas da Comunidade negra Vila da Prata, que na d\u00e9cada de 1970 viveram na \u00e1rea onde est\u00e1 instalado o Parque da Lajinha. J\u00e1 no hor\u00e1rio das 9h \u00e0s 13h, a Faculdade Universo ir\u00e1 oferecer a presta\u00e7\u00e3o de servi\u00e7os de sa\u00fade.<\/p>\n<p>Atividades culturais, educativas e recreativas ser\u00e3o oferecidas gratuitamente \u00e0 comunidade at\u00e9 o fim deste m\u00eas de novembro atrav\u00e9s do Novembro Negro.\u00a0<a href=\"https:\/\/www.pjf.mg.gov.br\/noticias\/view.php?modo=link2&amp;idnoticia2=77635\"><strong>A programa\u00e7\u00e3o completa pode ser conferida aqui<\/strong><\/a>.<\/p>\n","protected":false},"excerpt":{"rendered":"<p>Segundo informa\u00e7\u00f5es do site da Prefeitura de Juiz de Fora, Como parte da agenda Novembro Negro, idealizada pela Funda\u00e7\u00e3o Cultural Alfredo Ferreira Lage (Funalfa) e parte das atividades do Projeto Domingo no Parque, o Parque Municipal da Lajinha ter\u00e1 atra\u00e7\u00f5es\u00a0 gratuitas da Prefeitura de Juiz de Fora (PJF) neste domingo, 27. Confira a programa\u00e7\u00e3o Das [&hellip;]<\/p>\n","protected":false},"author":246,"featured_media":206998,"comment_status":"closed","ping_status":"closed","sticky":false,"template":"","format":"standard","meta":{"footnotes":""},"categories":[253,436,439],"tags":[],"class_list":["post-206997","post","type-post","status-publish","format-standard","has-post-thumbnail","hentry","category-cidade","category-destaque-da-semana","category-ultima-hora"],"_links":{"self":[{"href":"https:\/\/diarioregionaldigital.com.br\/index.php?rest_route=\/wp\/v2\/posts\/206997","targetHints":{"allow":["GET"]}}],"collection":[{"href":"https:\/\/diarioregionaldigital.com.br\/index.php?rest_route=\/wp\/v2\/posts"}],"about":[{"href":"https:\/\/diarioregionaldigital.com.br\/index.php?rest_route=\/wp\/v2\/types\/post"}],"author":[{"embeddable":true,"href":"https:\/\/diarioregionaldigital.com.br\/index.php?rest_route=\/wp\/v2\/users\/246"}],"replies":[{"embeddable":true,"href":"https:\/\/diarioregionaldigital.com.br\/index.php?rest_route=%2Fwp%2Fv2%2Fcomments&post=206997"}],"version-history":[{"count":1,"href":"https:\/\/diarioregionaldigital.com.br\/index.php?rest_route=\/wp\/v2\/posts\/206997\/revisions"}],"predecessor-version":[{"id":206999,"href":"https:\/\/diarioregionaldigital.com.br\/index.php?rest_route=\/wp\/v2\/posts\/206997\/revisions\/206999"}],"wp:featuredmedia":[{"embeddable":true,"href":"https:\/\/diarioregionaldigital.com.br\/index.php?rest_route=\/wp\/v2\/media\/206998"}],"wp:attachment":[{"href":"https:\/\/diarioregionaldigital.com.br\/index.php?rest_route=%2Fwp%2Fv2%2Fmedia&parent=206997"}],"wp:term":[{"taxonomy":"category","embeddable":true,"href":"https:\/\/diarioregionaldigital.com.br\/index.php?rest_route=%2Fwp%2Fv2%2Fcategories&post=206997"},{"taxonomy":"post_tag","embeddable":true,"href":"https:\/\/diarioregionaldigital.com.br\/index.php?rest_route=%2Fwp%2Fv2%2Ftags&post=206997"}],"curies":[{"name":"wp","href":"https:\/\/api.w.org\/{rel}","templated":true}]}}