{"id":206994,"date":"2022-11-24T15:14:24","date_gmt":"2022-11-24T18:14:24","guid":{"rendered":"https:\/\/diarioregionaldigital.com.br\/?p=206994"},"modified":"2022-11-24T15:14:24","modified_gmt":"2022-11-24T18:14:24","slug":"confira-o-calendario-de-imunizacao-contra-a-covid-19-na-sexta-feira-25","status":"publish","type":"post","link":"https:\/\/diarioregionaldigital.com.br\/?p=206994","title":{"rendered":"Confira o calend\u00e1rio de imuniza\u00e7\u00e3o contra a Covid-19 na sexta-feira, 25"},"content":{"rendered":"<p>Segundo informa\u00e7\u00f5es do site da Prefeitura de Juiz de Fora, a PJF\u00a0continua a campanha de imuniza\u00e7\u00e3o contra a Covid-19 no munic\u00edpio nesta sexta-feira, 25. Todos os p\u00fablicos eletivos poder\u00e3o se imunizar nas Unidades B\u00e1sicas de Sa\u00fade (UBS), de 8h \u00e0s 10h30 e de 13h \u00e0s 16h.<\/p>\n<p>Por motivos operacionais, os imunizantes para maiores de 12 anos, primeira dose e refor\u00e7os,<strong>\u00a0ser\u00e3o aplicados em 21 UBSs<\/strong>\u00a0no\u00a0Departamento\u00a0de Sa\u00fade da Mulher Gestante, Crian\u00e7a e Adolescentes (DSMGCA),\u00a0<strong>exclusivamente para crian\u00e7as e adolescentes at\u00e9 18 anos,<\/strong>\u00a0e no\u00a0Servi\u00e7o de Sa\u00fade do Idoso (Sasi)<strong>.\u00a0<\/strong>As crian\u00e7as maiores de cinco anos at\u00e9 12 anos, al\u00e9m do DSMGCA, podem receber os imunizantes\u00a0<strong>em 7 UBSs<\/strong>. As crian\u00e7as de\u00a0<strong>seis meses a dois anos, 11 meses e 29 dias com comorbidades,<\/strong>\u00a0podem se vacinar no Departamento de Sa\u00fade da Mulher, Gestante, Crian\u00e7a e do Adolescente (DSMGCA), de 8h \u00e0s 16h.<\/p>\n<p>Para otimizar o processo de vacina\u00e7\u00e3o do novo p\u00fablico, est\u00e1 sendo realizado o pr\u00e9-cadastramento para a vacina\u00e7\u00e3o deste p\u00fablico contra o coronav\u00edrus no\u00a0<a href=\"https:\/\/covid19.pjf.mg.gov.br\/vacinacao_comorbidades.php\"><strong>site da Prefeitura de Juiz de Fora<\/strong><\/a>.\u00a0<strong>Confira os locais e hor\u00e1rios de vacina\u00e7\u00e3o abaixo.<\/strong><\/p>\n<p>Nas unidades de sa\u00fade tamb\u00e9m acontece a\u00a0<a href=\"https:\/\/www.pjf.mg.gov.br\/noticias\/view.php?modo=link2&amp;idnoticia2=77620\"><strong>vacina\u00e7\u00e3o contra a meningite<\/strong><\/a>\u00a0para\u00a0os jovens de 16 a 30 anos; os trabalhadores da educa\u00e7\u00e3o superior e de escolas t\u00e9cnicas acima dos 16 anos de idade; os profissionais de sa\u00fade com 16 anos de idade ou mais; e os estudantes universit\u00e1rios, sem limite de idade.<\/p>\n<p>As vacinas de rotina, aplicadas nos mesmos locais,<strong>\u00a0podem ser recebidas por estes p\u00fablicos conjuntamente com os imunizantes contra a Covid-19<\/strong>\u00a0sem qualquer tipo de problema.<\/p>\n<p>A Secretaria de Sa\u00fade (SS) destaca a import\u00e2ncia do recebimento da vacina de refor\u00e7o e pede para que todos aqueles que receberam a 2\u00aa dose h\u00e1 pelo menos quatro meses procurem um posto de vacina\u00e7\u00e3o para aumentar sua prote\u00e7\u00e3o contra o v\u00edrus.<\/p>\n<p>As segundas doses dos imunizantes AstraZeneca, Coronavac, Janssen e Pfizer, al\u00e9m das vacinas de refor\u00e7o, s\u00e3o disponibilizadas de forma cont\u00ednua. A 2\u00aa dose da Janssen \u00e9 destinada a todas as pessoas que receberam a primeira dose desse imunizante h\u00e1 dois meses ou data anterior.\u00a0 J\u00e1 o intervalo entre 1\u00aa e 2\u00aa aplica\u00e7\u00e3o da AstraZeneca \u00e9 de oito semanas; da Coronavac \u00e9 de 28 dias; e da Pfizer, de 21 dias. O intervalo da 2\u00aa dose para a aplica\u00e7\u00e3o da vacina de refor\u00e7o \u00e9 de quatro meses, assim como o intervalo entre doses de refor\u00e7o seguintes.<\/p>\n<p><strong>A lista com todos os endere\u00e7os e hor\u00e1rios de funcionamento dos locais de vacina\u00e7\u00e3o destinados a cada um dos p\u00fablicos est\u00e1 dispon\u00edvel no fim deste texto.<\/strong><\/p>\n<p>A pasta explica que as doses de refor\u00e7o, ou terceiras doses, para o p\u00fablico geral s\u00e3o apenas para os maiores de 12 anos. N\u00e3o h\u00e1 recomenda\u00e7\u00e3o de refor\u00e7o para as crian\u00e7as, com idades entre seis meses de idade e 11 anos, que recebem apenas as duas doses contra o coronav\u00edrus. A dose de refor\u00e7o s\u00f3 \u00e9 aplicada para estas pessoas caso elas sejam imunossuprimidas.<\/p>\n<p>At\u00e9 o momento, a quarta dose n\u00e3o est\u00e1 liberada para a popula\u00e7\u00e3o geral, sendo recomendada apenas para pessoas com imunossupress\u00e3o e pessoas com 18 anos ou mais de idade.\u00a0<strong>Imunossuprimidos com 18 anos ou mais tamb\u00e9m recebem uma quinta dose.<\/strong><\/p>\n<p>Pessoas na faixa et\u00e1ria entre 18 e 39 anos, que receberam a dose \u00fanica e o refor\u00e7o do imunizante Janssen, poder\u00e3o tomar o segundo refor\u00e7o quatro meses ap\u00f3s o primeiro com qualquer outro imunizante. J\u00e1 para pessoas com 18 anos ou mais de idade ou imunossuprimidos, o terceiro refor\u00e7o do imunizante, com qualquer outro imunizante, deve ser aplicado quatro meses ap\u00f3s o segundo refor\u00e7o. Imunossuprimidos de 18 anos ou mais tamb\u00e9m recebem uma quinta dose.<\/p>\n<p><strong>Documenta\u00e7\u00e3o<\/strong><\/p>\n<p>Aqueles que forem receber a primeira dose da vacina devem apresentar\u00a0 originais e c\u00f3pias de documento de identifica\u00e7\u00e3o com foto (como documento de identidade (RG) ou carteira de motorista) e o CPF, caso o n\u00famero do mesmo n\u00e3o conste na identidade, al\u00e9m da ficha de vacina\u00e7\u00e3o impressa e preenchida. As crian\u00e7as, pr\u00e9-adolescentes e adolescentes que n\u00e3o tiverem o documento de identidade, podem apresentar a certid\u00e3o de nascimento.\u00a0<strong>A PJF pede que seja levado uma c\u00f3pia do comprovante de resid\u00eancia no nome dos pais ou respons\u00e1vel com endere\u00e7o em Juiz de Fora.\u00a0<\/strong>As crian\u00e7as com comorbidades ou imunossuprimidas, al\u00e9m destes documentos, devem\u00a0<strong>apresentar um laudo ou atestado m\u00e9dico datado de, no m\u00e1ximo, 12 meses, comprovando a condi\u00e7\u00e3o<\/strong>.<\/p>\n<p>As pessoas que v\u00e3o receber a D2 ou a dose de refor\u00e7o precisam apresentar apenas a ficha de vacina\u00e7\u00e3o, o cart\u00e3o de vacina e um documento de identifica\u00e7\u00e3o com foto, enquanto os imunossuprimidos, al\u00e9m destes documentos, devem apresentar um laudo ou atestado m\u00e9dico datado de, no m\u00e1ximo, 12 meses, comprovando a condi\u00e7\u00e3o. Este p\u00fablico pode buscar pela dose de refor\u00e7o a partir de 28 dias do recebimento da 2\u00aa dose. N\u00e3o \u00e9 necess\u00e1ria a apresenta\u00e7\u00e3o de comprovante de resid\u00eancia.<\/p>\n<p><strong>Refor\u00e7amos o pedido para todos que ser\u00e3o vacinados levarem, impressa e preenchida, a Ficha de Vacina\u00e7\u00e3o, cujo modelo est\u00e1 dispon\u00edvel\u00a0<\/strong><a href=\"https:\/\/covid19.pjf.mg.gov.br\/arquivos\/formulario_para_vacinacao.pdf\"><strong>aqui<\/strong><\/a><strong>, isso facilita no momento da triagem e agiliza o processo de vacina\u00e7\u00e3o.<\/p>\n<p>Segundas doses (adultos)<\/strong><br \/>\n<strong>AstraZeneca\u00a0<\/strong>&#8211; A aplica\u00e7\u00e3o da segunda dose de AstraZeneca segue a data descrita no cart\u00e3o de vacina. Portanto, recebem a D2 todos aqueles com retorno agendado para o dia 25 de novembro ou data anterior.<\/p>\n<p>&nbsp;<\/p>\n<p><strong>Coronavac\u00a0<\/strong>&#8211; A aplica\u00e7\u00e3o da segunda dose do imunizante Coronavac segue a data descrita no cart\u00e3o de vacina. Recebem a D2 todos aqueles com retorno agendado para o dia 25 de novembro ou data anterior.<\/p>\n<p>&nbsp;<\/p>\n<p><strong>Janssen\u00a0<\/strong>&#8211; As segundas doses do imunizante Janssen s\u00e3o destinadas \u00e0s pessoas que receberam a primeira dose desta vacina no dia 25 de setembro, ou seja, dois meses ap\u00f3s a vacina de dose \u00fanica.<\/p>\n<p>&nbsp;<\/p>\n<p><strong>Pfizer\u00a0<\/strong>&#8211; Quem recebeu a primeira dose da Pfizer no dia 03 de novembro ou antes pode procurar um dos postos de imuniza\u00e7\u00e3o para receber a segunda.<\/p>\n<p><strong>Doses de refor\u00e7o (adultos)<\/strong><\/p>\n<p>As doses de refor\u00e7o, ou terceira dose, s\u00e3o destinadas \u00e0s pessoas a partir de 12 anos que receberam a segunda dose h\u00e1 quatro meses ou mais.<strong>\u00a0Os intervalos entre as doses de refor\u00e7o s\u00e3o de quatro meses.<\/strong><\/p>\n<p>Recebem tamb\u00e9m o segundo refor\u00e7o, ou quarta dose, pessoas com 18 anos ou mais e imunossuprimidos, com 12 anos ou mais. O terceiro refor\u00e7o, ou quinta dose, \u00e9 voltado para pessoas de 18 anos ou mais com imunossupress\u00e3o.<\/p>\n<p><strong>Pessoas a partir de 12 anos, que v\u00e3o receber primeira, segunda dose, vacina de primeiro, segundo ou terceiro refor\u00e7o, al\u00e9m das 11 UBSs, podem ser vacinadas no Sasi. Jovens de 12 \u00e0 18 anos tamb\u00e9m recebem os imunizantes no Departamento de Sa\u00fade da Mulher Gestante, Crian\u00e7a e Adolescentes (DSMGCA).<\/p>\n<p>Para as crian\u00e7as<\/strong><\/p>\n<p>Seguindo recomenda\u00e7\u00f5es dos \u00f3rg\u00e3os competentes, as crian\u00e7as que forem se vacinar contra a Covid-19 podem receber concomitantemente os imunizantes de rotina.<\/p>\n<p><strong>Pedimos aos pais e respons\u00e1veis que levem, impressa e preenchida, a Ficha de Vacina\u00e7\u00e3o das crian\u00e7as, cujo modelo est\u00e1 dispon\u00edvel\u00a0<\/strong><a href=\"https:\/\/covid19.pjf.mg.gov.br\/arquivos\/formulario_para_vacinacao.pdf\"><strong>aqui<\/strong><\/a><strong>, isso facilita no momento da triagem e agiliza o processo de vacina\u00e7\u00e3o.<\/p>\n<p>Confira o calend\u00e1rio de vacina\u00e7\u00e3o contra a Covid-19 de sexta-feira, 25 de outubro:<\/strong><br \/>\n<strong>Primeiras doses para as crian\u00e7as entre 6 meses e 2 anos, 11 meses e 29 dias com comorbidades<\/strong><\/p>\n<p>DSMGCA de 8h \u00e0s 16h.<\/p>\n<p>&nbsp;<\/p>\n<p><strong>Primeiras doses de todas as crian\u00e7as entre 5 e 12 anos<\/strong><\/p>\n<p>7 UBSs de 8h \u00e0s 10h30 e de 13h \u00e0s 16h;\u00a0DSMGCA de 8h \u00e0s 16h.<\/p>\n<p>&nbsp;<\/p>\n<p><strong>Primeiras doses de todas as pessoas com 12 anos ou mais<\/strong><\/p>\n<p>21 UBSs de 8h \u00e0s 10h30 e de 13h \u00e0s 16h e Sasi, de 8h \u00e0s 16h.<\/p>\n<p>&nbsp;<\/p>\n<p><strong>Primeiras doses de todas as pessoas de 12 anos at\u00e9 18 anos<\/strong><\/p>\n<p>21 UBSs de 8h \u00e0s 10h30 e de 13h \u00e0s 16h, DSMGCA de 8h \u00e0s 16h e Sasi de 8h \u00e0s 16h.<\/p>\n<p>&nbsp;<\/p>\n<p><strong>Segundas doses de Janssen para todas as pessoas que foram vacinadas no dia 25 de setembro ou antes<\/strong><\/p>\n<p>21 UBSs de 8h \u00e0s 10h30 e de 13h \u00e0s 16h e Sasi, de 8h \u00e0s 16h.<\/p>\n<p>&nbsp;<\/p>\n<p><strong>Segundas doses de Pfizer para todos que receberam a primeira dose at\u00e9 o dia 03 de novembro ou data anterior<\/strong><\/p>\n<p>21 UBSs de 8h \u00e0s 10h30 e de 13h \u00e0s 16h.<\/p>\n<p>&nbsp;<\/p>\n<p><strong>Vacina\u00e7\u00e3o de refor\u00e7o para pessoas com 12 anos ou mais que receberam a segunda dose h\u00e1 4 meses (28 de julho) ou antes<\/strong><\/p>\n<p>Sasi, de 8h \u00e0s 16h; 21 UBSs de 8h \u00e0s 10h30 e de 13h \u00e0s 16h.<\/p>\n<p>&nbsp;<\/p>\n<p><strong>Vacina\u00e7\u00e3o de refor\u00e7o para imunossuprimidos que receberam a segunda dose h\u00e1 pelo menos 28 dias<\/strong><\/p>\n<p>Sasi, de 8h \u00e0s 16h; 21 UBSs de 8h \u00e0s 10h30 e de 13h \u00e0s 16h.<\/p>\n<p>&nbsp;<\/p>\n<p><strong>Vacina\u00e7\u00e3o de refor\u00e7o para pessoas com 18 anos ou mais que receberam a terceira dose h\u00e1 4 meses (28 de julho) ou antes<\/strong><\/p>\n<p>Sasi, de 8h \u00e0s 16h; 21 UBSs de 8h \u00e0s 10h30 e de 13h \u00e0s 16h.<\/p>\n<p>&nbsp;<\/p>\n<p><strong>Vacina\u00e7\u00e3o de refor\u00e7o para imunossuprimidos que receberam a terceira dose h\u00e1 4 meses (28 de julho) ou antes<\/strong><\/p>\n<p>Sasi, de 8h \u00e0s 16h; 21 UBSs de 8h \u00e0s 10h30 e de 13h \u00e0s 16h.<\/p>\n<p>&nbsp;<\/p>\n<p><strong>Vacina\u00e7\u00e3o de refor\u00e7o para imunossuprimidos que receberam a quarta dose h\u00e1 4 meses (28 de julho) ou antes<\/strong><\/p>\n<p>Sasi, de 8h \u00e0s 16h; 21 UBSs de 8h \u00e0s 10h30 e de 13h \u00e0s 16h.<\/p>\n<p><strong>Endere\u00e7os dos locais de vacina\u00e7\u00e3o<\/strong><br \/>\n<strong>Servi\u00e7o de Sa\u00fade do Idoso (Sasi) &#8211; exclusivamente para pessoas com 12 anos ou mais &#8211; das 8h \u00e0s 16h<\/strong><\/p>\n<p>Rua Batista de Oliveira 943, bairro Granbery.<\/p>\n<p>&nbsp;<\/p>\n<p><strong>Departamento de Sa\u00fade da Mulher Gestante, Crian\u00e7a e Adolescentes (DSMGCA) &#8211; exclusivamente para crian\u00e7as e adolescentes (seis meses a menores de tr\u00eas anos com comorbidades e de 5 anos de idade a 18 anos) &#8211; das 8h \u00e0s 16h (vacina\u00e7\u00e3o contra covid) e das 8h \u00e0s 14h (vacina\u00e7\u00e3o meningite e demais vacinas de rotina)<\/strong><\/p>\n<p>Rua S\u00e3o Sebasti\u00e3o, 772\/776, Centro<\/p>\n<p>&nbsp;<\/p>\n<p><strong>UBSs que vacinam crian\u00e7as maiores de 5 anos de 8h \u00e0s 10h30 e de 13h \u00e0s 16h (quintas, de 8h \u00e0s 10h30 e de 13h \u00e0s 14h30):<\/strong><br \/>\n1.UBS Cidade do Sol<\/p>\n<p>2. UBS Bandeirantes<\/p>\n<p>3. UBS Centro Sul<\/p>\n<p>4. UBS Teixeiras<\/p>\n<p>5. UBS Vila Ideal<\/p>\n<p>6. UBS S\u00e3o Pedro<\/p>\n<p>7. UBS N.S Aparecida<\/p>\n<p>&nbsp;<\/p>\n<p><strong>UBSs que vacinam maiores de 12 anos de 8h \u00e0s 10h30 e de 13h \u00e0s 16h (quintas, de 8h \u00e0s 10h30 e de 13h \u00e0s 14h30):<\/strong><br \/>\n1.UBS Benfica<\/p>\n<p>2. UBS Milho Branco<\/p>\n<p>3. UBS Monte Castelo<\/p>\n<p>4. UBS Nova Era<\/p>\n<p>5. UBS Bairro Industrial<\/p>\n<p>6. UBS Bandeirantes<\/p>\n<p>7. UBS N.S Gra\u00e7as<\/p>\n<p>8. UBS Grama<\/p>\n<p>9. UBS Centro Sul<\/p>\n<p>10. UBS Santa Luzia<\/p>\n<p>11. UBS Teixeiras<\/p>\n<p>12. UBS Santa Cec\u00edlia<\/p>\n<p>13. UBS Vila Ideal<\/p>\n<p>14. UBS Santo Ant\u00f4nio<\/p>\n<p>15. UBS S\u00e3o Pedro<\/p>\n<p>16. UBS Borboleta<\/p>\n<p>17. UBS N.S Aparecida<\/p>\n<p>18. UBS Alto Graja\u00fa<\/p>\n<p>19. UBS Linhares<\/p>\n<p>20. UBS Marumbi<\/p>\n<p>21. UBS Cidade do Sol<\/p>\n","protected":false},"excerpt":{"rendered":"<p>Segundo informa\u00e7\u00f5es do site da Prefeitura de Juiz de Fora, a PJF\u00a0continua a campanha de imuniza\u00e7\u00e3o contra a Covid-19 no munic\u00edpio nesta sexta-feira, 25. Todos os p\u00fablicos eletivos poder\u00e3o se imunizar nas Unidades B\u00e1sicas de Sa\u00fade (UBS), de 8h \u00e0s 10h30 e de 13h \u00e0s 16h. Por motivos operacionais, os imunizantes para maiores de 12 [&hellip;]<\/p>\n","protected":false},"author":246,"featured_media":206995,"comment_status":"closed","ping_status":"closed","sticky":false,"template":"","format":"standard","meta":{"footnotes":""},"categories":[253,436,440,439],"tags":[],"class_list":["post-206994","post","type-post","status-publish","format-standard","has-post-thumbnail","hentry","category-cidade","category-destaque-da-semana","category-destaques-do-dia","category-ultima-hora"],"_links":{"self":[{"href":"https:\/\/diarioregionaldigital.com.br\/index.php?rest_route=\/wp\/v2\/posts\/206994","targetHints":{"allow":["GET"]}}],"collection":[{"href":"https:\/\/diarioregionaldigital.com.br\/index.php?rest_route=\/wp\/v2\/posts"}],"about":[{"href":"https:\/\/diarioregionaldigital.com.br\/index.php?rest_route=\/wp\/v2\/types\/post"}],"author":[{"embeddable":true,"href":"https:\/\/diarioregionaldigital.com.br\/index.php?rest_route=\/wp\/v2\/users\/246"}],"replies":[{"embeddable":true,"href":"https:\/\/diarioregionaldigital.com.br\/index.php?rest_route=%2Fwp%2Fv2%2Fcomments&post=206994"}],"version-history":[{"count":1,"href":"https:\/\/diarioregionaldigital.com.br\/index.php?rest_route=\/wp\/v2\/posts\/206994\/revisions"}],"predecessor-version":[{"id":206996,"href":"https:\/\/diarioregionaldigital.com.br\/index.php?rest_route=\/wp\/v2\/posts\/206994\/revisions\/206996"}],"wp:featuredmedia":[{"embeddable":true,"href":"https:\/\/diarioregionaldigital.com.br\/index.php?rest_route=\/wp\/v2\/media\/206995"}],"wp:attachment":[{"href":"https:\/\/diarioregionaldigital.com.br\/index.php?rest_route=%2Fwp%2Fv2%2Fmedia&parent=206994"}],"wp:term":[{"taxonomy":"category","embeddable":true,"href":"https:\/\/diarioregionaldigital.com.br\/index.php?rest_route=%2Fwp%2Fv2%2Fcategories&post=206994"},{"taxonomy":"post_tag","embeddable":true,"href":"https:\/\/diarioregionaldigital.com.br\/index.php?rest_route=%2Fwp%2Fv2%2Ftags&post=206994"}],"curies":[{"name":"wp","href":"https:\/\/api.w.org\/{rel}","templated":true}]}}