{"id":206991,"date":"2022-11-24T15:07:09","date_gmt":"2022-11-24T18:07:09","guid":{"rendered":"https:\/\/diarioregionaldigital.com.br\/?p=206991"},"modified":"2022-11-24T15:07:09","modified_gmt":"2022-11-24T18:07:09","slug":"cristiano-ronaldo-foi-uma-das-atracoes-da-copa-nesta-quinta-feira","status":"publish","type":"post","link":"https:\/\/diarioregionaldigital.com.br\/?p=206991","title":{"rendered":"Cristiano Ronaldo foi uma das atra\u00e7\u00f5es da Copa nesta quinta-feira"},"content":{"rendered":"<p>O craque portugu\u00eas Cristiano Ronaldo \u00e9 uma das atra\u00e7\u00f5es da Copa do Catar na pr\u00f3xima quinta-feira (24), que tamb\u00e9m marca a estreia do Brasil na primeira edi\u00e7\u00e3o do Mundial de sele\u00e7\u00f5es da Fifa disputada no Oriente M\u00e9dio.<img decoding=\"async\" src=\"https:\/\/agenciabrasil.ebc.com.br\/ebc.png?id=1495226&amp;o=node\" \/><img decoding=\"async\" src=\"https:\/\/agenciabrasil.ebc.com.br\/ebc.gif?id=1495226&amp;o=node\" \/><\/p>\n<p>Por\u00e9m, o primeiro confronto do dia, a partir das 7h (hor\u00e1rio de Bras\u00edlia), colocar\u00e1 Su\u00ed\u00e7a e Camar\u00f5es frente a frente no Est\u00e1dio Al Janoub. Esta partida \u00e9 v\u00e1lida pela primeira rodada do Grupo G, o mesmo do Brasil, que a partir das 16h mede for\u00e7as com a S\u00e9rvia no Est\u00e1dio de Lusail.<\/p>\n<p>A segunda atra\u00e7\u00e3o do dia ser\u00e1 a estreia do Uruguai de Cavani, Su\u00e1rez e companhia diante da Coreia do Sul, a partir das 10h no Est\u00e1dio Cidade da Educa\u00e7\u00e3o. Este jogo \u00e9 v\u00e1lido pela primeira rodada do Grupo H.<\/p>\n<p>Os uruguaios chegam confiantes ao Mundial, pois perderam apenas uma partida das \u00faltimas nove disputadas. Arrascaeta e Valverde s\u00e3o outros jogadores que podem se destacar nesse Mundial, em raz\u00e3o do bom futebol apresentado em seus respectivos clubes. J\u00e1 o experiente zagueiro Diego God\u00edn disputar\u00e1 sua \u00faltima Copa.<\/p>\n<p>Do outro lado do gramado estar\u00e1 uma Coreia do Sul que tentar\u00e1 surpreender os uruguaios, assim como fizeram com os alem\u00e3es no \u00faltimo Mundial, em 2018 (R\u00fassia), quando conseguiram uma incr\u00edvel vit\u00f3ria por 2 a 0. Dessa forma, os coreanos depositam sua confian\u00e7a em Son Heung-min, atacante do Tottenham (Inglaterra).<\/p>\n<p>A partir das 13h, Portugal entra em campo para enfrentar a equipe de Gana no Est\u00e1dio 974. O atacante Cristiano Ronaldo far\u00e1 sua estreia na Copa ap\u00f3s uma semana de pol\u00eamicas envolvendo o Manchester United (seu ex-time, j\u00e1 que as partes entraram em acordo para a rescis\u00e3o contratual).<\/p>\n<p>O portugu\u00eas ir\u00e1 para sua quinta (e provavelmente \u00faltima) Copa. Para isso, sua equipe precisar\u00e1 bater a sele\u00e7\u00e3o de Gana, que conta com bons jogadores como Thomas Partey, Mohammed Kudus, I\u00f1aki Williams e os irm\u00e3os Andre e Jordan Ayew.<\/p>\n<p><span style=\"font-weight: 400;\">Fonte: Ag\u00eancia Brasil <\/span><\/p>\n","protected":false},"excerpt":{"rendered":"<p>O craque portugu\u00eas Cristiano Ronaldo \u00e9 uma das atra\u00e7\u00f5es da Copa do Catar na pr\u00f3xima quinta-feira (24), que tamb\u00e9m marca a estreia do Brasil na primeira edi\u00e7\u00e3o do Mundial de sele\u00e7\u00f5es da Fifa disputada no Oriente M\u00e9dio. Por\u00e9m, o primeiro confronto do dia, a partir das 7h (hor\u00e1rio de Bras\u00edlia), colocar\u00e1 Su\u00ed\u00e7a e Camar\u00f5es frente [&hellip;]<\/p>\n","protected":false},"author":246,"featured_media":206992,"comment_status":"closed","ping_status":"closed","sticky":false,"template":"","format":"standard","meta":{"footnotes":""},"categories":[436,257,439],"tags":[],"class_list":["post-206991","post","type-post","status-publish","format-standard","has-post-thumbnail","hentry","category-destaque-da-semana","category-esporte","category-ultima-hora"],"_links":{"self":[{"href":"https:\/\/diarioregionaldigital.com.br\/index.php?rest_route=\/wp\/v2\/posts\/206991","targetHints":{"allow":["GET"]}}],"collection":[{"href":"https:\/\/diarioregionaldigital.com.br\/index.php?rest_route=\/wp\/v2\/posts"}],"about":[{"href":"https:\/\/diarioregionaldigital.com.br\/index.php?rest_route=\/wp\/v2\/types\/post"}],"author":[{"embeddable":true,"href":"https:\/\/diarioregionaldigital.com.br\/index.php?rest_route=\/wp\/v2\/users\/246"}],"replies":[{"embeddable":true,"href":"https:\/\/diarioregionaldigital.com.br\/index.php?rest_route=%2Fwp%2Fv2%2Fcomments&post=206991"}],"version-history":[{"count":1,"href":"https:\/\/diarioregionaldigital.com.br\/index.php?rest_route=\/wp\/v2\/posts\/206991\/revisions"}],"predecessor-version":[{"id":206993,"href":"https:\/\/diarioregionaldigital.com.br\/index.php?rest_route=\/wp\/v2\/posts\/206991\/revisions\/206993"}],"wp:featuredmedia":[{"embeddable":true,"href":"https:\/\/diarioregionaldigital.com.br\/index.php?rest_route=\/wp\/v2\/media\/206992"}],"wp:attachment":[{"href":"https:\/\/diarioregionaldigital.com.br\/index.php?rest_route=%2Fwp%2Fv2%2Fmedia&parent=206991"}],"wp:term":[{"taxonomy":"category","embeddable":true,"href":"https:\/\/diarioregionaldigital.com.br\/index.php?rest_route=%2Fwp%2Fv2%2Fcategories&post=206991"},{"taxonomy":"post_tag","embeddable":true,"href":"https:\/\/diarioregionaldigital.com.br\/index.php?rest_route=%2Fwp%2Fv2%2Ftags&post=206991"}],"curies":[{"name":"wp","href":"https:\/\/api.w.org\/{rel}","templated":true}]}}