{"id":206985,"date":"2022-11-24T15:02:22","date_gmt":"2022-11-24T18:02:22","guid":{"rendered":"https:\/\/diarioregionaldigital.com.br\/?p=206985"},"modified":"2022-11-24T15:02:22","modified_gmt":"2022-11-24T18:02:22","slug":"copa-uruguai-fica-no-0-a-0-com-a-coreia-do-sul-na-estreia-do-grupo-h","status":"publish","type":"post","link":"https:\/\/diarioregionaldigital.com.br\/?p=206985","title":{"rendered":"Copa: Uruguai fica no 0 a 0 com a Coreia do Sul na estreia do Grupo H"},"content":{"rendered":"<p>A Copa do Mundo do Catar presenciou o quarto empate sem gols desta primeira rodada. Nesta\u00a0quinta-feira (24), Uruguai e Coreia do Sul n\u00e3o sa\u00edram do 0 a 0 no Est\u00e1dio Cidade da Educa\u00e7\u00e3o, em Doha.<img decoding=\"async\" src=\"https:\/\/agenciabrasil.ebc.com.br\/ebc.png?id=1495276&amp;o=node\" \/><img decoding=\"async\" src=\"https:\/\/agenciabrasil.ebc.com.br\/ebc.gif?id=1495276&amp;o=node\" \/><\/p>\n<p>O confronto abriu o Grupo H do Mundial, que tem ainda Portugal e Gana. O duelo entre europeus e africanos come\u00e7a \u00e0s 13h (hor\u00e1rio de Bras\u00edlia) desta quinta (24), no Est\u00e1dio 974, tamb\u00e9m na capital do Catar.<\/p>\n<p>Uruguaios e sul-coreanos voltam a campo na segunda-feira (28). \u00c0s 10h, novamente no Cidade da Educa\u00e7\u00e3o, os Tigres Asi\u00e1ticos enfrentam Gana. \u00c0s 16h, a Celeste Ol\u00edmpica encara Portugal no Est\u00e1dio de Lusail, reeditando o confronto pelas oitavas de final da Copa passada.<\/p>\n<p>Apesar da imposi\u00e7\u00e3o sul-coreana na posse de bola e no volume ofensivo nos primeiros minutos, foi o Uruguai quem mais assustou na etapa inicial. Aos 18 minutos, o meia Federico Valverde foi lan\u00e7ado na \u00e1rea, girou e chutou por cima. Tr\u00eas minutos depois, Facundo Pellistri cruzou pela direita, \u00e0 meia altura, mas o tamb\u00e9m atacante Darwin N\u00fa\u00f1ez n\u00e3o chegou \u00e0 tempo de finalizar. Aos 26, Math\u00edas Olivera puxou o contra-ataque pelo meio, tendo quatro uruguaios contra tr\u00eas asi\u00e1ticos. O lateral, por\u00e9m, demorou a rolar para N\u00fa\u00f1ez, que estava desmarcado. Quando o fez, foi com for\u00e7a, facilitando a vida do goleiro Kim Seung-Gyu.<\/p>\n<p>A Coreia do Sul, enfim, conseguiu responder aos 33 minutos, com Hwang Ui-Jo. O atacante concluiu, livre, pr\u00f3ximo \u00e0 marca do p\u00eanalti, um cruzamento rasteiro, pela direita, do lateral Kim Moon-Hwan, mas o chute foi por cima do gol. Os Tigres Asi\u00e1ticos tentaram recuperar o controle do jogo, mas a Celeste Ol\u00edmpica \u00e9 quem teve a \u00faltima chance da etapa inicial, em cabe\u00e7ada do zagueiro Diego God\u00edn, ap\u00f3s cobran\u00e7a de escanteio, que bateu na trave esquerda.<\/p>\n<p>O cen\u00e1rio do primeiro tempo se repetiu na volta do intervalo, com os sul-coreanos trocando passes no campo ofensivo e o Uruguai mais incisivo. Aos 17 minutos, God\u00edn lan\u00e7ou N\u00fanez na esquerda em contra-ataque. Ele poderia entrar na \u00e1rea e finalizar, mas preferiu levar a bola at\u00e9 a linha de fundo e cruzar rasteiro, sendo bloqueado por Kim Seung-Gyu.<\/p>\n<p>A diferen\u00e7a para a etapa inicial \u00e9 que o duelo ficou mais truncado. A Coreia do Sul recuou as linhas de marca\u00e7\u00e3o, dando o bote a partir do meio-campo e deixando a bola com a Celeste Ol\u00edmpica. Aos 35, N\u00fa\u00f1ez teve mais uma chance, ao receber na entrada da \u00e1rea pela esquerda, levar para o p\u00e9 direito e bater cruzado. O artilheiro Edinson Cavani (que entrou no lugar do tamb\u00e9m atacante Lu\u00eds S\u00faarez) tentou desviar de cabe\u00e7a, mas o arremate saiu rente \u00e0 meta, \u00e0 esquerda.<\/p>\n<p>Aos 43, os sul-americanos pararam novamente no poste, desta vez com Valverde, que avan\u00e7ou pela esquerda e soltou a bomba da intermedi\u00e1ria, acertando o travess\u00e3o. Os asi\u00e1ticos responderam no lance seguinte, gra\u00e7as \u00e0 bobeada do goleiro Sergio Rochet, que afastou mal e deixou a bola nos p\u00e9s do atacante Son Heung-Min. O craque sul-coreano arriscou de fora da \u00e1rea, \u00e0 esquerda do gol uruguaio. Nos acr\u00e9scimos, as equipes se abriram em busca do gol da vit\u00f3ria, mas pecaram no \u00faltimo passe e n\u00e3o alteraram o placar.<\/p>\n<p><span style=\"font-weight: 400;\"><br \/>\n<\/span><span style=\"font-weight: 400;\">Fonte: Ag\u00eancia Brasil <\/span><\/p>\n","protected":false},"excerpt":{"rendered":"<p>A Copa do Mundo do Catar presenciou o quarto empate sem gols desta primeira rodada. Nesta\u00a0quinta-feira (24), Uruguai e Coreia do Sul n\u00e3o sa\u00edram do 0 a 0 no Est\u00e1dio Cidade da Educa\u00e7\u00e3o, em Doha. O confronto abriu o Grupo H do Mundial, que tem ainda Portugal e Gana. O duelo entre europeus e africanos [&hellip;]<\/p>\n","protected":false},"author":246,"featured_media":206986,"comment_status":"closed","ping_status":"closed","sticky":false,"template":"","format":"standard","meta":{"footnotes":""},"categories":[436,440,257,439],"tags":[],"class_list":["post-206985","post","type-post","status-publish","format-standard","has-post-thumbnail","hentry","category-destaque-da-semana","category-destaques-do-dia","category-esporte","category-ultima-hora"],"_links":{"self":[{"href":"https:\/\/diarioregionaldigital.com.br\/index.php?rest_route=\/wp\/v2\/posts\/206985","targetHints":{"allow":["GET"]}}],"collection":[{"href":"https:\/\/diarioregionaldigital.com.br\/index.php?rest_route=\/wp\/v2\/posts"}],"about":[{"href":"https:\/\/diarioregionaldigital.com.br\/index.php?rest_route=\/wp\/v2\/types\/post"}],"author":[{"embeddable":true,"href":"https:\/\/diarioregionaldigital.com.br\/index.php?rest_route=\/wp\/v2\/users\/246"}],"replies":[{"embeddable":true,"href":"https:\/\/diarioregionaldigital.com.br\/index.php?rest_route=%2Fwp%2Fv2%2Fcomments&post=206985"}],"version-history":[{"count":1,"href":"https:\/\/diarioregionaldigital.com.br\/index.php?rest_route=\/wp\/v2\/posts\/206985\/revisions"}],"predecessor-version":[{"id":206987,"href":"https:\/\/diarioregionaldigital.com.br\/index.php?rest_route=\/wp\/v2\/posts\/206985\/revisions\/206987"}],"wp:featuredmedia":[{"embeddable":true,"href":"https:\/\/diarioregionaldigital.com.br\/index.php?rest_route=\/wp\/v2\/media\/206986"}],"wp:attachment":[{"href":"https:\/\/diarioregionaldigital.com.br\/index.php?rest_route=%2Fwp%2Fv2%2Fmedia&parent=206985"}],"wp:term":[{"taxonomy":"category","embeddable":true,"href":"https:\/\/diarioregionaldigital.com.br\/index.php?rest_route=%2Fwp%2Fv2%2Fcategories&post=206985"},{"taxonomy":"post_tag","embeddable":true,"href":"https:\/\/diarioregionaldigital.com.br\/index.php?rest_route=%2Fwp%2Fv2%2Ftags&post=206985"}],"curies":[{"name":"wp","href":"https:\/\/api.w.org\/{rel}","templated":true}]}}