{"id":206979,"date":"2022-11-24T14:45:54","date_gmt":"2022-11-24T17:45:54","guid":{"rendered":"https:\/\/diarioregionaldigital.com.br\/?p=206979"},"modified":"2022-11-24T14:45:54","modified_gmt":"2022-11-24T17:45:54","slug":"sem-acordo-votacao-do-pl-dos-agrotoxicos-e-adiada-para-terca-feira","status":"publish","type":"post","link":"https:\/\/diarioregionaldigital.com.br\/?p=206979","title":{"rendered":"Sem acordo, vota\u00e7\u00e3o do PL dos Agrot\u00f3xicos \u00e9 adiada para ter\u00e7a-feira"},"content":{"rendered":"<p>Com pedido de vista coletiva acatado, a vota\u00e7\u00e3o do projeto de lei que flexibiliza regras de aprova\u00e7\u00e3o e comercializa\u00e7\u00e3o de agrot\u00f3xicos,\u00a0marcada para\u00a0hoje\u00a0(24) na Comiss\u00e3o de Agricultura (CRA), foi adiada para a pr\u00f3xima\u00a0ter\u00e7a-feira (29).<img decoding=\"async\" src=\"https:\/\/agenciabrasil.ebc.com.br\/ebc.png?id=1495285&amp;o=node\" \/><img decoding=\"async\" src=\"https:\/\/agenciabrasil.ebc.com.br\/ebc.gif?id=1495285&amp;o=node\" \/><\/p>\n<p>O PL 1.459\/2022 trata da pesquisa, experimenta\u00e7\u00e3o, produ\u00e7\u00e3o, comercializa\u00e7\u00e3o, importa\u00e7\u00e3o, exporta\u00e7\u00e3o, destina\u00e7\u00e3o final e fiscaliza\u00e7\u00e3o de agrot\u00f3xicos. Desde o in\u00edcio da tramita\u00e7\u00e3o na comiss\u00e3o, a mat\u00e9ria \u00e9 fruto de\u00a0ampla diverg\u00eancia entre os senadores.<\/p>\n<p>O relator do projeto e presidente do colegiado, senador Acir Gurgacz (PDT-RO), j\u00e1 havia lido seu relat\u00f3rio, mas, ap\u00f3s pedidos para amplia\u00e7\u00e3o do debate, apresentou novamente seu parecer\u00a0hoje.<\/p>\n<p>Entre as medidas previstas no substitutivo est\u00e3o a concentra\u00e7\u00e3o do poder decis\u00f3rio sobre os agrot\u00f3xicos no Minist\u00e9rio da Agricultura e a altera\u00e7\u00e3o da nomenclatura agrot\u00f3xico, que passaria a ser chamada, na legisla\u00e7\u00e3o, de pesticida.<\/p>\n<p>O texto prev\u00ea ainda a fixa\u00e7\u00e3o de prazo para a obten\u00e7\u00e3o de registros desse tipo de produto no Brasil \u2014 com possibilidade de licen\u00e7as tempor\u00e1rias quando n\u00e3o cumpridos prazos pelos \u00f3rg\u00e3os competentes \u2014 e a suaviza\u00e7\u00e3o da classifica\u00e7\u00e3o expl\u00edcita de produtos nocivos \u00e0 sa\u00fade humana e ao meio ambiente.<\/p>\n<p>\u201cHoje\u00a0demora-se, em m\u00e9dia, oito ou at\u00e9 dez\u00a0anos para a autoriza\u00e7\u00e3o de um novo princ\u00edpio ativo. \u00c9 um tempo muito longo para produtos mais modernos, seguros e eficazes entrarem no mercado. A nova lei prev\u00ea um prazo m\u00e1ximo de dois anos para que um novo produto seja analisado\u201d, destacou Gurgacz.<\/p>\n<p>Durante a reuni\u00e3o de\u00a0hoje, o senador lembrou que estudos da Organiza\u00e7\u00e3o das Na\u00e7\u00f5es Unidas para a Alimenta\u00e7\u00e3o e a Agricultura (FAO) indicam que o Brasil ocupa a s\u00e9tima posi\u00e7\u00e3o no ranking mundial de usu\u00e1rios de pesticidas, ficando atr\u00e1s de pa\u00edses como Jap\u00e3o, Cor\u00e9ia do Sul, Alemanha, Fran\u00e7a, It\u00e1lia e o Reino Unido.<\/p>\n<p><span style=\"font-weight: 400;\">Fonte: Ag\u00eancia Brasil <\/span><\/p>\n","protected":false},"excerpt":{"rendered":"<p>Com pedido de vista coletiva acatado, a vota\u00e7\u00e3o do projeto de lei que flexibiliza regras de aprova\u00e7\u00e3o e comercializa\u00e7\u00e3o de agrot\u00f3xicos,\u00a0marcada para\u00a0hoje\u00a0(24) na Comiss\u00e3o de Agricultura (CRA), foi adiada para a pr\u00f3xima\u00a0ter\u00e7a-feira (29). O PL 1.459\/2022 trata da pesquisa, experimenta\u00e7\u00e3o, produ\u00e7\u00e3o, comercializa\u00e7\u00e3o, importa\u00e7\u00e3o, exporta\u00e7\u00e3o, destina\u00e7\u00e3o final e fiscaliza\u00e7\u00e3o de agrot\u00f3xicos. Desde o in\u00edcio da tramita\u00e7\u00e3o [&hellip;]<\/p>\n","protected":false},"author":246,"featured_media":206980,"comment_status":"closed","ping_status":"closed","sticky":false,"template":"","format":"standard","meta":{"footnotes":""},"categories":[436,254,439],"tags":[],"class_list":["post-206979","post","type-post","status-publish","format-standard","has-post-thumbnail","hentry","category-destaque-da-semana","category-politica","category-ultima-hora"],"_links":{"self":[{"href":"https:\/\/diarioregionaldigital.com.br\/index.php?rest_route=\/wp\/v2\/posts\/206979","targetHints":{"allow":["GET"]}}],"collection":[{"href":"https:\/\/diarioregionaldigital.com.br\/index.php?rest_route=\/wp\/v2\/posts"}],"about":[{"href":"https:\/\/diarioregionaldigital.com.br\/index.php?rest_route=\/wp\/v2\/types\/post"}],"author":[{"embeddable":true,"href":"https:\/\/diarioregionaldigital.com.br\/index.php?rest_route=\/wp\/v2\/users\/246"}],"replies":[{"embeddable":true,"href":"https:\/\/diarioregionaldigital.com.br\/index.php?rest_route=%2Fwp%2Fv2%2Fcomments&post=206979"}],"version-history":[{"count":1,"href":"https:\/\/diarioregionaldigital.com.br\/index.php?rest_route=\/wp\/v2\/posts\/206979\/revisions"}],"predecessor-version":[{"id":206981,"href":"https:\/\/diarioregionaldigital.com.br\/index.php?rest_route=\/wp\/v2\/posts\/206979\/revisions\/206981"}],"wp:featuredmedia":[{"embeddable":true,"href":"https:\/\/diarioregionaldigital.com.br\/index.php?rest_route=\/wp\/v2\/media\/206980"}],"wp:attachment":[{"href":"https:\/\/diarioregionaldigital.com.br\/index.php?rest_route=%2Fwp%2Fv2%2Fmedia&parent=206979"}],"wp:term":[{"taxonomy":"category","embeddable":true,"href":"https:\/\/diarioregionaldigital.com.br\/index.php?rest_route=%2Fwp%2Fv2%2Fcategories&post=206979"},{"taxonomy":"post_tag","embeddable":true,"href":"https:\/\/diarioregionaldigital.com.br\/index.php?rest_route=%2Fwp%2Fv2%2Ftags&post=206979"}],"curies":[{"name":"wp","href":"https:\/\/api.w.org\/{rel}","templated":true}]}}