{"id":206976,"date":"2022-11-24T14:43:37","date_gmt":"2022-11-24T17:43:37","guid":{"rendered":"https:\/\/diarioregionaldigital.com.br\/?p=206976"},"modified":"2022-11-24T14:43:37","modified_gmt":"2022-11-24T17:43:37","slug":"camara-instaura-comissao-para-analisar-pec-sobre-piso-da-enfermagem","status":"publish","type":"post","link":"https:\/\/diarioregionaldigital.com.br\/?p=206976","title":{"rendered":"C\u00e2mara instaura comiss\u00e3o para analisar PEC sobre piso da enfermagem"},"content":{"rendered":"<p>A C\u00e2mara dos Deputados instituiu nesta\u00a0quarta-feira (23) a comiss\u00e3o especial para analisar a Proposta de Emenda \u00e0 Constitui\u00e7\u00e3o que permitir\u00e1 a amplia\u00e7\u00e3o de limite de despesas com pessoal ativo nas \u00e1reas da sa\u00fade e da educa\u00e7\u00e3o.<img decoding=\"async\" src=\"https:\/\/agenciabrasil.ebc.com.br\/ebc.png?id=1495216&amp;o=node\" \/><img decoding=\"async\" src=\"https:\/\/agenciabrasil.ebc.com.br\/ebc.gif?id=1495216&amp;o=node\" \/><\/p>\n<p>O texto\u00a0tem o objetivo de viabilizar\u00a0o piso salarial da enfermagem, que est\u00e1 suspenso por\u00a0<a href=\"https:\/\/agenciabrasil.ebc.com.br\/justica\/noticia\/2022-09\/pacheco-e-barroso-discutem-decisao-que-suspendeu-piso-da-enfermagem\" target=\"_blank\" rel=\"noopener\">decis\u00e3o<\/a>\u00a0do Supremo Tribunal Federal (STF) diante da indefini\u00e7\u00e3o sobre fontes de financiamento.\u00a0L\u00edderes partid\u00e1rios devem indicar\u00a034 titulares e 34 suplentes que participar\u00e3o da comiss\u00e3o para que o colegiado seja\u00a0formalmente\u00a0instalado.<\/p>\n<p>A deputada Carmen Zanotto (Cidadania-SC), relatora do piso salarial, afirmou que\u00a0ser\u00e1 inclu\u00edda ao texto da PEC outra proposta\u00a0que autoriza a utiliza\u00e7\u00e3o do super\u00e1vit de fundos p\u00fablicos federais no financiamento dos novos sal\u00e1rios m\u00ednimos da categoria.<\/p>\n<p>\u201cA enfermagem n\u00e3o pode esperar. Por isso, vamos instalar o mais rapidamente poss\u00edvel essa comiss\u00e3o especial e vamos garantir o relat\u00f3rio tamb\u00e9m no prazo das 10 sess\u00f5es. Com essa iniciativa parlamentar, vamos garantindo parte das fontes de financiamento atendendo a estados, munic\u00edpios, e uni\u00e3o e tamb\u00e9m atendendo os hospitais filantr\u00f3picos\u201d, disse.<\/p>\n<p>O deputado Mauro Benevides Filho afirmou que a proposta de sua autoria define a fonte de recursos do pagamento do piso salarial da enfermagem em todo o pa\u00eds sem comprometer as receitas tribut\u00e1rias dos entes federativos.<\/p>\n<p>\u201cEstamos de tratando exclusivamente do super\u00e1vit financeiro dos fundos federais \u2013 entre R$ 10 bilh\u00f5es e 11 bilh\u00f5es \u2013 para o pagamento do piso\u201d, explicou.<\/p>\n<p><span style=\"font-weight: 400;\"><br \/>\n<\/span><span style=\"font-weight: 400;\">Fonte: Ag\u00eancia Brasil <\/span><\/p>\n","protected":false},"excerpt":{"rendered":"<p>A C\u00e2mara dos Deputados instituiu nesta\u00a0quarta-feira (23) a comiss\u00e3o especial para analisar a Proposta de Emenda \u00e0 Constitui\u00e7\u00e3o que permitir\u00e1 a amplia\u00e7\u00e3o de limite de despesas com pessoal ativo nas \u00e1reas da sa\u00fade e da educa\u00e7\u00e3o. O texto\u00a0tem o objetivo de viabilizar\u00a0o piso salarial da enfermagem, que est\u00e1 suspenso por\u00a0decis\u00e3o\u00a0do Supremo Tribunal Federal (STF) diante [&hellip;]<\/p>\n","protected":false},"author":246,"featured_media":206977,"comment_status":"closed","ping_status":"closed","sticky":false,"template":"","format":"standard","meta":{"footnotes":""},"categories":[436,254,439],"tags":[],"class_list":["post-206976","post","type-post","status-publish","format-standard","has-post-thumbnail","hentry","category-destaque-da-semana","category-politica","category-ultima-hora"],"_links":{"self":[{"href":"https:\/\/diarioregionaldigital.com.br\/index.php?rest_route=\/wp\/v2\/posts\/206976","targetHints":{"allow":["GET"]}}],"collection":[{"href":"https:\/\/diarioregionaldigital.com.br\/index.php?rest_route=\/wp\/v2\/posts"}],"about":[{"href":"https:\/\/diarioregionaldigital.com.br\/index.php?rest_route=\/wp\/v2\/types\/post"}],"author":[{"embeddable":true,"href":"https:\/\/diarioregionaldigital.com.br\/index.php?rest_route=\/wp\/v2\/users\/246"}],"replies":[{"embeddable":true,"href":"https:\/\/diarioregionaldigital.com.br\/index.php?rest_route=%2Fwp%2Fv2%2Fcomments&post=206976"}],"version-history":[{"count":1,"href":"https:\/\/diarioregionaldigital.com.br\/index.php?rest_route=\/wp\/v2\/posts\/206976\/revisions"}],"predecessor-version":[{"id":206978,"href":"https:\/\/diarioregionaldigital.com.br\/index.php?rest_route=\/wp\/v2\/posts\/206976\/revisions\/206978"}],"wp:featuredmedia":[{"embeddable":true,"href":"https:\/\/diarioregionaldigital.com.br\/index.php?rest_route=\/wp\/v2\/media\/206977"}],"wp:attachment":[{"href":"https:\/\/diarioregionaldigital.com.br\/index.php?rest_route=%2Fwp%2Fv2%2Fmedia&parent=206976"}],"wp:term":[{"taxonomy":"category","embeddable":true,"href":"https:\/\/diarioregionaldigital.com.br\/index.php?rest_route=%2Fwp%2Fv2%2Fcategories&post=206976"},{"taxonomy":"post_tag","embeddable":true,"href":"https:\/\/diarioregionaldigital.com.br\/index.php?rest_route=%2Fwp%2Fv2%2Ftags&post=206976"}],"curies":[{"name":"wp","href":"https:\/\/api.w.org\/{rel}","templated":true}]}}