{"id":206969,"date":"2022-11-24T14:36:33","date_gmt":"2022-11-24T17:36:33","guid":{"rendered":"https:\/\/diarioregionaldigital.com.br\/?p=206969"},"modified":"2022-11-24T14:36:33","modified_gmt":"2022-11-24T17:36:33","slug":"aneel-tarifa-de-energia-eletrica-deve-subir-em-media-56-em-2023","status":"publish","type":"post","link":"https:\/\/diarioregionaldigital.com.br\/?p=206969","title":{"rendered":"Aneel: tarifa de energia el\u00e9trica deve subir, em m\u00e9dia, 5,6% em 2023"},"content":{"rendered":"<p>A Ag\u00eancia Nacional de Energia El\u00e9trica (Aneel) estima que a tarifa de energia el\u00e9trica deve subir, em m\u00e9dia, 5,6% em 2023. O dado foi apresentado nesta\u00a0quarta-feira (23) ao grupo de Minas e Energia do governo de transi\u00e7\u00e3o.<img decoding=\"async\" src=\"https:\/\/agenciabrasil.ebc.com.br\/ebc.png?id=1495256&amp;o=node\" \/><img decoding=\"async\" src=\"https:\/\/agenciabrasil.ebc.com.br\/ebc.gif?id=1495256&amp;o=node\" \/><\/p>\n<p>A proje\u00e7\u00e3o da ag\u00eancia \u00e9 que, no pr\u00f3ximo ano, sete distribuidoras tenham reajuste superior a 10%; 15 distribuidoras, reajuste entre 5% e 10%; 17 distribuidoras, reajuste entre 0% e 5%; e 13 distribuidoras, reajuste inferior a 0%.<\/p>\n<p>No relat\u00f3rio apresentado durante a reuni\u00e3o com o grupo de transi\u00e7\u00e3o, a Aneel destacou que os percentuais de reajuste dependem de premissas que podem ser alteradas at\u00e9 a homologa\u00e7\u00e3o dos processos tarif\u00e1rios.<\/p>\n<p>No encontro com o grupo de Minas e Energia, foram abordados ainda temas como a abertura do mercado livre, a evolu\u00e7\u00e3o das tarifas, a qualidade do servi\u00e7o, quest\u00f5es relativas \u00e0 tarifa social, universaliza\u00e7\u00e3o, qualidade do servi\u00e7o e satisfa\u00e7\u00e3o do usu\u00e1rio.<\/p>\n<p>\u201cA Aneel apresentou durante o encontro um panorama das principais quest\u00f5es em discuss\u00e3o no setor el\u00e9trico, relativas aos segmentos de gera\u00e7\u00e3o, transmiss\u00e3o, distribui\u00e7\u00e3o e comercializa\u00e7\u00e3o, al\u00e9m dos temas que est\u00e3o atualmente em debate que merecem maior aten\u00e7\u00e3o da equipe de transi\u00e7\u00e3o\u201d, informou a ag\u00eancia.<\/p>\n<p><span style=\"font-weight: 400;\">Fonte: Ag\u00eancia Brasil <\/span><\/p>\n","protected":false},"excerpt":{"rendered":"<p>A Ag\u00eancia Nacional de Energia El\u00e9trica (Aneel) estima que a tarifa de energia el\u00e9trica deve subir, em m\u00e9dia, 5,6% em 2023. O dado foi apresentado nesta\u00a0quarta-feira (23) ao grupo de Minas e Energia do governo de transi\u00e7\u00e3o. A proje\u00e7\u00e3o da ag\u00eancia \u00e9 que, no pr\u00f3ximo ano, sete distribuidoras tenham reajuste superior a 10%; 15 distribuidoras, [&hellip;]<\/p>\n","protected":false},"author":246,"featured_media":206970,"comment_status":"closed","ping_status":"closed","sticky":false,"template":"","format":"standard","meta":{"footnotes":""},"categories":[436,261,439],"tags":[],"class_list":["post-206969","post","type-post","status-publish","format-standard","has-post-thumbnail","hentry","category-destaque-da-semana","category-economia","category-ultima-hora"],"_links":{"self":[{"href":"https:\/\/diarioregionaldigital.com.br\/index.php?rest_route=\/wp\/v2\/posts\/206969","targetHints":{"allow":["GET"]}}],"collection":[{"href":"https:\/\/diarioregionaldigital.com.br\/index.php?rest_route=\/wp\/v2\/posts"}],"about":[{"href":"https:\/\/diarioregionaldigital.com.br\/index.php?rest_route=\/wp\/v2\/types\/post"}],"author":[{"embeddable":true,"href":"https:\/\/diarioregionaldigital.com.br\/index.php?rest_route=\/wp\/v2\/users\/246"}],"replies":[{"embeddable":true,"href":"https:\/\/diarioregionaldigital.com.br\/index.php?rest_route=%2Fwp%2Fv2%2Fcomments&post=206969"}],"version-history":[{"count":1,"href":"https:\/\/diarioregionaldigital.com.br\/index.php?rest_route=\/wp\/v2\/posts\/206969\/revisions"}],"predecessor-version":[{"id":206971,"href":"https:\/\/diarioregionaldigital.com.br\/index.php?rest_route=\/wp\/v2\/posts\/206969\/revisions\/206971"}],"wp:featuredmedia":[{"embeddable":true,"href":"https:\/\/diarioregionaldigital.com.br\/index.php?rest_route=\/wp\/v2\/media\/206970"}],"wp:attachment":[{"href":"https:\/\/diarioregionaldigital.com.br\/index.php?rest_route=%2Fwp%2Fv2%2Fmedia&parent=206969"}],"wp:term":[{"taxonomy":"category","embeddable":true,"href":"https:\/\/diarioregionaldigital.com.br\/index.php?rest_route=%2Fwp%2Fv2%2Fcategories&post=206969"},{"taxonomy":"post_tag","embeddable":true,"href":"https:\/\/diarioregionaldigital.com.br\/index.php?rest_route=%2Fwp%2Fv2%2Ftags&post=206969"}],"curies":[{"name":"wp","href":"https:\/\/api.w.org\/{rel}","templated":true}]}}