{"id":206953,"date":"2022-11-23T22:00:36","date_gmt":"2022-11-24T01:00:36","guid":{"rendered":"https:\/\/diarioregionaldigital.com.br\/?p=206953"},"modified":"2022-11-23T22:00:36","modified_gmt":"2022-11-24T01:00:36","slug":"pjf-entra-na-reta-final-da-pavimentacao-de-mais-uma-via","status":"publish","type":"post","link":"https:\/\/diarioregionaldigital.com.br\/?p=206953","title":{"rendered":"PJF entra na reta final da pavimenta\u00e7\u00e3o de mais uma via"},"content":{"rendered":"<p>Segundo informa\u00e7\u00f5es do site da Prefeitura de Juiz de Fora (PJF), oferecer mais conforto e seguran\u00e7a no tr\u00e2nsito \u00e9 mais um dos objetivos do Programa Boniteza. Nesta quarta-feira, 23, as equipes da Prefeitura de Juiz de Fora (PJF) deram sequ\u00eancia a pavimenta\u00e7\u00e3o asf\u00e1ltica da Rua Professor Godinho, no bairro Mariano Proc\u00f3pio, com extens\u00e3o de 200 metros.<\/p>\n<p>A previs\u00e3o \u00e9 que a pavimenta\u00e7\u00e3o seja finalizada nesta quinta-feira, 24, com uso de cerca de 180 toneladas de CBUQ (massa asf\u00e1ltica). A Rua Professor Godinho \u00e9 uma importante via de liga\u00e7\u00e3o entre as avenidas Brasil, Henrique Burnier e Coronel Vidal.<\/p>\n<p>Nos pr\u00f3ximos dias as equipes da Empresa Municipal de Pavimenta\u00e7\u00e3o e Urbanidades realizar\u00e3o a pavimenta\u00e7\u00e3o asf\u00e1ltica em outras vias de Juiz de Fora.<\/p>\n<p>Os trabalhos seguem em andamento em v\u00e1rios pontos da cidade e a programa\u00e7\u00e3o completa das atividades realizadas pela Empav pode ser acompanhada diariamente atrav\u00e9s da p\u00e1gina do Gabinete de A\u00e7\u00e3o e Di\u00e1logo Comunit\u00e1rio, pelo link.<\/p>\n<p>Todas as a\u00e7\u00f5es de reestrutura\u00e7\u00e3o, urbaniza\u00e7\u00e3o e zeladoria realizadas pela Empresa Municipal de Pavimenta\u00e7\u00e3o e Urbanidades (Empav) fazem parte do Programa Boniteza. Estes e outros servi\u00e7os podem ser solicitados atrav\u00e9s do Gabinete de A\u00e7\u00e3o e Di\u00e1logo Comunit\u00e1rio, que recebe e organiza pedidos relativos a interven\u00e7\u00f5es e melhorias urbanas. O contato pode ser feito por liga\u00e7\u00e3o telef\u00f4nica, pelo n\u00famero (32) 3690-7241 ou, ainda, via WhatsApp, utilizando o mesmo n\u00famero.<\/p>\n","protected":false},"excerpt":{"rendered":"<p>Segundo informa\u00e7\u00f5es do site da Prefeitura de Juiz de Fora (PJF), oferecer mais conforto e seguran\u00e7a no tr\u00e2nsito \u00e9 mais um dos objetivos do Programa Boniteza. Nesta quarta-feira, 23, as equipes da Prefeitura de Juiz de Fora (PJF) deram sequ\u00eancia a pavimenta\u00e7\u00e3o asf\u00e1ltica da Rua Professor Godinho, no bairro Mariano Proc\u00f3pio, com extens\u00e3o de 200 [&hellip;]<\/p>\n","protected":false},"author":246,"featured_media":206954,"comment_status":"closed","ping_status":"closed","sticky":false,"template":"","format":"standard","meta":{"footnotes":""},"categories":[253,436,439],"tags":[],"class_list":["post-206953","post","type-post","status-publish","format-standard","has-post-thumbnail","hentry","category-cidade","category-destaque-da-semana","category-ultima-hora"],"_links":{"self":[{"href":"https:\/\/diarioregionaldigital.com.br\/index.php?rest_route=\/wp\/v2\/posts\/206953","targetHints":{"allow":["GET"]}}],"collection":[{"href":"https:\/\/diarioregionaldigital.com.br\/index.php?rest_route=\/wp\/v2\/posts"}],"about":[{"href":"https:\/\/diarioregionaldigital.com.br\/index.php?rest_route=\/wp\/v2\/types\/post"}],"author":[{"embeddable":true,"href":"https:\/\/diarioregionaldigital.com.br\/index.php?rest_route=\/wp\/v2\/users\/246"}],"replies":[{"embeddable":true,"href":"https:\/\/diarioregionaldigital.com.br\/index.php?rest_route=%2Fwp%2Fv2%2Fcomments&post=206953"}],"version-history":[{"count":1,"href":"https:\/\/diarioregionaldigital.com.br\/index.php?rest_route=\/wp\/v2\/posts\/206953\/revisions"}],"predecessor-version":[{"id":206955,"href":"https:\/\/diarioregionaldigital.com.br\/index.php?rest_route=\/wp\/v2\/posts\/206953\/revisions\/206955"}],"wp:featuredmedia":[{"embeddable":true,"href":"https:\/\/diarioregionaldigital.com.br\/index.php?rest_route=\/wp\/v2\/media\/206954"}],"wp:attachment":[{"href":"https:\/\/diarioregionaldigital.com.br\/index.php?rest_route=%2Fwp%2Fv2%2Fmedia&parent=206953"}],"wp:term":[{"taxonomy":"category","embeddable":true,"href":"https:\/\/diarioregionaldigital.com.br\/index.php?rest_route=%2Fwp%2Fv2%2Fcategories&post=206953"},{"taxonomy":"post_tag","embeddable":true,"href":"https:\/\/diarioregionaldigital.com.br\/index.php?rest_route=%2Fwp%2Fv2%2Ftags&post=206953"}],"curies":[{"name":"wp","href":"https:\/\/api.w.org\/{rel}","templated":true}]}}