{"id":206810,"date":"2022-11-21T19:11:25","date_gmt":"2022-11-21T22:11:25","guid":{"rendered":"https:\/\/diarioregionaldigital.com.br\/?p=206810"},"modified":"2022-11-21T19:11:25","modified_gmt":"2022-11-21T22:11:25","slug":"gilmar-mendes-suspende-investigacao-sobre-fraudes-na-fgv","status":"publish","type":"post","link":"https:\/\/diarioregionaldigital.com.br\/?p=206810","title":{"rendered":"Gilmar Mendes suspende investiga\u00e7\u00e3o sobre fraudes na FGV"},"content":{"rendered":"<p>O ministro Gilmar Mendes, do Supremo Tribunal Federal (STF), suspendeu a opera\u00e7\u00e3o da Pol\u00edcia Federal (PF) que apurava um suposto esquema de corrup\u00e7\u00e3o, fraude e lavagem de dinheiro na Funda\u00e7\u00e3o Getulio Vargas (FGV). Mendes determinou a transfer\u00eancia da investiga\u00e7\u00e3o para a Justi\u00e7a estadual do Rio de Janeiro.<img decoding=\"async\" src=\"https:\/\/agenciabrasil.ebc.com.br\/ebc.png?id=1494477&amp;o=node\" \/><img decoding=\"async\" src=\"https:\/\/agenciabrasil.ebc.com.br\/ebc.gif?id=1494477&amp;o=node\" \/><\/p>\n<p>De acordo com Mendes, a Justi\u00e7a Federal n\u00e3o tem compet\u00eancia para investigar pessoas, atos e institui\u00e7\u00f5es sem rela\u00e7\u00e3o com a Uni\u00e3o, como ocorre com a FGV. O ministro mandou notificar as corregedorias do Conselho Nacional de Justi\u00e7a (CNJ) e do Conselho Nacional do Minist\u00e9rio P\u00fablico (CNMP) sob o argumento de que h\u00e1 \u201creiterado descumprimento de decis\u00f5es\u201d do STF sobre a compet\u00eancia da Opera\u00e7\u00e3o Lava Jato no Rio de Janeiro por ju\u00edzes e procuradores.<\/p>\n<p>\u201cEntendo que houve mais uma indevida atua\u00e7\u00e3o expansiva por parte da Justi\u00e7a Federal no Rio de Janeiro, uma vez que n\u00e3o consta da decis\u00e3o que deflagrou a denominada opera\u00e7\u00e3o Sofisma os espec\u00edficos elementos indicativos da compet\u00eancia do ju\u00edzo de primeiro grau para o processamento dos fatos sob investiga\u00e7\u00e3o\u201d, escreveu no despacho, emitido sexta-feira (18) \u00e0 noite.<\/p>\n<p>O ministro tamb\u00e9m questionou o fato de a opera\u00e7\u00e3o da Pol\u00edcia Federal basear-se na dela\u00e7\u00e3o do ex-governador do Rio S\u00e9rgio Cabral. Mendes tamb\u00e9m criticou os bloqueios de bens impostos sobre os investigados, assim como a proibi\u00e7\u00e3o do acesso de um grande grupo de pessoas \u00e0s depend\u00eancias a aos sistemas da FGV.<\/p>\n<h2>Entenda<\/h2>\n<p>Na \u00faltima quinta-feira (17), a Opera\u00e7\u00e3o Sofisma, da Pol\u00edcia Federal,\u00a0<a href=\"https:\/\/agenciabrasil.ebc.com.br\/geral\/noticia\/2022-11\/pf-investiga-corrupcao-em-instituicao-de-ensino-privada\" target=\"_blank\" rel=\"noopener\">cumpriu 29 mandados de busca<\/a>\u00a0e apreens\u00e3o no Rio de Janeiro e em S\u00e3o Paulo. Segundo a PF, havia um esquema de corrup\u00e7\u00e3o, fraude em licita\u00e7\u00f5es, evas\u00e3o de divisas e lavagem de dinheiro praticado por uma organiza\u00e7\u00e3o criminosa dentro da funda\u00e7\u00e3o. Segundo a PF, o esquema envolvia \u00f3rg\u00e3os federais e estaduais, que contratavam a FGV com dispensa de licita\u00e7\u00e3o.<\/p>\n<p>Entre os alvos das buscas, estavam tr\u00eas integrantes da fam\u00edlia Simonsen, fundadora da FGV. No entanto, o presidente da funda\u00e7\u00e3o, Carlos Ivan Simonsen Leal, n\u00e3o foi citado na opera\u00e7\u00e3o.<\/p>\n<p>Em sua defesa, a FGV disse que\u00a0<a href=\"https:\/\/agenciabrasil.ebc.com.br\/geral\/noticia\/2022-11\/fgv-diz-que-operacao-sofisma-da-pf-traz-temas-requentados\" target=\"_blank\" rel=\"noopener\">a Pol\u00edcia Federal &#8220;requentou&#8221; temas<\/a>\u00a0j\u00e1 sepultados pela Justi\u00e7a estadual. \u201cCausa, pois, estranheza e profunda indigna\u00e7\u00e3o a reitera\u00e7\u00e3o, na esfera federal, de temas j\u00e1 sepultados perante a justi\u00e7a estadual que, agora requentados, maculam gravemente a imagem de uma entidade que, h\u00e1 mais de 70 anos, tanto contribui para o desenvolvimento do Brasil, que, atualmente, \u00e9 a 3\u00aa mais respeitada institui\u00e7\u00e3o do mundo, em sua \u00e1rea de atua\u00e7\u00e3o\u201d, critica a institui\u00e7\u00e3o.<\/p>\n<p><span style=\"font-weight: 400;\"><br \/>\n<\/span><span style=\"font-weight: 400;\">Fonte: Ag\u00eancia Brasil <\/span><\/p>\n","protected":false},"excerpt":{"rendered":"<p>O ministro Gilmar Mendes, do Supremo Tribunal Federal (STF), suspendeu a opera\u00e7\u00e3o da Pol\u00edcia Federal (PF) que apurava um suposto esquema de corrup\u00e7\u00e3o, fraude e lavagem de dinheiro na Funda\u00e7\u00e3o Getulio Vargas (FGV). Mendes determinou a transfer\u00eancia da investiga\u00e7\u00e3o para a Justi\u00e7a estadual do Rio de Janeiro. De acordo com Mendes, a Justi\u00e7a Federal n\u00e3o [&hellip;]<\/p>\n","protected":false},"author":246,"featured_media":206811,"comment_status":"closed","ping_status":"closed","sticky":false,"template":"","format":"standard","meta":{"footnotes":""},"categories":[436,254,439],"tags":[],"class_list":["post-206810","post","type-post","status-publish","format-standard","has-post-thumbnail","hentry","category-destaque-da-semana","category-politica","category-ultima-hora"],"_links":{"self":[{"href":"https:\/\/diarioregionaldigital.com.br\/index.php?rest_route=\/wp\/v2\/posts\/206810","targetHints":{"allow":["GET"]}}],"collection":[{"href":"https:\/\/diarioregionaldigital.com.br\/index.php?rest_route=\/wp\/v2\/posts"}],"about":[{"href":"https:\/\/diarioregionaldigital.com.br\/index.php?rest_route=\/wp\/v2\/types\/post"}],"author":[{"embeddable":true,"href":"https:\/\/diarioregionaldigital.com.br\/index.php?rest_route=\/wp\/v2\/users\/246"}],"replies":[{"embeddable":true,"href":"https:\/\/diarioregionaldigital.com.br\/index.php?rest_route=%2Fwp%2Fv2%2Fcomments&post=206810"}],"version-history":[{"count":1,"href":"https:\/\/diarioregionaldigital.com.br\/index.php?rest_route=\/wp\/v2\/posts\/206810\/revisions"}],"predecessor-version":[{"id":206812,"href":"https:\/\/diarioregionaldigital.com.br\/index.php?rest_route=\/wp\/v2\/posts\/206810\/revisions\/206812"}],"wp:featuredmedia":[{"embeddable":true,"href":"https:\/\/diarioregionaldigital.com.br\/index.php?rest_route=\/wp\/v2\/media\/206811"}],"wp:attachment":[{"href":"https:\/\/diarioregionaldigital.com.br\/index.php?rest_route=%2Fwp%2Fv2%2Fmedia&parent=206810"}],"wp:term":[{"taxonomy":"category","embeddable":true,"href":"https:\/\/diarioregionaldigital.com.br\/index.php?rest_route=%2Fwp%2Fv2%2Fcategories&post=206810"},{"taxonomy":"post_tag","embeddable":true,"href":"https:\/\/diarioregionaldigital.com.br\/index.php?rest_route=%2Fwp%2Fv2%2Ftags&post=206810"}],"curies":[{"name":"wp","href":"https:\/\/api.w.org\/{rel}","templated":true}]}}