{"id":206807,"date":"2022-11-21T19:10:09","date_gmt":"2022-11-21T22:10:09","guid":{"rendered":"https:\/\/diarioregionaldigital.com.br\/?p=206807"},"modified":"2022-11-21T19:10:09","modified_gmt":"2022-11-21T22:10:09","slug":"stf-suspende-julgamento-de-prisao-especial-para-curso-superior","status":"publish","type":"post","link":"https:\/\/diarioregionaldigital.com.br\/?p=206807","title":{"rendered":"STF suspende julgamento de pris\u00e3o especial para curso superior"},"content":{"rendered":"<p>Um dia ap\u00f3s o in\u00edcio do julgamento, o Supremo Tribunal Federal (STF) suspendeu a an\u00e1lise da a\u00e7\u00e3o que questiona a pris\u00e3o especial por quem tem curso superior. O ministro Dias Toffoli pediu vista\u00a0ontem (19) e paralisou o andamento do processo.<img decoding=\"async\" src=\"https:\/\/agenciabrasil.ebc.com.br\/ebc.png?id=1494530&amp;o=node\" \/><img decoding=\"async\" src=\"https:\/\/agenciabrasil.ebc.com.br\/ebc.gif?id=1494530&amp;o=node\" \/><\/p>\n<p>O julgamento tinha come\u00e7ado na \u00faltima sexta-feira (18) no plen\u00e1rio virtual do STF. O relator do caso, ministro Alexandre de Moraes, e a ministra C\u00e1rmen L\u00facia tinham votado para derrubar o direito de pris\u00e3o especial, com cela solit\u00e1ria, para portadores de diploma de curso superior.<\/p>\n<p>Em 2015, o ent\u00e3o procurador-geral da Rep\u00fablica, Rodrigo Janot, apresentou uma A\u00e7\u00e3o de Descumprimento de Preceito Fundamental (ADPF)\u00a0<a href=\"https:\/\/agenciabrasil.ebc.com.br\/geral\/noticia\/2015-03\/janot-pede-que-stf-estude-fim-da-prisao-especial-para-quem-tem-curso-superior\" target=\"_blank\" rel=\"noopener\">contra a pris\u00e3o especial para quem tem curso superior<\/a>. Segundo ele, o grau de escolaridade n\u00e3o tem rela\u00e7\u00e3o l\u00f3gica com a distin\u00e7\u00e3o na forma de pris\u00e3o nem com as finalidades buscadas pela Constitui\u00e7\u00e3o.<\/p>\n<p>No relat\u00f3rio, Moraes escreveu que o benef\u00edcio \u00e9 inconstitucional e fere o princ\u00edpio da isonomia. Segundo o ministro, a pris\u00e3o especial transmite a \u201cinaceit\u00e1vel mensagem\u201d de que pessoas sem n\u00edvel superior &#8220;n\u00e3o se tornaram pessoas dignas de tratamento especial por parte do Estado, no caso, de uma pris\u00e3o especial&#8221; e contrap\u00f5e-se aos objetivos da Constitui\u00e7\u00e3o de construir uma sociedade justa e de reduzir as desigualdades sociais.<\/p>\n<p>O STF n\u00e3o tem prazo para retomar o julgamento. Uma nova data depender\u00e1 de quando Toffoli devolver\u00e1 o pedido de vista e apresentar\u00e1 seu voto.<\/p>\n<p><span style=\"font-weight: 400;\">Fonte: Ag\u00eancia Brasil <\/span><\/p>\n","protected":false},"excerpt":{"rendered":"<p>Um dia ap\u00f3s o in\u00edcio do julgamento, o Supremo Tribunal Federal (STF) suspendeu a an\u00e1lise da a\u00e7\u00e3o que questiona a pris\u00e3o especial por quem tem curso superior. O ministro Dias Toffoli pediu vista\u00a0ontem (19) e paralisou o andamento do processo. O julgamento tinha come\u00e7ado na \u00faltima sexta-feira (18) no plen\u00e1rio virtual do STF. O relator [&hellip;]<\/p>\n","protected":false},"author":246,"featured_media":206808,"comment_status":"closed","ping_status":"closed","sticky":false,"template":"","format":"standard","meta":{"footnotes":""},"categories":[436,254,439],"tags":[],"class_list":["post-206807","post","type-post","status-publish","format-standard","has-post-thumbnail","hentry","category-destaque-da-semana","category-politica","category-ultima-hora"],"_links":{"self":[{"href":"https:\/\/diarioregionaldigital.com.br\/index.php?rest_route=\/wp\/v2\/posts\/206807","targetHints":{"allow":["GET"]}}],"collection":[{"href":"https:\/\/diarioregionaldigital.com.br\/index.php?rest_route=\/wp\/v2\/posts"}],"about":[{"href":"https:\/\/diarioregionaldigital.com.br\/index.php?rest_route=\/wp\/v2\/types\/post"}],"author":[{"embeddable":true,"href":"https:\/\/diarioregionaldigital.com.br\/index.php?rest_route=\/wp\/v2\/users\/246"}],"replies":[{"embeddable":true,"href":"https:\/\/diarioregionaldigital.com.br\/index.php?rest_route=%2Fwp%2Fv2%2Fcomments&post=206807"}],"version-history":[{"count":1,"href":"https:\/\/diarioregionaldigital.com.br\/index.php?rest_route=\/wp\/v2\/posts\/206807\/revisions"}],"predecessor-version":[{"id":206809,"href":"https:\/\/diarioregionaldigital.com.br\/index.php?rest_route=\/wp\/v2\/posts\/206807\/revisions\/206809"}],"wp:featuredmedia":[{"embeddable":true,"href":"https:\/\/diarioregionaldigital.com.br\/index.php?rest_route=\/wp\/v2\/media\/206808"}],"wp:attachment":[{"href":"https:\/\/diarioregionaldigital.com.br\/index.php?rest_route=%2Fwp%2Fv2%2Fmedia&parent=206807"}],"wp:term":[{"taxonomy":"category","embeddable":true,"href":"https:\/\/diarioregionaldigital.com.br\/index.php?rest_route=%2Fwp%2Fv2%2Fcategories&post=206807"},{"taxonomy":"post_tag","embeddable":true,"href":"https:\/\/diarioregionaldigital.com.br\/index.php?rest_route=%2Fwp%2Fv2%2Ftags&post=206807"}],"curies":[{"name":"wp","href":"https:\/\/api.w.org\/{rel}","templated":true}]}}