{"id":206804,"date":"2022-11-21T19:07:53","date_gmt":"2022-11-21T22:07:53","guid":{"rendered":"https:\/\/diarioregionaldigital.com.br\/?p=206804"},"modified":"2022-11-21T19:07:53","modified_gmt":"2022-11-21T22:07:53","slug":"presidente-da-camara-dos-deputados-defende-uso-do-orcamento-secreto","status":"publish","type":"post","link":"https:\/\/diarioregionaldigital.com.br\/?p=206804","title":{"rendered":"Presidente da C\u00e2mara dos Deputados defende uso do or\u00e7amento secreto"},"content":{"rendered":"<p>O presidente da C\u00e2mara dos Deputados, Arthur Lira, defendeu\u00a0hoje\u00a0(21) o chamado or\u00e7amento secreto \u2013 as emendas de relator-geral \u00e0 Lei Or\u00e7ament\u00e1ria Anual. As emendas v\u00eam sendo criticadas por extrapolarem a fun\u00e7\u00e3o original de fazer ajustes ao Or\u00e7amento e por serem usadas para fazer altera\u00e7\u00f5es substanciais, sem ampla discuss\u00e3o, na utiliza\u00e7\u00e3o dos recursos p\u00fablicos.\u00a0<img decoding=\"async\" src=\"https:\/\/agenciabrasil.ebc.com.br\/ebc.png?id=1494676&amp;o=node\" \/><img decoding=\"async\" src=\"https:\/\/agenciabrasil.ebc.com.br\/ebc.gif?id=1494676&amp;o=node\" \/><\/p>\n<p>\u201cO or\u00e7amento mal fadado a que chamam de secreto \u00e9 municipalista, \u00e9 amplo, \u00e9 democr\u00e1tico\u201d, disse o presidente da C\u00e2mara, em\u00a0palestra proferida na Associa\u00e7\u00e3o Brasileira de Atacadistas e Distribuidores de Produtos Industrializados.<\/p>\n<p>Segundo Lira, o or\u00e7amento controlado pelo Congresso permite mais capilaridade e precis\u00e3o na aplica\u00e7\u00e3o dos recursos do que aquele que\u00a0fica a cargo exclusivo do governo federal. \u201cEssa escolha [de onde aplicar os recursos] \u00e9 aleat\u00f3ria, \u00e9 pela press\u00e3o do parlamentar, que, muitas vezes, tinha que ficar 5 ou 6 horas na antessala de um ministro com uma pasta debaixo do bra\u00e7o\u201d, disse.<\/p>\n<p>O presidente da C\u00e2mara rebateu ainda as cr\u00edticas de que o sistema foi usado para melhorar a rela\u00e7\u00e3o do governo federal com o Congresso. \u201cEssa democratiza\u00e7\u00e3o\u00a0foi feita e deram a impress\u00e3o de que esse or\u00e7amento era para privilegiar o governo de agora, quando\u00a0n\u00e3o [\u00e9 verdade].\u00a0Qualquer governo quer o or\u00e7amento para si. Mas no mundo todo e no Brasil n\u00e3o ser\u00e1 diferente.\u00a0O Or\u00e7amento \u00e9 fruto de discuss\u00e3o, de vota\u00e7\u00e3o, de remanejamento, de fiscaliza\u00e7\u00e3o, do Poder Legislativo. O Poder Executivo ent\u00e3o somente tem que executar\u201d, acrescentou.<\/p>\n<p>Lira defendeu ainda que, nos pr\u00f3ximos anos, o Congresso n\u00e3o s\u00f3 mantenha esse poder de decis\u00e3o sobre o Or\u00e7amento como tamb\u00e9m que amplie a atua\u00e7\u00e3o sobre as pol\u00edticas p\u00fablicas. \u201c\u00c9 errado retroceder. N\u00f3s avan\u00e7amos um pouco nas prerrogativas que, ao longo dos anos, n\u00f3s abrimos m\u00e3o. Nossa luta, em Bras\u00edlia, \u00e9 para que essas prerrogativas permane\u00e7am, cres\u00e7am para que se chegue ao limite do constitucional\u201d, enfatizou.<\/p>\n<p>Na opini\u00e3o dele, deveria ser aberto, inclusive, um debate sobre a redu\u00e7\u00e3o da import\u00e2ncia da Presid\u00eancia da Rep\u00fablica com ado\u00e7\u00e3o de um regime semiparlamentarista. &#8220;Defendo tamb\u00e9m que o Brasil deveria discutir, com muita clareza, sem press\u00e3o eleitoral, a mudan\u00e7a do sistema para um semipresidencialismo. N\u00e3o seria para 2022, n\u00e3o ser\u00e1 para 2026, quem sabe para 2030.\u201d<\/p>\n<p><span style=\"font-weight: 400;\">Fonte: Ag\u00eancia Brasil <\/span><\/p>\n","protected":false},"excerpt":{"rendered":"<p>O presidente da C\u00e2mara dos Deputados, Arthur Lira, defendeu\u00a0hoje\u00a0(21) o chamado or\u00e7amento secreto \u2013 as emendas de relator-geral \u00e0 Lei Or\u00e7ament\u00e1ria Anual. As emendas v\u00eam sendo criticadas por extrapolarem a fun\u00e7\u00e3o original de fazer ajustes ao Or\u00e7amento e por serem usadas para fazer altera\u00e7\u00f5es substanciais, sem ampla discuss\u00e3o, na utiliza\u00e7\u00e3o dos recursos p\u00fablicos.\u00a0 \u201cO or\u00e7amento [&hellip;]<\/p>\n","protected":false},"author":246,"featured_media":206805,"comment_status":"closed","ping_status":"closed","sticky":false,"template":"","format":"standard","meta":{"footnotes":""},"categories":[436,440,254,439],"tags":[],"class_list":["post-206804","post","type-post","status-publish","format-standard","has-post-thumbnail","hentry","category-destaque-da-semana","category-destaques-do-dia","category-politica","category-ultima-hora"],"_links":{"self":[{"href":"https:\/\/diarioregionaldigital.com.br\/index.php?rest_route=\/wp\/v2\/posts\/206804","targetHints":{"allow":["GET"]}}],"collection":[{"href":"https:\/\/diarioregionaldigital.com.br\/index.php?rest_route=\/wp\/v2\/posts"}],"about":[{"href":"https:\/\/diarioregionaldigital.com.br\/index.php?rest_route=\/wp\/v2\/types\/post"}],"author":[{"embeddable":true,"href":"https:\/\/diarioregionaldigital.com.br\/index.php?rest_route=\/wp\/v2\/users\/246"}],"replies":[{"embeddable":true,"href":"https:\/\/diarioregionaldigital.com.br\/index.php?rest_route=%2Fwp%2Fv2%2Fcomments&post=206804"}],"version-history":[{"count":1,"href":"https:\/\/diarioregionaldigital.com.br\/index.php?rest_route=\/wp\/v2\/posts\/206804\/revisions"}],"predecessor-version":[{"id":206806,"href":"https:\/\/diarioregionaldigital.com.br\/index.php?rest_route=\/wp\/v2\/posts\/206804\/revisions\/206806"}],"wp:featuredmedia":[{"embeddable":true,"href":"https:\/\/diarioregionaldigital.com.br\/index.php?rest_route=\/wp\/v2\/media\/206805"}],"wp:attachment":[{"href":"https:\/\/diarioregionaldigital.com.br\/index.php?rest_route=%2Fwp%2Fv2%2Fmedia&parent=206804"}],"wp:term":[{"taxonomy":"category","embeddable":true,"href":"https:\/\/diarioregionaldigital.com.br\/index.php?rest_route=%2Fwp%2Fv2%2Fcategories&post=206804"},{"taxonomy":"post_tag","embeddable":true,"href":"https:\/\/diarioregionaldigital.com.br\/index.php?rest_route=%2Fwp%2Fv2%2Ftags&post=206804"}],"curies":[{"name":"wp","href":"https:\/\/api.w.org\/{rel}","templated":true}]}}