{"id":206794,"date":"2022-11-21T18:45:06","date_gmt":"2022-11-21T21:45:06","guid":{"rendered":"https:\/\/diarioregionaldigital.com.br\/?p=206794"},"modified":"2022-11-21T18:45:06","modified_gmt":"2022-11-21T21:45:06","slug":"investimento-de-pessoa-fisica-em-renda-variavel-cresce-35","status":"publish","type":"post","link":"https:\/\/diarioregionaldigital.com.br\/?p=206794","title":{"rendered":"Investimento de pessoa f\u00edsica em renda vari\u00e1vel cresce 35%"},"content":{"rendered":"<p>Levantamento da B3, bolsa de valores de S\u00e3o Paulo, mostra que o n\u00famero de pessoas f\u00edsicas que investem em renda vari\u00e1vel cresceu 35% no terceiro trimestre de 2022 na compara\u00e7\u00e3o com igual per\u00edodo do ano passado, passando de 3,3 milh\u00f5es em 2021 para 4,6 milh\u00f5es neste ano. Na compara\u00e7\u00e3o com o segundo bimestre, houve um aumento de 200 mil investidores.<img decoding=\"async\" src=\"https:\/\/agenciabrasil.ebc.com.br\/ebc.png?id=1494655&amp;o=node\" \/><img decoding=\"async\" src=\"https:\/\/agenciabrasil.ebc.com.br\/ebc.gif?id=1494655&amp;o=node\" \/><\/p>\n<p>Renda vari\u00e1vel s\u00e3o ativos em que o retorno financeiro n\u00e3o pode ser dimensionado no momento da aplica\u00e7\u00e3o. Ela pode variar positivamente ou negativamente, conforme as expectativas do mercado.<\/p>\n<p>O estudo mostra que houve aumento nas negocia\u00e7\u00f5es e no valor de todas as modalidades de investimento na bolsa. O n\u00famero de investidores em produtos de renda fixa passou de 9,6 milh\u00f5es para 12,6 milh\u00f5es, o que reflete a alta da taxa Selic. O Tesouro Direto, por sua vez, \u00e9 op\u00e7\u00e3o de investimento para cerca de 2,1 milh\u00f5es de pessoas f\u00edsicas, com alta de 25% no terceiro trimestre em rela\u00e7\u00e3o a igual per\u00edodo de 2021.<\/p>\n<p>Em nota, Felipe Paiva, diretor de Relacionamento com Clientes e Pessoa F\u00edsica da B3, disse que os n\u00fameros mostram que o brasileiro tem buscado diversifica\u00e7\u00e3o de investimentos para al\u00e9m da poupan\u00e7a. Segundo ele, isso demonstra o potencial desse segmento e explica \u201co saldo positivo e crescimento recorrente do n\u00famero de pessoas f\u00edsicas nos \u00faltimos anos\u201d.<\/p>\n<p>A B3 fez um estudo complementar para avaliar o comportamento de investidores pessoa f\u00edsica em outubro, m\u00eas das elei\u00e7\u00f5es. O levantamento mostrou que houve crescimento no n\u00famero de pessoas f\u00edsicas, inclusive com aumento no volume negociado e na participa\u00e7\u00e3o em cust\u00f3dia dos ativos. \u201cO volume m\u00e9dio negociado por dia no mercado \u00e0 vista de renda vari\u00e1vel aumentou 18%, passando de R$ 7,8 bilh\u00f5es para R$ 9,2 bilh\u00f5es\u201d, aponta o estudo.<\/p>\n<p>Os dados mostram ainda que, entre as 106 mil pessoas que come\u00e7aram a investir em renda vari\u00e1vel no m\u00eas de setembro, 31% fizeram a primeira opera\u00e7\u00e3o com valor de at\u00e9 R$ 40. Outros 29% fizeram investimentos com valores entre R$ 40 e R$ 200. \u201cIsso refor\u00e7a que mais brasileiros t\u00eam descoberto que \u00e9 poss\u00edvel come\u00e7ar a investir em renda vari\u00e1vel com t\u00edquetes de entrada menores e t\u00eam buscado experimentar novas op\u00e7\u00f5es\u201d, disse a B3.<\/p>\n<p>As pessoas f\u00edsicas representam 16% de todo o volume negociado no mercado \u00e0 vista na bolsa de valores de S\u00e3o Paulo.<\/p>\n<p><span style=\"font-weight: 400;\"><br \/>\n<\/span><span style=\"font-weight: 400;\">Fonte: Ag\u00eancia Brasil <\/span><\/p>\n","protected":false},"excerpt":{"rendered":"<p>Levantamento da B3, bolsa de valores de S\u00e3o Paulo, mostra que o n\u00famero de pessoas f\u00edsicas que investem em renda vari\u00e1vel cresceu 35% no terceiro trimestre de 2022 na compara\u00e7\u00e3o com igual per\u00edodo do ano passado, passando de 3,3 milh\u00f5es em 2021 para 4,6 milh\u00f5es neste ano. Na compara\u00e7\u00e3o com o segundo bimestre, houve um [&hellip;]<\/p>\n","protected":false},"author":246,"featured_media":206795,"comment_status":"closed","ping_status":"closed","sticky":false,"template":"","format":"standard","meta":{"footnotes":""},"categories":[436,261,439],"tags":[],"class_list":["post-206794","post","type-post","status-publish","format-standard","has-post-thumbnail","hentry","category-destaque-da-semana","category-economia","category-ultima-hora"],"_links":{"self":[{"href":"https:\/\/diarioregionaldigital.com.br\/index.php?rest_route=\/wp\/v2\/posts\/206794","targetHints":{"allow":["GET"]}}],"collection":[{"href":"https:\/\/diarioregionaldigital.com.br\/index.php?rest_route=\/wp\/v2\/posts"}],"about":[{"href":"https:\/\/diarioregionaldigital.com.br\/index.php?rest_route=\/wp\/v2\/types\/post"}],"author":[{"embeddable":true,"href":"https:\/\/diarioregionaldigital.com.br\/index.php?rest_route=\/wp\/v2\/users\/246"}],"replies":[{"embeddable":true,"href":"https:\/\/diarioregionaldigital.com.br\/index.php?rest_route=%2Fwp%2Fv2%2Fcomments&post=206794"}],"version-history":[{"count":1,"href":"https:\/\/diarioregionaldigital.com.br\/index.php?rest_route=\/wp\/v2\/posts\/206794\/revisions"}],"predecessor-version":[{"id":206796,"href":"https:\/\/diarioregionaldigital.com.br\/index.php?rest_route=\/wp\/v2\/posts\/206794\/revisions\/206796"}],"wp:featuredmedia":[{"embeddable":true,"href":"https:\/\/diarioregionaldigital.com.br\/index.php?rest_route=\/wp\/v2\/media\/206795"}],"wp:attachment":[{"href":"https:\/\/diarioregionaldigital.com.br\/index.php?rest_route=%2Fwp%2Fv2%2Fmedia&parent=206794"}],"wp:term":[{"taxonomy":"category","embeddable":true,"href":"https:\/\/diarioregionaldigital.com.br\/index.php?rest_route=%2Fwp%2Fv2%2Fcategories&post=206794"},{"taxonomy":"post_tag","embeddable":true,"href":"https:\/\/diarioregionaldigital.com.br\/index.php?rest_route=%2Fwp%2Fv2%2Ftags&post=206794"}],"curies":[{"name":"wp","href":"https:\/\/api.w.org\/{rel}","templated":true}]}}