{"id":206791,"date":"2022-11-21T18:43:26","date_gmt":"2022-11-21T21:43:26","guid":{"rendered":"https:\/\/diarioregionaldigital.com.br\/?p=206791"},"modified":"2022-11-21T18:43:26","modified_gmt":"2022-11-21T21:43:26","slug":"bc-define-como-instituicoes-devem-registrar-creditos-de-carbono","status":"publish","type":"post","link":"https:\/\/diarioregionaldigital.com.br\/?p=206791","title":{"rendered":"BC define como institui\u00e7\u00f5es devem registrar cr\u00e9ditos de carbono"},"content":{"rendered":"<p>A partir de 1\u00ba de janeiro, as institui\u00e7\u00f5es financeiras dever\u00e3o padronizar a forma como registram os cr\u00e9ditos de carbono e os demais ativos de sustentabilidade. O Banco Central (BC) editou hoje (21) a\u00a0<a href=\"https:\/\/www.bcb.gov.br\/estabilidadefinanceira\/exibenormativo?tipo=Instru%C3%A7%C3%A3o%20Normativa%20BCB&amp;numero=325\" target=\"_blank\" rel=\"noopener\">instru\u00e7\u00e3o normativa<\/a>\u00a0para regulamentar a contabilidade de instrumentos financeiros ligados a mecanismos de sustentabilidade clim\u00e1tica e socioambiental.<img decoding=\"async\" src=\"https:\/\/agenciabrasil.ebc.com.br\/ebc.png?id=1494678&amp;o=node\" \/><img decoding=\"async\" src=\"https:\/\/agenciabrasil.ebc.com.br\/ebc.gif?id=1494678&amp;o=node\" \/><\/p>\n<p>Em nota, o BC informou que a medida contribuir\u00e1 para o crescimento dessas opera\u00e7\u00f5es ao definir os crit\u00e9rios como esses ativos s\u00e3o reconhecidos e classificados nos balan\u00e7os das institui\u00e7\u00f5es financeiras. Segundo o \u00f3rg\u00e3o, a regulamenta\u00e7\u00e3o tamb\u00e9m aumentar\u00e1 a transpar\u00eancia no setor.<\/p>\n<p>&#8220;A medida tem como objetivo dar maior transpar\u00eancia \u00e0 utiliza\u00e7\u00e3o desses ativos pelas institui\u00e7\u00f5es financeiras, assim como dirimir eventuais incertezas e padronizar o seu registro cont\u00e1bil, de modo que o BC possa monitorar os ativos de sustentabilidade mantidos por essas institui\u00e7\u00f5es em suas carteiras de investimento, acompanhar a evolu\u00e7\u00e3o do mercado e, quando necess\u00e1rio, adotar medidas de forma tempestiva&#8221;, disse o BC em nota.<\/p>\n<p>Entre os ativos de sustentabilidade est\u00e3o os cr\u00e9ditos de carbono e de descarboniza\u00e7\u00e3o, instrumentos usados quando um emissor de g\u00e1s carb\u00f4nico quer financiar projetos. A regulamenta\u00e7\u00e3o estabelece que esses ativos ser\u00e3o classificados dependendo da forma como ser\u00e3o administrados pela institui\u00e7\u00e3o financeira.<\/p>\n<h2>Registro<\/h2>\n<p>Se for comprado para venda futura e para a gera\u00e7\u00e3o de lucros com base nas varia\u00e7\u00f5es dos pre\u00e7os de mercado, o ativo de sustentabilidade registrado pelo valor justo (valor no momento do balan\u00e7o), com os ganhos e as perdas inclu\u00eddos no c\u00e1lculo dos lucros ou dos preju\u00edzos trimestrais. Caso a institui\u00e7\u00e3o compre o ativo para usar nas pr\u00f3prias atividades, ele ser\u00e1 medido pelo menor valor entre o custo de compra e o valor justo, prevalecendo o menor montante.<\/p>\n<p>As duas formas de registro est\u00e3o previstas em resolu\u00e7\u00f5es do Conselho Monet\u00e1rio Nacional (CMN) editadas no ano passado. Caso n\u00e3o sigam o modelo, as institui\u00e7\u00f5es financeiras que fazem o registro de outra forma dever\u00e3o atualizar os valores. Se estiverem listados em outras rubricas cont\u00e1beis, os ativos dever\u00e3o ser reclassificados a partir de janeiro.<\/p>\n<p>A instru\u00e7\u00e3o normativa tamb\u00e9m regulamenta o registro de eventuais obriga\u00e7\u00f5es, legais ou n\u00e3o, assumidas pelas institui\u00e7\u00f5es financeiras ao comprarem ou venderem ativos de sustentabilidade. Os compromissos dever\u00e3o ser registrados nos t\u00edtulos cont\u00e1beis destinados \u00e0 provis\u00e3o para conting\u00eancias (reserva para imprevistos). Segundo o BC, todos os crit\u00e9rios est\u00e3o alinhados com as melhores pr\u00e1ticas internacionais de contabilidade.<\/p>\n<p><span style=\"font-weight: 400;\">Fonte: Ag\u00eancia Brasil <\/span><\/p>\n","protected":false},"excerpt":{"rendered":"<p>A partir de 1\u00ba de janeiro, as institui\u00e7\u00f5es financeiras dever\u00e3o padronizar a forma como registram os cr\u00e9ditos de carbono e os demais ativos de sustentabilidade. O Banco Central (BC) editou hoje (21) a\u00a0instru\u00e7\u00e3o normativa\u00a0para regulamentar a contabilidade de instrumentos financeiros ligados a mecanismos de sustentabilidade clim\u00e1tica e socioambiental. Em nota, o BC informou que a [&hellip;]<\/p>\n","protected":false},"author":246,"featured_media":206792,"comment_status":"closed","ping_status":"closed","sticky":false,"template":"","format":"standard","meta":{"footnotes":""},"categories":[436,440,261,439],"tags":[],"class_list":["post-206791","post","type-post","status-publish","format-standard","has-post-thumbnail","hentry","category-destaque-da-semana","category-destaques-do-dia","category-economia","category-ultima-hora"],"_links":{"self":[{"href":"https:\/\/diarioregionaldigital.com.br\/index.php?rest_route=\/wp\/v2\/posts\/206791","targetHints":{"allow":["GET"]}}],"collection":[{"href":"https:\/\/diarioregionaldigital.com.br\/index.php?rest_route=\/wp\/v2\/posts"}],"about":[{"href":"https:\/\/diarioregionaldigital.com.br\/index.php?rest_route=\/wp\/v2\/types\/post"}],"author":[{"embeddable":true,"href":"https:\/\/diarioregionaldigital.com.br\/index.php?rest_route=\/wp\/v2\/users\/246"}],"replies":[{"embeddable":true,"href":"https:\/\/diarioregionaldigital.com.br\/index.php?rest_route=%2Fwp%2Fv2%2Fcomments&post=206791"}],"version-history":[{"count":1,"href":"https:\/\/diarioregionaldigital.com.br\/index.php?rest_route=\/wp\/v2\/posts\/206791\/revisions"}],"predecessor-version":[{"id":206793,"href":"https:\/\/diarioregionaldigital.com.br\/index.php?rest_route=\/wp\/v2\/posts\/206791\/revisions\/206793"}],"wp:featuredmedia":[{"embeddable":true,"href":"https:\/\/diarioregionaldigital.com.br\/index.php?rest_route=\/wp\/v2\/media\/206792"}],"wp:attachment":[{"href":"https:\/\/diarioregionaldigital.com.br\/index.php?rest_route=%2Fwp%2Fv2%2Fmedia&parent=206791"}],"wp:term":[{"taxonomy":"category","embeddable":true,"href":"https:\/\/diarioregionaldigital.com.br\/index.php?rest_route=%2Fwp%2Fv2%2Fcategories&post=206791"},{"taxonomy":"post_tag","embeddable":true,"href":"https:\/\/diarioregionaldigital.com.br\/index.php?rest_route=%2Fwp%2Fv2%2Ftags&post=206791"}],"curies":[{"name":"wp","href":"https:\/\/api.w.org\/{rel}","templated":true}]}}