{"id":206783,"date":"2022-11-18T19:59:44","date_gmt":"2022-11-18T22:59:44","guid":{"rendered":"https:\/\/diarioregionaldigital.com.br\/?p=206783"},"modified":"2022-11-18T19:59:44","modified_gmt":"2022-11-18T22:59:44","slug":"prefeitura-realiza-intervencoes-preventivas-em-arvores-da-cidade","status":"publish","type":"post","link":"https:\/\/diarioregionaldigital.com.br\/?p=206783","title":{"rendered":"Prefeitura realiza interven\u00e7\u00f5es preventivas em \u00e1rvores da cidade"},"content":{"rendered":"<p>Segundo informa\u00e7\u00f5es do site da Prefeitura de Juiz de Fora (PJF), com a chegada do per\u00edodo chuvoso a Prefeitura de Juiz de Fora (PJF) tem intensificado as a\u00e7\u00f5es de preven\u00e7\u00e3o de acidentes na cidade. Nesta semana, equipes da PJF estiveram em diversos bairros para realizar cortes e podas dr\u00e1sticas em \u00e1rvores que podem oferecer algum risco \u00e0 popula\u00e7\u00e3o.<br \/>\nUma das opera\u00e7\u00f5es foi realizada na Avenida Rio Branco, na altura do Mergulh\u00e3o. No local foram cortadas quatro esp\u00e9cies de grande porte que, j\u00e1 sem vida, ofereciam risco de acidentes com queda de galhos e tronco. Al\u00e9m dos cortes, foram realizadas podas dr\u00e1sticas, que causam grande impacto visual, mas que garantem a sobreviv\u00eancia dos arbustos.<br \/>\n<strong>Import\u00e2ncia das a\u00e7\u00f5es preventivas<\/strong><br \/>\nDesde o in\u00edcio do ano, a Empresa Municipal de Pavimenta\u00e7\u00e3o e Urbanidades (Empav) j\u00e1 realizou mais de 4200 podas de \u00e1rvores na cidade, atendendo, inclusive, as principais e mais movimentadas vias da cidade, como as avenidas Rio Branco, Itamar Franco, Paulo Japiassu Coelho e Deusdedith Salgado.<br \/>\nTais interven\u00e7\u00f5es reduzem de maneira significativa os riscos de acidentes e quedas durante fortes temporais, evitando preju\u00edzos e perdas para toda a popula\u00e7\u00e3o.<br \/>\n<strong>Solicita\u00e7\u00e3o de podas e cortes<\/strong><br \/>\nTodas as a\u00e7\u00f5es de zeladoria realizadas pela Empav fazem parte do Programa Boniteza. Os servi\u00e7os relativos a poda e corte de \u00e1rvores em logradouros p\u00fablicos podem ser solicitados atrav\u00e9s do Gabinete de A\u00e7\u00e3o e Di\u00e1logo Comunit\u00e1rio, que recebe e organiza pedidos relativos a interven\u00e7\u00f5es e melhorias urbanas. O contato pode ser feito por liga\u00e7\u00e3o telef\u00f4nica, pelo n\u00famero (32) 3690-7241 ou, ainda, via WhatsApp, utilizando o mesmo n\u00famero.<\/p>\n","protected":false},"excerpt":{"rendered":"<p>Segundo informa\u00e7\u00f5es do site da Prefeitura de Juiz de Fora (PJF), com a chegada do per\u00edodo chuvoso a Prefeitura de Juiz de Fora (PJF) tem intensificado as a\u00e7\u00f5es de preven\u00e7\u00e3o de acidentes na cidade. Nesta semana, equipes da PJF estiveram em diversos bairros para realizar cortes e podas dr\u00e1sticas em \u00e1rvores que podem oferecer algum [&hellip;]<\/p>\n","protected":false},"author":246,"featured_media":206784,"comment_status":"closed","ping_status":"closed","sticky":false,"template":"","format":"standard","meta":{"footnotes":""},"categories":[253,436,439],"tags":[],"class_list":["post-206783","post","type-post","status-publish","format-standard","has-post-thumbnail","hentry","category-cidade","category-destaque-da-semana","category-ultima-hora"],"_links":{"self":[{"href":"https:\/\/diarioregionaldigital.com.br\/index.php?rest_route=\/wp\/v2\/posts\/206783","targetHints":{"allow":["GET"]}}],"collection":[{"href":"https:\/\/diarioregionaldigital.com.br\/index.php?rest_route=\/wp\/v2\/posts"}],"about":[{"href":"https:\/\/diarioregionaldigital.com.br\/index.php?rest_route=\/wp\/v2\/types\/post"}],"author":[{"embeddable":true,"href":"https:\/\/diarioregionaldigital.com.br\/index.php?rest_route=\/wp\/v2\/users\/246"}],"replies":[{"embeddable":true,"href":"https:\/\/diarioregionaldigital.com.br\/index.php?rest_route=%2Fwp%2Fv2%2Fcomments&post=206783"}],"version-history":[{"count":1,"href":"https:\/\/diarioregionaldigital.com.br\/index.php?rest_route=\/wp\/v2\/posts\/206783\/revisions"}],"predecessor-version":[{"id":206785,"href":"https:\/\/diarioregionaldigital.com.br\/index.php?rest_route=\/wp\/v2\/posts\/206783\/revisions\/206785"}],"wp:featuredmedia":[{"embeddable":true,"href":"https:\/\/diarioregionaldigital.com.br\/index.php?rest_route=\/wp\/v2\/media\/206784"}],"wp:attachment":[{"href":"https:\/\/diarioregionaldigital.com.br\/index.php?rest_route=%2Fwp%2Fv2%2Fmedia&parent=206783"}],"wp:term":[{"taxonomy":"category","embeddable":true,"href":"https:\/\/diarioregionaldigital.com.br\/index.php?rest_route=%2Fwp%2Fv2%2Fcategories&post=206783"},{"taxonomy":"post_tag","embeddable":true,"href":"https:\/\/diarioregionaldigital.com.br\/index.php?rest_route=%2Fwp%2Fv2%2Ftags&post=206783"}],"curies":[{"name":"wp","href":"https:\/\/api.w.org\/{rel}","templated":true}]}}