{"id":206780,"date":"2022-11-18T19:57:23","date_gmt":"2022-11-18T22:57:23","guid":{"rendered":"https:\/\/diarioregionaldigital.com.br\/?p=206780"},"modified":"2022-11-18T19:57:23","modified_gmt":"2022-11-18T22:57:23","slug":"na-segunda-feira-acontecera-a-estreia-do-21a-edicao-do-festival-primeiro-plano-e-tera-58-filmes","status":"publish","type":"post","link":"https:\/\/diarioregionaldigital.com.br\/?p=206780","title":{"rendered":"Na segunda-feira acontecer\u00e1 a estreia do 21\u00aa edi\u00e7\u00e3o do Festival Primeiro Plano e ter\u00e1 58 filmes"},"content":{"rendered":"<p>Segundo informa\u00e7\u00f5es do site da Prefeitura de Juiz de Fora (PJF), cerca de 58 filmes foram selecionados para a 21\u00aa edi\u00e7\u00e3o do Primeiro Plano &#8211; Festival de Cinema de Juiz de Fora e Mercocidades, que come\u00e7a na pr\u00f3xima segunda-feira, 21, e segue at\u00e9 o dia 26. As exibi\u00e7\u00f5es ser\u00e3o realizadas presencialmente, no Shopping Alameda, com entrada franca. Al\u00e9m das exibi\u00e7\u00f5es de curtas e longas-metragens, tamb\u00e9m ser\u00e3o oferecidas oficinas gratuitas de produ\u00e7\u00e3o audiovisual no Centro Cultural Bernardo Mascarenhas (CCBM), Escola de Artes Pr\u00f3-M\u00fasica e Anfiteatro Jo\u00e3o Carri\u00e7o.<\/p>\n<p>Durante os seis dias de programa\u00e7\u00e3o, o p\u00fablico poder\u00e1 conferir 24 filmes na Mostra Competitiva Mercocidades e 34 da Mostra Competitiva Regional, que re\u00fane produ\u00e7\u00e3o desenvolvida por realizadores da Zona da Mata de Minas Gerais. A programa\u00e7\u00e3o completa do festival pode ser acessada no Instagram @primeiroplano e no\u00a0<a href=\"http:\/\/primeiroplano.art.br\/\"><strong>site<\/strong><\/a>.<\/p>\n<p>As inscri\u00e7\u00f5es para as oficinas podem ser feitas pelo\u00a0<a href=\"https:\/\/primeiroplano.art.br\/inscricoes-abertas-oficinas-primeiro-plano-2022\/\"><strong>link<\/strong><\/a>. As op\u00e7\u00f5es oferecidas nesta edi\u00e7\u00e3o s\u00e3o:<br \/>\n&#8211; Assist\u00eancia de Dire\u00e7\u00e3o, com Renan Barbosa Brand\u00e3o;<\/p>\n<p>&#8211; Capta\u00e7\u00e3o e Edi\u00e7\u00e3o de Som para Di\u00e1logos, com Andr\u00e9 Medeiros;<\/p>\n<p>&#8211; Fazendo V\u00eddeos no Meu Telefone, com Rodrigo Carneiro;<\/p>\n<p>&#8211; Escrita para S\u00e9ries de Fic\u00e7\u00e3o, com Alice Marcone;<\/p>\n<p>&#8211; Narra\u00e7\u00e3o \u2013 Acessibiliza\u00e7\u00e3o de filmes para Inclus\u00e3o de Pessoas com Defici\u00eancia Visual, com Patr\u00edcia Almeida<\/p>\n<p>O Primeiro Plano 2022 \u2013 Festival de Cinema de Juiz de Fora e Mercocidades \u00e9 uma realiza\u00e7\u00e3o do coletivo Luzes da Cidade, formado por um grupo de cin\u00e9filos e produtores culturais, e tem apoio da Prefeitura de Juiz de Fora (PJF), por meio da Funda\u00e7\u00e3o Cultural Alfredo Ferreira Lage (Funalfa). O evento tem como objetivo incentivar e dar visibilidade a diretores estreantes da regi\u00e3o e da Am\u00e9rica do Sul.<\/p>\n","protected":false},"excerpt":{"rendered":"<p>Segundo informa\u00e7\u00f5es do site da Prefeitura de Juiz de Fora (PJF), cerca de 58 filmes foram selecionados para a 21\u00aa edi\u00e7\u00e3o do Primeiro Plano &#8211; Festival de Cinema de Juiz de Fora e Mercocidades, que come\u00e7a na pr\u00f3xima segunda-feira, 21, e segue at\u00e9 o dia 26. As exibi\u00e7\u00f5es ser\u00e3o realizadas presencialmente, no Shopping Alameda, com [&hellip;]<\/p>\n","protected":false},"author":246,"featured_media":206781,"comment_status":"closed","ping_status":"closed","sticky":false,"template":"","format":"standard","meta":{"footnotes":""},"categories":[253,436,439],"tags":[],"class_list":["post-206780","post","type-post","status-publish","format-standard","has-post-thumbnail","hentry","category-cidade","category-destaque-da-semana","category-ultima-hora"],"_links":{"self":[{"href":"https:\/\/diarioregionaldigital.com.br\/index.php?rest_route=\/wp\/v2\/posts\/206780","targetHints":{"allow":["GET"]}}],"collection":[{"href":"https:\/\/diarioregionaldigital.com.br\/index.php?rest_route=\/wp\/v2\/posts"}],"about":[{"href":"https:\/\/diarioregionaldigital.com.br\/index.php?rest_route=\/wp\/v2\/types\/post"}],"author":[{"embeddable":true,"href":"https:\/\/diarioregionaldigital.com.br\/index.php?rest_route=\/wp\/v2\/users\/246"}],"replies":[{"embeddable":true,"href":"https:\/\/diarioregionaldigital.com.br\/index.php?rest_route=%2Fwp%2Fv2%2Fcomments&post=206780"}],"version-history":[{"count":1,"href":"https:\/\/diarioregionaldigital.com.br\/index.php?rest_route=\/wp\/v2\/posts\/206780\/revisions"}],"predecessor-version":[{"id":206782,"href":"https:\/\/diarioregionaldigital.com.br\/index.php?rest_route=\/wp\/v2\/posts\/206780\/revisions\/206782"}],"wp:featuredmedia":[{"embeddable":true,"href":"https:\/\/diarioregionaldigital.com.br\/index.php?rest_route=\/wp\/v2\/media\/206781"}],"wp:attachment":[{"href":"https:\/\/diarioregionaldigital.com.br\/index.php?rest_route=%2Fwp%2Fv2%2Fmedia&parent=206780"}],"wp:term":[{"taxonomy":"category","embeddable":true,"href":"https:\/\/diarioregionaldigital.com.br\/index.php?rest_route=%2Fwp%2Fv2%2Fcategories&post=206780"},{"taxonomy":"post_tag","embeddable":true,"href":"https:\/\/diarioregionaldigital.com.br\/index.php?rest_route=%2Fwp%2Fv2%2Ftags&post=206780"}],"curies":[{"name":"wp","href":"https:\/\/api.w.org\/{rel}","templated":true}]}}