{"id":206776,"date":"2022-11-18T19:54:59","date_gmt":"2022-11-18T22:54:59","guid":{"rendered":"https:\/\/diarioregionaldigital.com.br\/?p=206776"},"modified":"2022-11-18T19:54:59","modified_gmt":"2022-11-18T22:54:59","slug":"programa-de-atividade-fisica-e-qualidade-de-vida-participa-de-evento-neste-domingo-20-no-cine-theatro-central","status":"publish","type":"post","link":"https:\/\/diarioregionaldigital.com.br\/?p=206776","title":{"rendered":"Programa de Atividade F\u00edsica e Qualidade de Vida participa de evento neste domingo, 20, no Cine-Theatro Central"},"content":{"rendered":"<p>Segundo informa\u00e7\u00f5es do site da Prefeitura de Juiz de Fora (PJF), o Programa de Atividade F\u00edsica e Qualidade de Vida (PAFQV) da Prefeitura de Juiz de Fora (PJF) participar\u00e1 neste domingo, 20, a partir das 20h, da segunda edi\u00e7\u00e3o do \u201cFestival P\u00e9s de Valsa: dan\u00e7as de sal\u00e3o em cena\u201d. Desenvolvido atrav\u00e9s do Departamento de Ambi\u00eancia Organizacional da Secretaria de Recursos Humanos, o PAFQV levar\u00e1 ao palco do Cine-Theatro Central apresenta\u00e7\u00f5es de tango, salsa, bachata e valsa.<\/p>\n<p>O evento re\u00fane institui\u00e7\u00f5es p\u00fablicas e privadas que se dedicam a esta arte em Juiz de Fora. A entrada \u00e9 gratuita, mediante troca de convites (j\u00e1 dispon\u00edveis) por alimentos n\u00e3o perec\u00edveis, na recep\u00e7\u00e3o do teatro (at\u00e9 esta sexta \u00e0s 17h30), nos espa\u00e7os de dan\u00e7a envolvidos, na Sopa dos Pobres e na Faefid. Os alimentos arrecadados ser\u00e3o destinados para a Institui\u00e7\u00e3o Sopa dos Pobres.<\/p>\n<p>Neste ano, a proposta do festival \u00e9 homenagear o Dia Nacional da Consci\u00eancia Negra, resgatando as origens do samba. Outras manifesta\u00e7\u00f5es est\u00e3o na programa\u00e7\u00e3o do evento, com apresenta\u00e7\u00f5es iniciais de batuque, lundu, maxixe e samba. Na sequ\u00eancia, acontecem performances de bolero, tango, soltinho, zouk, bachata, salsa e valsa.<\/p>\n<p><strong>Dan\u00e7ando o Bem arrecada mais de 300 quilos de alimentos n\u00e3o perec\u00edveis<\/strong><\/p>\n<p>O 4\u00ba Dan\u00e7ando o Bem foi realizado em\u00a0<a href=\"https:\/\/www.pjf.mg.gov.br\/noticias\/view.php?modo=link2&amp;idnoticia2=77541\"><strong>outubro no Teatro Paschoal Carlos Magno<\/strong><\/a>, levando emo\u00e7\u00e3o ao palco sem deixar de lado a colabora\u00e7\u00e3o com quem mais precisa. Mais de 300 kg de alimentos foram doados pela plateia que lotou o teatro. Macarr\u00e3o, a\u00e7\u00facar, fub\u00e1, farinha, feij\u00e3o, arroz, canjiquinha, p\u00f3 de caf\u00e9, leite, biscoitos, al\u00e9m de milho, \u00f3leo de soja, entre outros itens, foram entregues \u00e0 Sopa dos Pobres pela coordena\u00e7\u00e3o do PAFQV.<\/p>\n<p>A Sociedade Beneficente Sopa dos Pobres de Juiz de Fora, localizada na Rua Santo Ant\u00f4nio, n\u00ba 110, \u00e9 uma institui\u00e7\u00e3o que surgiu em 1910, a partir de uma iniciativa do casal Ludgero e Alcides Guimar\u00e3es Moreira para comemorar o anivers\u00e1rio da filha Dulce com um lanche para crian\u00e7as em situa\u00e7\u00e3o de vulnerabilidade social. Hoje, no local, s\u00e3o distribu\u00eddas gratuitamente cerca de 200 refei\u00e7\u00f5es por dia.<\/p>\n","protected":false},"excerpt":{"rendered":"<p>Segundo informa\u00e7\u00f5es do site da Prefeitura de Juiz de Fora (PJF), o Programa de Atividade F\u00edsica e Qualidade de Vida (PAFQV) da Prefeitura de Juiz de Fora (PJF) participar\u00e1 neste domingo, 20, a partir das 20h, da segunda edi\u00e7\u00e3o do \u201cFestival P\u00e9s de Valsa: dan\u00e7as de sal\u00e3o em cena\u201d. Desenvolvido atrav\u00e9s do Departamento de Ambi\u00eancia [&hellip;]<\/p>\n","protected":false},"author":246,"featured_media":206777,"comment_status":"closed","ping_status":"closed","sticky":false,"template":"","format":"standard","meta":{"footnotes":""},"categories":[253,436,439],"tags":[],"class_list":["post-206776","post","type-post","status-publish","format-standard","has-post-thumbnail","hentry","category-cidade","category-destaque-da-semana","category-ultima-hora"],"_links":{"self":[{"href":"https:\/\/diarioregionaldigital.com.br\/index.php?rest_route=\/wp\/v2\/posts\/206776","targetHints":{"allow":["GET"]}}],"collection":[{"href":"https:\/\/diarioregionaldigital.com.br\/index.php?rest_route=\/wp\/v2\/posts"}],"about":[{"href":"https:\/\/diarioregionaldigital.com.br\/index.php?rest_route=\/wp\/v2\/types\/post"}],"author":[{"embeddable":true,"href":"https:\/\/diarioregionaldigital.com.br\/index.php?rest_route=\/wp\/v2\/users\/246"}],"replies":[{"embeddable":true,"href":"https:\/\/diarioregionaldigital.com.br\/index.php?rest_route=%2Fwp%2Fv2%2Fcomments&post=206776"}],"version-history":[{"count":1,"href":"https:\/\/diarioregionaldigital.com.br\/index.php?rest_route=\/wp\/v2\/posts\/206776\/revisions"}],"predecessor-version":[{"id":206778,"href":"https:\/\/diarioregionaldigital.com.br\/index.php?rest_route=\/wp\/v2\/posts\/206776\/revisions\/206778"}],"wp:featuredmedia":[{"embeddable":true,"href":"https:\/\/diarioregionaldigital.com.br\/index.php?rest_route=\/wp\/v2\/media\/206777"}],"wp:attachment":[{"href":"https:\/\/diarioregionaldigital.com.br\/index.php?rest_route=%2Fwp%2Fv2%2Fmedia&parent=206776"}],"wp:term":[{"taxonomy":"category","embeddable":true,"href":"https:\/\/diarioregionaldigital.com.br\/index.php?rest_route=%2Fwp%2Fv2%2Fcategories&post=206776"},{"taxonomy":"post_tag","embeddable":true,"href":"https:\/\/diarioregionaldigital.com.br\/index.php?rest_route=%2Fwp%2Fv2%2Ftags&post=206776"}],"curies":[{"name":"wp","href":"https:\/\/api.w.org\/{rel}","templated":true}]}}