{"id":206772,"date":"2022-11-18T19:52:58","date_gmt":"2022-11-18T22:52:58","guid":{"rendered":"https:\/\/diarioregionaldigital.com.br\/?p=206772"},"modified":"2022-11-18T19:52:58","modified_gmt":"2022-11-18T22:52:58","slug":"procon-promove-acoes-de-fiscalizacao-e-orientacao-durante-periodo-da-black-friday","status":"publish","type":"post","link":"https:\/\/diarioregionaldigital.com.br\/?p=206772","title":{"rendered":"Procon promove a\u00e7\u00f5es de fiscaliza\u00e7\u00e3o e orienta\u00e7\u00e3o durante per\u00edodo da Black Friday"},"content":{"rendered":"<p>Segundo informa\u00e7\u00f5es do site da Prefeitura de Juiz de Fora (PJF), a Ag\u00eancia de Prote\u00e7\u00e3o e Defesa do Consumidor (Procon\/JF) da Prefeitura de Juiz de Fora (PJF) j\u00e1 come\u00e7ou a \u201cOpera\u00e7\u00e3o Black Friday\u201d com o objetivo de constatar se o com\u00e9rcio vai promover ofertas reais. Para isso, foi realizado monitoramento pr\u00e9vio dos pre\u00e7os. Com a compara\u00e7\u00e3o dos dados, sendo verificado se os descontos condizem com os valores divulgados.<\/p>\n<p>Se for constatada a oferta enganosa, o Procon abrir\u00e1 processo administrativo contra o com\u00e9rcio respons\u00e1vel pela pr\u00e1tica, podendo ser aplicadas multas. Caso perceba ind\u00edcios de oferta enganosa, o consumidor deve entrar em contato com o Procon para formalizar den\u00fancia. Neste caso, \u00e9 indispens\u00e1vel que se apresente documenta\u00e7\u00e3o comprobat\u00f3ria da situa\u00e7\u00e3o, como fotos, capturas de tela, panfletos, dentre outros. \u201cO consumidor tem o direito de ser ouvido em suas demandas; em contrapartida, tem o dever de participar, ativamente, no processo de cidadania, cooperando com a fiscaliza\u00e7\u00e3o do mercado de consumo\u201d, afirma a superintendente do Procon, Tainah Marrazzo.<\/p>\n<p>No dia oficial da \u201cBlack Friday\u201d, dia 25 de novembro, a equipe do Procon\/JF circular\u00e1 nos principais centros comerciais da cidade para verificar o cumprimento das regras do C\u00f3digo de Defesa do Consumidor (CDC). Al\u00e9m disso, o Procon M\u00f3vel estar\u00e1 estacionado, das 9h \u00e0s 17h, em frente ao Cine Theatro Central, no cal\u00e7ad\u00e3o da Rua Halfeld, \u00e0 disposi\u00e7\u00e3o dos consumidores para sanar d\u00favidas, registrar reclama\u00e7\u00f5es e acessar material educativo sobre consumo consciente.<\/p>\n<p>A secret\u00e1ria de Governo, Cidinha Louzada, ressalta que a iniciativa refor\u00e7a o compromisso da gest\u00e3o com a garantia de direitos. \u201cA Secretaria de Governo, por meio do Procon, est\u00e1 empenhada em orientar a popula\u00e7\u00e3o e realizar uma fiscaliza\u00e7\u00e3o efetiva. \u00c9 preciso coibir as pr\u00e1ticas irregulares e proporcionar meios para que as pessoas tenham conhecimento sobre as formas de defender seus direitos\u201d, pontua.<\/p>\n<p>Para mais informa\u00e7\u00f5es, entre em contato com 3690-7610 \/ 3690-7611.<\/p>\n","protected":false},"excerpt":{"rendered":"<p>Segundo informa\u00e7\u00f5es do site da Prefeitura de Juiz de Fora (PJF), a Ag\u00eancia de Prote\u00e7\u00e3o e Defesa do Consumidor (Procon\/JF) da Prefeitura de Juiz de Fora (PJF) j\u00e1 come\u00e7ou a \u201cOpera\u00e7\u00e3o Black Friday\u201d com o objetivo de constatar se o com\u00e9rcio vai promover ofertas reais. Para isso, foi realizado monitoramento pr\u00e9vio dos pre\u00e7os. Com a [&hellip;]<\/p>\n","protected":false},"author":246,"featured_media":206773,"comment_status":"closed","ping_status":"closed","sticky":false,"template":"","format":"standard","meta":{"footnotes":""},"categories":[253,436,440,439],"tags":[],"class_list":["post-206772","post","type-post","status-publish","format-standard","has-post-thumbnail","hentry","category-cidade","category-destaque-da-semana","category-destaques-do-dia","category-ultima-hora"],"_links":{"self":[{"href":"https:\/\/diarioregionaldigital.com.br\/index.php?rest_route=\/wp\/v2\/posts\/206772","targetHints":{"allow":["GET"]}}],"collection":[{"href":"https:\/\/diarioregionaldigital.com.br\/index.php?rest_route=\/wp\/v2\/posts"}],"about":[{"href":"https:\/\/diarioregionaldigital.com.br\/index.php?rest_route=\/wp\/v2\/types\/post"}],"author":[{"embeddable":true,"href":"https:\/\/diarioregionaldigital.com.br\/index.php?rest_route=\/wp\/v2\/users\/246"}],"replies":[{"embeddable":true,"href":"https:\/\/diarioregionaldigital.com.br\/index.php?rest_route=%2Fwp%2Fv2%2Fcomments&post=206772"}],"version-history":[{"count":2,"href":"https:\/\/diarioregionaldigital.com.br\/index.php?rest_route=\/wp\/v2\/posts\/206772\/revisions"}],"predecessor-version":[{"id":206775,"href":"https:\/\/diarioregionaldigital.com.br\/index.php?rest_route=\/wp\/v2\/posts\/206772\/revisions\/206775"}],"wp:featuredmedia":[{"embeddable":true,"href":"https:\/\/diarioregionaldigital.com.br\/index.php?rest_route=\/wp\/v2\/media\/206773"}],"wp:attachment":[{"href":"https:\/\/diarioregionaldigital.com.br\/index.php?rest_route=%2Fwp%2Fv2%2Fmedia&parent=206772"}],"wp:term":[{"taxonomy":"category","embeddable":true,"href":"https:\/\/diarioregionaldigital.com.br\/index.php?rest_route=%2Fwp%2Fv2%2Fcategories&post=206772"},{"taxonomy":"post_tag","embeddable":true,"href":"https:\/\/diarioregionaldigital.com.br\/index.php?rest_route=%2Fwp%2Fv2%2Ftags&post=206772"}],"curies":[{"name":"wp","href":"https:\/\/api.w.org\/{rel}","templated":true}]}}