{"id":206769,"date":"2022-11-18T19:47:14","date_gmt":"2022-11-18T22:47:14","guid":{"rendered":"https:\/\/diarioregionaldigital.com.br\/?p=206769"},"modified":"2022-11-18T19:47:14","modified_gmt":"2022-11-18T22:47:14","slug":"com-ronaldo-sob-pressao-portugal-e-o-protagonista-do-grupo-h","status":"publish","type":"post","link":"https:\/\/diarioregionaldigital.com.br\/?p=206769","title":{"rendered":"Com Ronaldo sob press\u00e3o, Portugal \u00e9 o protagonista do Grupo H"},"content":{"rendered":"<p>Ter um jogador cinco vezes eleito o melhor do mundo, naturalmente, coloca Portugal como time a ser batido no Grupo H. Por\u00e9m, a fase irregular de Cristiano Ronaldo, em crise com o Manchester United, e as cr\u00edticas ao trabalho de Fernando Santos \u00e0 frente da sele\u00e7\u00e3o europeia acendem o alerta e deixam uruguaios, ganenses e sul-coreanos atentos para surpreenderem e acirrarem a briga por um lugar nas oitavas de final.<img decoding=\"async\" src=\"https:\/\/agenciabrasil.ebc.com.br\/ebc.png?id=1494153&amp;o=node\" \/><img decoding=\"async\" src=\"https:\/\/agenciabrasil.ebc.com.br\/ebc.gif?id=1494153&amp;o=node\" \/><\/p>\n<h2>Portugal<\/h2>\n<p>Na oitava participa\u00e7\u00e3o em Copas do Mundo, a sele\u00e7\u00e3o portuguesa chega ao Catar com o sonho de alcan\u00e7ar a final pela primeira vez na hist\u00f3ria. A melhor participa\u00e7\u00e3o ocorreu na Inglaterra (1966), quando o time contava com a lenda Eus\u00e9bio e encerrou o Mundial em terceiro lugar. Passados 40 anos, Portugal voltou a disputar as semifinais na edi\u00e7\u00e3o da Alemanha (2006), mas terminou na quarta posi\u00e7\u00e3o.<\/p>\n<div class=\"twitter-tweet twitter-tweet-rendered\"><iframe id=\"twitter-widget-0\" class=\"\" title=\"Twitter Tweet\" src=\"https:\/\/platform.twitter.com\/embed\/Tweet.html?creatorScreenName=agenciabrasil&amp;dnt=false&amp;embedId=twitter-widget-0&amp;features=eyJ0ZndfdGltZWxpbmVfbGlzdCI6eyJidWNrZXQiOlsibGlua3RyLmVlIiwidHIuZWUiLCJ0ZXJyYS5jb20uYnIiLCJ3d3cubGlua3RyLmVlIiwid3d3LnRyLmVlIiwid3d3LnRlcnJhLmNvbS5iciJdLCJ2ZXJzaW9uIjpudWxsfSwidGZ3X2hvcml6b25fdGltZWxpbmVfMTIwMzQiOnsiYnVja2V0IjoidHJlYXRtZW50IiwidmVyc2lvbiI6bnVsbH0sInRmd190d2VldF9lZGl0X2JhY2tlbmQiOnsiYnVja2V0Ijoib24iLCJ2ZXJzaW9uIjpudWxsfSwidGZ3X3JlZnNyY19zZXNzaW9uIjp7ImJ1Y2tldCI6Im9uIiwidmVyc2lvbiI6bnVsbH0sInRmd19jaGluX3BpbGxzXzE0NzQxIjp7ImJ1Y2tldCI6ImNvbG9yX2ljb25zIiwidmVyc2lvbiI6bnVsbH0sInRmd190d2VldF9yZXN1bHRfbWlncmF0aW9uXzEzOTc5Ijp7ImJ1Y2tldCI6InR3ZWV0X3Jlc3VsdCIsInZlcnNpb24iOm51bGx9LCJ0Zndfc2Vuc2l0aXZlX21lZGlhX2ludGVyc3RpdGlhbF8xMzk2MyI6eyJidWNrZXQiOiJpbnRlcnN0aXRpYWwiLCJ2ZXJzaW9uIjpudWxsfSwidGZ3X2V4cGVyaW1lbnRzX2Nvb2tpZV9leHBpcmF0aW9uIjp7ImJ1Y2tldCI6MTIwOTYwMCwidmVyc2lvbiI6bnVsbH0sInRmd19kdXBsaWNhdGVfc2NyaWJlc190b19zZXR0aW5ncyI6eyJidWNrZXQiOiJvbiIsInZlcnNpb24iOm51bGx9LCJ0ZndfdmlkZW9faGxzX2R5bmFtaWNfbWFuaWZlc3RzXzE1MDgyIjp7ImJ1Y2tldCI6InRydWVfYml0cmF0ZSIsInZlcnNpb24iOm51bGx9LCJ0Zndfc2hvd19ibHVlX3ZlcmlmaWVkX2JhZGdlIjp7ImJ1Y2tldCI6Im9uIiwidmVyc2lvbiI6bnVsbH0sInRmd190d2VldF9lZGl0X2Zyb250ZW5kIjp7ImJ1Y2tldCI6Im9uIiwidmVyc2lvbiI6bnVsbH19&amp;frame=false&amp;hideCard=false&amp;hideThread=false&amp;id=1593354288813658112&amp;lang=pt&amp;origin=https%3A%2F%2Fagenciabrasil.ebc.com.br%2Fesportes%2Fnoticia%2F2022-11%2Fcom-ronaldo-sob-pressao-portugal-e-o-protagonista-do-grupo-h&amp;sessionId=85950da2c3690d22d3b28f5a4e0320f5e3778706&amp;siteScreenName=agenciabrasil&amp;theme=light&amp;widgetsVersion=a3525f077c700%3A1667415560940&amp;width=550px\" frameborder=\"0\" scrolling=\"no\" allowfullscreen=\"allowfullscreen\" data-tweet-id=\"1593354288813658112\" data-mce-fragment=\"1\"><\/iframe><\/div>\n<p>No Catar, o t\u00e9cnico Fernando Santos poder\u00e1 contar com Cristiano Ronaldo, atacante do Manchester United, que venceu cinco vezes o pr\u00eamio Bola de Ouro, da revista France Football, como melhor jogador do mundo. O jogador, por\u00e9m, est\u00e1 em rota de colis\u00e3o com o clube e chega pressionado \u00e0 quinta Copa da carreira. Portugal ocupa a nona posi\u00e7\u00e3o do ranking da Fifa.<\/p>\n<h2>Gana<\/h2>\n<p>Gana retorna a uma Copa do Mundo ap\u00f3s n\u00e3o conseguir se classificar para a \u00faltima edi\u00e7\u00e3o, na R\u00fassia (2018). Os ganenses t\u00eam no curr\u00edculo tr\u00eas participa\u00e7\u00f5es (2006, 2010 e 2014). O principal objetivo do pa\u00eds, 61\u00ba no ranking da Fifa, \u00e9 superar o melhor desempenho na competi\u00e7\u00e3o, na \u00c1frica do Sul (2010), quando caiu para o Uruguai, nas quartas de finais na disputa de p\u00eanaltis. Os sul-americanos, ali\u00e1s, voltam a cruzar o caminho das Estrelas Negras, 12 anos depois.<\/p>\n<div class=\"twitter-tweet twitter-tweet-rendered\"><iframe id=\"twitter-widget-1\" class=\"\" title=\"Twitter Tweet\" src=\"https:\/\/platform.twitter.com\/embed\/Tweet.html?creatorScreenName=agenciabrasil&amp;dnt=false&amp;embedId=twitter-widget-1&amp;features=eyJ0ZndfdGltZWxpbmVfbGlzdCI6eyJidWNrZXQiOlsibGlua3RyLmVlIiwidHIuZWUiLCJ0ZXJyYS5jb20uYnIiLCJ3d3cubGlua3RyLmVlIiwid3d3LnRyLmVlIiwid3d3LnRlcnJhLmNvbS5iciJdLCJ2ZXJzaW9uIjpudWxsfSwidGZ3X2hvcml6b25fdGltZWxpbmVfMTIwMzQiOnsiYnVja2V0IjoidHJlYXRtZW50IiwidmVyc2lvbiI6bnVsbH0sInRmd190d2VldF9lZGl0X2JhY2tlbmQiOnsiYnVja2V0Ijoib24iLCJ2ZXJzaW9uIjpudWxsfSwidGZ3X3JlZnNyY19zZXNzaW9uIjp7ImJ1Y2tldCI6Im9uIiwidmVyc2lvbiI6bnVsbH0sInRmd19jaGluX3BpbGxzXzE0NzQxIjp7ImJ1Y2tldCI6ImNvbG9yX2ljb25zIiwidmVyc2lvbiI6bnVsbH0sInRmd190d2VldF9yZXN1bHRfbWlncmF0aW9uXzEzOTc5Ijp7ImJ1Y2tldCI6InR3ZWV0X3Jlc3VsdCIsInZlcnNpb24iOm51bGx9LCJ0Zndfc2Vuc2l0aXZlX21lZGlhX2ludGVyc3RpdGlhbF8xMzk2MyI6eyJidWNrZXQiOiJpbnRlcnN0aXRpYWwiLCJ2ZXJzaW9uIjpudWxsfSwidGZ3X2V4cGVyaW1lbnRzX2Nvb2tpZV9leHBpcmF0aW9uIjp7ImJ1Y2tldCI6MTIwOTYwMCwidmVyc2lvbiI6bnVsbH0sInRmd19kdXBsaWNhdGVfc2NyaWJlc190b19zZXR0aW5ncyI6eyJidWNrZXQiOiJvbiIsInZlcnNpb24iOm51bGx9LCJ0ZndfdmlkZW9faGxzX2R5bmFtaWNfbWFuaWZlc3RzXzE1MDgyIjp7ImJ1Y2tldCI6InRydWVfYml0cmF0ZSIsInZlcnNpb24iOm51bGx9LCJ0Zndfc2hvd19ibHVlX3ZlcmlmaWVkX2JhZGdlIjp7ImJ1Y2tldCI6Im9uIiwidmVyc2lvbiI6bnVsbH0sInRmd190d2VldF9lZGl0X2Zyb250ZW5kIjp7ImJ1Y2tldCI6Im9uIiwidmVyc2lvbiI6bnVsbH19&amp;frame=false&amp;hideCard=false&amp;hideThread=false&amp;id=1508882317883973632&amp;lang=pt&amp;origin=https%3A%2F%2Fagenciabrasil.ebc.com.br%2Fesportes%2Fnoticia%2F2022-11%2Fcom-ronaldo-sob-pressao-portugal-e-o-protagonista-do-grupo-h&amp;sessionId=85950da2c3690d22d3b28f5a4e0320f5e3778706&amp;siteScreenName=agenciabrasil&amp;theme=light&amp;widgetsVersion=a3525f077c700%3A1667415560940&amp;width=550px\" frameborder=\"0\" scrolling=\"no\" allowfullscreen=\"allowfullscreen\" data-tweet-id=\"1508882317883973632\" data-mce-fragment=\"1\"><\/iframe><\/div>\n<p>O t\u00e9cnico Otto Addo conta, principalmente, com Thomas Partey, meio-campista do Arsenal, de 29 anos, um dos mais valiosos da equipe: 40 milh\u00f5es de euros (R$ 204,8 milh\u00f5es). Tamb\u00e9m integra a sele\u00e7\u00e3o o atacante Andr\u00e9 Ayew, que estar\u00e1 em casa, j\u00e1 que defende o Al-Sadd, do pr\u00f3prio Catar.<\/p>\n<h2>Uruguai<\/h2>\n<p>A Celeste Ol\u00edmpica n\u00e3o ter\u00e1 vida f\u00e1cil no Catar. O Uruguai, 14\u00ba no ranking da Fifa, \u00e9 um dos favoritos a superar a fase inicial no Grupo H, mas a batalha com Portugal, Coreia do Sul e Gana promete ser bem equilibrada.<\/p>\n<div class=\"twitter-tweet twitter-tweet-rendered\"><iframe id=\"twitter-widget-2\" class=\"\" title=\"Twitter Tweet\" src=\"https:\/\/platform.twitter.com\/embed\/Tweet.html?creatorScreenName=agenciabrasil&amp;dnt=false&amp;embedId=twitter-widget-2&amp;features=eyJ0ZndfdGltZWxpbmVfbGlzdCI6eyJidWNrZXQiOlsibGlua3RyLmVlIiwidHIuZWUiLCJ0ZXJyYS5jb20uYnIiLCJ3d3cubGlua3RyLmVlIiwid3d3LnRyLmVlIiwid3d3LnRlcnJhLmNvbS5iciJdLCJ2ZXJzaW9uIjpudWxsfSwidGZ3X2hvcml6b25fdGltZWxpbmVfMTIwMzQiOnsiYnVja2V0IjoidHJlYXRtZW50IiwidmVyc2lvbiI6bnVsbH0sInRmd190d2VldF9lZGl0X2JhY2tlbmQiOnsiYnVja2V0Ijoib24iLCJ2ZXJzaW9uIjpudWxsfSwidGZ3X3JlZnNyY19zZXNzaW9uIjp7ImJ1Y2tldCI6Im9uIiwidmVyc2lvbiI6bnVsbH0sInRmd19jaGluX3BpbGxzXzE0NzQxIjp7ImJ1Y2tldCI6ImNvbG9yX2ljb25zIiwidmVyc2lvbiI6bnVsbH0sInRmd190d2VldF9yZXN1bHRfbWlncmF0aW9uXzEzOTc5Ijp7ImJ1Y2tldCI6InR3ZWV0X3Jlc3VsdCIsInZlcnNpb24iOm51bGx9LCJ0Zndfc2Vuc2l0aXZlX21lZGlhX2ludGVyc3RpdGlhbF8xMzk2MyI6eyJidWNrZXQiOiJpbnRlcnN0aXRpYWwiLCJ2ZXJzaW9uIjpudWxsfSwidGZ3X2V4cGVyaW1lbnRzX2Nvb2tpZV9leHBpcmF0aW9uIjp7ImJ1Y2tldCI6MTIwOTYwMCwidmVyc2lvbiI6bnVsbH0sInRmd19kdXBsaWNhdGVfc2NyaWJlc190b19zZXR0aW5ncyI6eyJidWNrZXQiOiJvbiIsInZlcnNpb24iOm51bGx9LCJ0ZndfdmlkZW9faGxzX2R5bmFtaWNfbWFuaWZlc3RzXzE1MDgyIjp7ImJ1Y2tldCI6InRydWVfYml0cmF0ZSIsInZlcnNpb24iOm51bGx9LCJ0Zndfc2hvd19ibHVlX3ZlcmlmaWVkX2JhZGdlIjp7ImJ1Y2tldCI6Im9uIiwidmVyc2lvbiI6bnVsbH0sInRmd190d2VldF9lZGl0X2Zyb250ZW5kIjp7ImJ1Y2tldCI6Im9uIiwidmVyc2lvbiI6bnVsbH19&amp;frame=false&amp;hideCard=false&amp;hideThread=true&amp;id=1592855013394886656&amp;lang=pt&amp;origin=https%3A%2F%2Fagenciabrasil.ebc.com.br%2Fesportes%2Fnoticia%2F2022-11%2Fcom-ronaldo-sob-pressao-portugal-e-o-protagonista-do-grupo-h&amp;sessionId=85950da2c3690d22d3b28f5a4e0320f5e3778706&amp;siteScreenName=agenciabrasil&amp;theme=light&amp;widgetsVersion=a3525f077c700%3A1667415560940&amp;width=550px\" frameborder=\"0\" scrolling=\"no\" allowfullscreen=\"allowfullscreen\" data-tweet-id=\"1592855013394886656\" data-mce-fragment=\"1\"><\/iframe><\/div>\n<p>Terceira colocada nas Eliminat\u00f3rias Sul-Americanas, atr\u00e1s apenas de Brasil e Argentina, a equipe do t\u00e9cnico Diego Alonso busca o terceiro t\u00edtulo mundial em 14 participa\u00e7\u00f5es. A tarefa n\u00e3o ser\u00e1 nada f\u00e1cil. No Mundial da R\u00fassia (2018), o Uruguai parou nas quartas de final, quando perdeu para a Fran\u00e7a por 2 a 0.<\/p>\n<p>A garra charrua \u00e9 a grande for\u00e7a da sele\u00e7\u00e3o, mas a experi\u00eancia e o faro de gol de Luis Su\u00e1rez tamb\u00e9m d\u00e3o esperan\u00e7a aos uruguaios. O atacante de 35 anos voltou a jogar pelo Nacional de Montevid\u00e9u e quer levar a Copa para o pa\u00eds ap\u00f3s um hiato de 72 anos.<\/p>\n<h2>Coreia do Sul<\/h2>\n<p>A sele\u00e7\u00e3o asi\u00e1tica participar\u00e1 de uma Copa do Mundo pela 11\u00aa vez na hist\u00f3ria. O melhor resultado alcan\u00e7ado foi a quarta posi\u00e7\u00e3o em 2002, quando o pa\u00eds sediou o torneio ao lado do Jap\u00e3o.<\/p>\n<div class=\"twitter-tweet twitter-tweet-rendered\"><iframe id=\"twitter-widget-3\" class=\"\" title=\"Twitter Tweet\" src=\"https:\/\/platform.twitter.com\/embed\/Tweet.html?creatorScreenName=agenciabrasil&amp;dnt=false&amp;embedId=twitter-widget-3&amp;features=eyJ0ZndfdGltZWxpbmVfbGlzdCI6eyJidWNrZXQiOlsibGlua3RyLmVlIiwidHIuZWUiLCJ0ZXJyYS5jb20uYnIiLCJ3d3cubGlua3RyLmVlIiwid3d3LnRyLmVlIiwid3d3LnRlcnJhLmNvbS5iciJdLCJ2ZXJzaW9uIjpudWxsfSwidGZ3X2hvcml6b25fdGltZWxpbmVfMTIwMzQiOnsiYnVja2V0IjoidHJlYXRtZW50IiwidmVyc2lvbiI6bnVsbH0sInRmd190d2VldF9lZGl0X2JhY2tlbmQiOnsiYnVja2V0Ijoib24iLCJ2ZXJzaW9uIjpudWxsfSwidGZ3X3JlZnNyY19zZXNzaW9uIjp7ImJ1Y2tldCI6Im9uIiwidmVyc2lvbiI6bnVsbH0sInRmd19jaGluX3BpbGxzXzE0NzQxIjp7ImJ1Y2tldCI6ImNvbG9yX2ljb25zIiwidmVyc2lvbiI6bnVsbH0sInRmd190d2VldF9yZXN1bHRfbWlncmF0aW9uXzEzOTc5Ijp7ImJ1Y2tldCI6InR3ZWV0X3Jlc3VsdCIsInZlcnNpb24iOm51bGx9LCJ0Zndfc2Vuc2l0aXZlX21lZGlhX2ludGVyc3RpdGlhbF8xMzk2MyI6eyJidWNrZXQiOiJpbnRlcnN0aXRpYWwiLCJ2ZXJzaW9uIjpudWxsfSwidGZ3X2V4cGVyaW1lbnRzX2Nvb2tpZV9leHBpcmF0aW9uIjp7ImJ1Y2tldCI6MTIwOTYwMCwidmVyc2lvbiI6bnVsbH0sInRmd19kdXBsaWNhdGVfc2NyaWJlc190b19zZXR0aW5ncyI6eyJidWNrZXQiOiJvbiIsInZlcnNpb24iOm51bGx9LCJ0ZndfdmlkZW9faGxzX2R5bmFtaWNfbWFuaWZlc3RzXzE1MDgyIjp7ImJ1Y2tldCI6InRydWVfYml0cmF0ZSIsInZlcnNpb24iOm51bGx9LCJ0Zndfc2hvd19ibHVlX3ZlcmlmaWVkX2JhZGdlIjp7ImJ1Y2tldCI6Im9uIiwidmVyc2lvbiI6bnVsbH0sInRmd190d2VldF9lZGl0X2Zyb250ZW5kIjp7ImJ1Y2tldCI6Im9uIiwidmVyc2lvbiI6bnVsbH19&amp;frame=false&amp;hideCard=false&amp;hideThread=true&amp;id=1592853602946932740&amp;lang=pt&amp;origin=https%3A%2F%2Fagenciabrasil.ebc.com.br%2Fesportes%2Fnoticia%2F2022-11%2Fcom-ronaldo-sob-pressao-portugal-e-o-protagonista-do-grupo-h&amp;sessionId=85950da2c3690d22d3b28f5a4e0320f5e3778706&amp;siteScreenName=agenciabrasil&amp;theme=light&amp;widgetsVersion=a3525f077c700%3A1667415560940&amp;width=550px\" frameborder=\"0\" scrolling=\"no\" allowfullscreen=\"allowfullscreen\" data-tweet-id=\"1592853602946932740\" data-mce-fragment=\"1\"><\/iframe><\/div>\n<p>A equipe sul-coreana \u00e9 comandada pelo portugu\u00eas Paulo Bento, que assumiu ap\u00f3s a Copa da R\u00fassia (2018). Al\u00e9m de buscar a classifica\u00e7\u00e3o para o mata-mata, o treinador ter\u00e1 o desafio de enfrentar os compatriotas logo na primeira fase.<\/p>\n<p>Os destaques da Coreia do Sul, 28\u00aa colocada no ranking da Fifa, jogam atualmente em clubes da Inglaterra: o ponta-esquerda Son Heung-Min, de 30 anos e que defende o Tottenham, e o meio-campista Hwang Hee-Chan, de 26 anos e que atua pelo Wolverhampton.<\/p>\n<p><span style=\"font-weight: 400;\">Fonte: Ag\u00eancia Brasil <\/span><\/p>\n","protected":false},"excerpt":{"rendered":"<p>Ter um jogador cinco vezes eleito o melhor do mundo, naturalmente, coloca Portugal como time a ser batido no Grupo H. Por\u00e9m, a fase irregular de Cristiano Ronaldo, em crise com o Manchester United, e as cr\u00edticas ao trabalho de Fernando Santos \u00e0 frente da sele\u00e7\u00e3o europeia acendem o alerta e deixam uruguaios, ganenses e [&hellip;]<\/p>\n","protected":false},"author":246,"featured_media":206770,"comment_status":"closed","ping_status":"closed","sticky":false,"template":"","format":"standard","meta":{"footnotes":""},"categories":[436,257,439],"tags":[],"class_list":["post-206769","post","type-post","status-publish","format-standard","has-post-thumbnail","hentry","category-destaque-da-semana","category-esporte","category-ultima-hora"],"_links":{"self":[{"href":"https:\/\/diarioregionaldigital.com.br\/index.php?rest_route=\/wp\/v2\/posts\/206769","targetHints":{"allow":["GET"]}}],"collection":[{"href":"https:\/\/diarioregionaldigital.com.br\/index.php?rest_route=\/wp\/v2\/posts"}],"about":[{"href":"https:\/\/diarioregionaldigital.com.br\/index.php?rest_route=\/wp\/v2\/types\/post"}],"author":[{"embeddable":true,"href":"https:\/\/diarioregionaldigital.com.br\/index.php?rest_route=\/wp\/v2\/users\/246"}],"replies":[{"embeddable":true,"href":"https:\/\/diarioregionaldigital.com.br\/index.php?rest_route=%2Fwp%2Fv2%2Fcomments&post=206769"}],"version-history":[{"count":1,"href":"https:\/\/diarioregionaldigital.com.br\/index.php?rest_route=\/wp\/v2\/posts\/206769\/revisions"}],"predecessor-version":[{"id":206771,"href":"https:\/\/diarioregionaldigital.com.br\/index.php?rest_route=\/wp\/v2\/posts\/206769\/revisions\/206771"}],"wp:featuredmedia":[{"embeddable":true,"href":"https:\/\/diarioregionaldigital.com.br\/index.php?rest_route=\/wp\/v2\/media\/206770"}],"wp:attachment":[{"href":"https:\/\/diarioregionaldigital.com.br\/index.php?rest_route=%2Fwp%2Fv2%2Fmedia&parent=206769"}],"wp:term":[{"taxonomy":"category","embeddable":true,"href":"https:\/\/diarioregionaldigital.com.br\/index.php?rest_route=%2Fwp%2Fv2%2Fcategories&post=206769"},{"taxonomy":"post_tag","embeddable":true,"href":"https:\/\/diarioregionaldigital.com.br\/index.php?rest_route=%2Fwp%2Fv2%2Ftags&post=206769"}],"curies":[{"name":"wp","href":"https:\/\/api.w.org\/{rel}","templated":true}]}}