{"id":206760,"date":"2022-11-18T19:42:24","date_gmt":"2022-11-18T22:42:24","guid":{"rendered":"https:\/\/diarioregionaldigital.com.br\/?p=206760"},"modified":"2022-11-18T19:42:24","modified_gmt":"2022-11-18T22:42:24","slug":"copa-do-mundo-brasil-encerra-semana-de-treinamentos-em-turim","status":"publish","type":"post","link":"https:\/\/diarioregionaldigital.com.br\/?p=206760","title":{"rendered":"Copa do Mundo: Brasil encerra semana de treinamentos em Turim"},"content":{"rendered":"<p>O Brasil encerrou, nesta sexta-feira (18), a semana de treinamentos no Centro de Treinamento da Juventus, em Turim (It\u00e1lia). Agora, a sele\u00e7\u00e3o brasileira segue, na tarde do pr\u00f3ximo s\u00e1bado (19), para o Catar, onde estreia na Copa do Mundo, a partir das 16h (hor\u00e1rio de Bras\u00edlia) da pr\u00f3xima quinta-feira (24), contra a S\u00e9rvia.<\/p>\n<p>Ao final do trabalho, o t\u00e9cnico Tite agradeceu a receptividade da Juventus, que permitiu que a sele\u00e7\u00e3o brasileira realizasse as atividades em seu CT: \u201cMuito obrigado pela participa\u00e7\u00e3o e por disponibilizar todo o centro e que n\u00f3s tenhamos a condi\u00e7\u00e3o de fazer um grande Mundial e retribuir todo o carinho que voc\u00eas italianos tiveram conosco\u201d.<\/p>\n<p>Antes de seguir para o Catar, a delega\u00e7\u00e3o brasileira ficou completa com a integra\u00e7\u00e3o \u00e0 comiss\u00e3o t\u00e9cnica dos observadores Fernando L\u00e1zaro, Lucas Oliveira e Ricardo Gomes.<\/p>\n<p>\u201cO objetivo do nosso trabalho \u00e9 monitorar os advers\u00e1rios, tanto os diretos como os poss\u00edveis ao longo da Copa do Mundo, para colher o m\u00e1ximo poss\u00edvel de informa\u00e7\u00f5es no aspecto do desempenho individual das equipes, bem como as suas caracter\u00edsticas (pontos fortes e fraquezas), e tentar passar da melhor forma poss\u00edvel as informa\u00e7\u00f5es para a comiss\u00e3o t\u00e9cnica atrav\u00e9s de v\u00eddeos e relat\u00f3rios, e contribuindo com as tomadas de decis\u00f5es do Tite e de seus assistentes e analistas\u201d, explicou Lucas Oliveira, que atua no Palmeiras.<\/p>\n<p>Esta sexta-feira tamb\u00e9m foi o dia de a sele\u00e7\u00e3o brasileira tirar a foto oficial para a Copa do Mundo, na qual aparecem os membros da comiss\u00e3o t\u00e9cnica e os 26 jogadores convocados pelo t\u00e9cnico Tite.<\/p>\n<p><span style=\"font-weight: 400;\">Fonte: Ag\u00eancia Brasil <\/span><\/p>\n","protected":false},"excerpt":{"rendered":"<p>O Brasil encerrou, nesta sexta-feira (18), a semana de treinamentos no Centro de Treinamento da Juventus, em Turim (It\u00e1lia). Agora, a sele\u00e7\u00e3o brasileira segue, na tarde do pr\u00f3ximo s\u00e1bado (19), para o Catar, onde estreia na Copa do Mundo, a partir das 16h (hor\u00e1rio de Bras\u00edlia) da pr\u00f3xima quinta-feira (24), contra a S\u00e9rvia. Ao final [&hellip;]<\/p>\n","protected":false},"author":246,"featured_media":206761,"comment_status":"closed","ping_status":"closed","sticky":false,"template":"","format":"standard","meta":{"footnotes":""},"categories":[436,440,257,439],"tags":[],"class_list":["post-206760","post","type-post","status-publish","format-standard","has-post-thumbnail","hentry","category-destaque-da-semana","category-destaques-do-dia","category-esporte","category-ultima-hora"],"_links":{"self":[{"href":"https:\/\/diarioregionaldigital.com.br\/index.php?rest_route=\/wp\/v2\/posts\/206760","targetHints":{"allow":["GET"]}}],"collection":[{"href":"https:\/\/diarioregionaldigital.com.br\/index.php?rest_route=\/wp\/v2\/posts"}],"about":[{"href":"https:\/\/diarioregionaldigital.com.br\/index.php?rest_route=\/wp\/v2\/types\/post"}],"author":[{"embeddable":true,"href":"https:\/\/diarioregionaldigital.com.br\/index.php?rest_route=\/wp\/v2\/users\/246"}],"replies":[{"embeddable":true,"href":"https:\/\/diarioregionaldigital.com.br\/index.php?rest_route=%2Fwp%2Fv2%2Fcomments&post=206760"}],"version-history":[{"count":1,"href":"https:\/\/diarioregionaldigital.com.br\/index.php?rest_route=\/wp\/v2\/posts\/206760\/revisions"}],"predecessor-version":[{"id":206762,"href":"https:\/\/diarioregionaldigital.com.br\/index.php?rest_route=\/wp\/v2\/posts\/206760\/revisions\/206762"}],"wp:featuredmedia":[{"embeddable":true,"href":"https:\/\/diarioregionaldigital.com.br\/index.php?rest_route=\/wp\/v2\/media\/206761"}],"wp:attachment":[{"href":"https:\/\/diarioregionaldigital.com.br\/index.php?rest_route=%2Fwp%2Fv2%2Fmedia&parent=206760"}],"wp:term":[{"taxonomy":"category","embeddable":true,"href":"https:\/\/diarioregionaldigital.com.br\/index.php?rest_route=%2Fwp%2Fv2%2Fcategories&post=206760"},{"taxonomy":"post_tag","embeddable":true,"href":"https:\/\/diarioregionaldigital.com.br\/index.php?rest_route=%2Fwp%2Fv2%2Ftags&post=206760"}],"curies":[{"name":"wp","href":"https:\/\/api.w.org\/{rel}","templated":true}]}}