{"id":206757,"date":"2022-11-18T19:38:33","date_gmt":"2022-11-18T22:38:33","guid":{"rendered":"https:\/\/diarioregionaldigital.com.br\/?p=206757"},"modified":"2022-11-18T19:38:33","modified_gmt":"2022-11-18T22:38:33","slug":"covid-19-aumenta-em-12-estados-diz-fiocruz","status":"publish","type":"post","link":"https:\/\/diarioregionaldigital.com.br\/?p=206757","title":{"rendered":"Covid-19 aumenta em 12 estados, diz Fiocruz"},"content":{"rendered":"<p>O Boletim InfoGripe da Funda\u00e7\u00e3o Oswaldo Cruz (Fiocruz), divulgado hoje (18), refor\u00e7a o crescimento dos casos de covid-19, que j\u00e1 corresponde a 47% dos resultados positivos para v\u00edrus respirat\u00f3rios nas \u00faltimas quatro semanas.<img decoding=\"async\" src=\"https:\/\/agenciabrasil.ebc.com.br\/ebc.png?id=1494311&amp;o=node\" \/><img decoding=\"async\" src=\"https:\/\/agenciabrasil.ebc.com.br\/ebc.gif?id=1494311&amp;o=node\" \/><\/p>\n<p>Em n\u00edvel nacional, o aumento moderado de casos de s\u00edndrome respirat\u00f3ria aguda grave (SRAG) na tend\u00eancia de longo prazo est\u00e1 presente em 12 de 27 estados: Alagoas, Amazonas, Cear\u00e1, Goi\u00e1s, Par\u00e1, Para\u00edba, Pernambuco, Piau\u00ed, Rio Grande do Norte, Rio de Janeiro, Santa Catarina e S\u00e3o Paulo. Referente \u00e0 Semana Epidemiol\u00f3gica (SE) 45, per\u00edodo de 6 a 12 de novembro, a an\u00e1lise tem como base os dados inseridos no Sistema de Informa\u00e7\u00e3o de Vigil\u00e2ncia Epidemiol\u00f3gica da Gripe (Sivep-Gripe) at\u00e9 o dia 14 de novembro.<\/p>\n<p>Os dados indicam crescimento dos casos positivos para Sars-CoV-2 (covid-19), especialmente na popula\u00e7\u00e3o adulta. Nas \u00faltimas quatro semanas epidemiol\u00f3gicas, a preval\u00eancia entre os registros com resultado positivo para v\u00edrus respirat\u00f3rios foi de 10,3% para influenza A; 0,3% para influenza B; 24,2% para v\u00edrus sincicial respirat\u00f3rio (VSR); e 47% Sars-CoV-2. Entre os \u00f3bitos, a presen\u00e7a dos mesmos v\u00edrus entre os positivos foi de 4,1% para influenza A; 0,0% para influenza B; 1,4% para VSR; e 83,6% Sars-CoV-2.<\/p>\n<p>O pesquisador da Fiocruz Marcelo Gomes destaca a import\u00e2ncia da combina\u00e7\u00e3o de vacina\u00e7\u00e3o e uso de m\u00e1scaras como a\u00e7\u00f5es de prote\u00e7\u00e3o. Ele orienta a popula\u00e7\u00e3o a verificar quantas doses j\u00e1 foram recomendadas para seu perfil, levando em conta a faixa et\u00e1ria e as condi\u00e7\u00f5es de sa\u00fade, para que o novo ciclo seja enfrentado com o maior n\u00edvel de prote\u00e7\u00e3o poss\u00edvel.<\/p>\n<p>\u201cA vacina \u00e9 muito importante para diminuir o risco de agravamento, mas seu papel \u00e9 um pouco menor na transmiss\u00e3o. Por isso, \u00e9 fundamental que se volte a usar boas m\u00e1scaras em situa\u00e7\u00f5es espec\u00edficas, ou seja, em transporte p\u00fablico, locais fechados e situa\u00e7\u00f5es com muita gente em um espa\u00e7o relativamente pequeno. \u00c9 vacina no bra\u00e7o e m\u00e1scara no rosto\u201d, disse o coordenador do InfoGripe.<\/p>\n<p><span style=\"font-weight: 400;\">Fonte: Ag\u00eancia Brasil <\/span><\/p>\n","protected":false},"excerpt":{"rendered":"<p>O Boletim InfoGripe da Funda\u00e7\u00e3o Oswaldo Cruz (Fiocruz), divulgado hoje (18), refor\u00e7a o crescimento dos casos de covid-19, que j\u00e1 corresponde a 47% dos resultados positivos para v\u00edrus respirat\u00f3rios nas \u00faltimas quatro semanas. Em n\u00edvel nacional, o aumento moderado de casos de s\u00edndrome respirat\u00f3ria aguda grave (SRAG) na tend\u00eancia de longo prazo est\u00e1 presente em [&hellip;]<\/p>\n","protected":false},"author":246,"featured_media":206758,"comment_status":"closed","ping_status":"closed","sticky":false,"template":"","format":"standard","meta":{"footnotes":""},"categories":[436,254,439],"tags":[],"class_list":["post-206757","post","type-post","status-publish","format-standard","has-post-thumbnail","hentry","category-destaque-da-semana","category-politica","category-ultima-hora"],"_links":{"self":[{"href":"https:\/\/diarioregionaldigital.com.br\/index.php?rest_route=\/wp\/v2\/posts\/206757","targetHints":{"allow":["GET"]}}],"collection":[{"href":"https:\/\/diarioregionaldigital.com.br\/index.php?rest_route=\/wp\/v2\/posts"}],"about":[{"href":"https:\/\/diarioregionaldigital.com.br\/index.php?rest_route=\/wp\/v2\/types\/post"}],"author":[{"embeddable":true,"href":"https:\/\/diarioregionaldigital.com.br\/index.php?rest_route=\/wp\/v2\/users\/246"}],"replies":[{"embeddable":true,"href":"https:\/\/diarioregionaldigital.com.br\/index.php?rest_route=%2Fwp%2Fv2%2Fcomments&post=206757"}],"version-history":[{"count":1,"href":"https:\/\/diarioregionaldigital.com.br\/index.php?rest_route=\/wp\/v2\/posts\/206757\/revisions"}],"predecessor-version":[{"id":206759,"href":"https:\/\/diarioregionaldigital.com.br\/index.php?rest_route=\/wp\/v2\/posts\/206757\/revisions\/206759"}],"wp:featuredmedia":[{"embeddable":true,"href":"https:\/\/diarioregionaldigital.com.br\/index.php?rest_route=\/wp\/v2\/media\/206758"}],"wp:attachment":[{"href":"https:\/\/diarioregionaldigital.com.br\/index.php?rest_route=%2Fwp%2Fv2%2Fmedia&parent=206757"}],"wp:term":[{"taxonomy":"category","embeddable":true,"href":"https:\/\/diarioregionaldigital.com.br\/index.php?rest_route=%2Fwp%2Fv2%2Fcategories&post=206757"},{"taxonomy":"post_tag","embeddable":true,"href":"https:\/\/diarioregionaldigital.com.br\/index.php?rest_route=%2Fwp%2Fv2%2Ftags&post=206757"}],"curies":[{"name":"wp","href":"https:\/\/api.w.org\/{rel}","templated":true}]}}