{"id":206754,"date":"2022-11-18T19:34:46","date_gmt":"2022-11-18T22:34:46","guid":{"rendered":"https:\/\/diarioregionaldigital.com.br\/?p=206754"},"modified":"2022-11-18T19:34:46","modified_gmt":"2022-11-18T22:34:46","slug":"unicef-alerta-sobre-impactos-de-mudancas-climaticas-entre-jovens","status":"publish","type":"post","link":"https:\/\/diarioregionaldigital.com.br\/?p=206754","title":{"rendered":"Unicef alerta sobre impactos de mudan\u00e7as clim\u00e1ticas entre jovens"},"content":{"rendered":"<p>Crian\u00e7as e adolescentes s\u00e3o os que mais sofrem impactos das mudan\u00e7as clim\u00e1ticas, e, por isso, precisam ser prioridade nos debates e pol\u00edticas voltados para o enfrentamento da quest\u00e3o. Cerca de 40 milh\u00f5es de jovens est\u00e3o expostos a mais de um risco clim\u00e1tico ou ambiental no Brasil, e as mudan\u00e7as clim\u00e1ticas comprometem a garantia de direitos fundamentais, alerta o relat\u00f3rio Crian\u00e7as, Adolescentes e Mudan\u00e7as Clim\u00e1ticas no Brasil, lan\u00e7ado nesta quarta-feira (9), pelo Fundo das Na\u00e7\u00f5es Unidas para a Inf\u00e2ncia (Unicef).<img decoding=\"async\" src=\"https:\/\/agenciabrasil.ebc.com.br\/ebc.png?id=1493036&amp;o=node\" \/><img decoding=\"async\" src=\"https:\/\/agenciabrasil.ebc.com.br\/ebc.gif?id=1493036&amp;o=node\" \/><\/p>\n<p>De acordo com o relat\u00f3rio, a crise clim\u00e1tica causa efeitos na frequ\u00eancia de chuvas, na amplitude t\u00e9rmica, nas ondas de calor, al\u00e9m de interferir na quantidade e intensidade de eventos extremos, como ciclones e queimadas, incluindo o prolongamento de secas extremas. \u201cTodos esses fen\u00f4menos afetam a vida humana de diversas formas, colocando em risco o bem-estar, o desenvolvimento e a pr\u00f3pria sobreviv\u00eancia de pessoas em todo o planeta\u201d, diz o estudo.<\/p>\n<p>Para a representante interina do Unicef no Brasil, Paola Babos, as mudan\u00e7as clim\u00e1ticas e a degrada\u00e7\u00e3o ambiental enfraquecem os direitos de crian\u00e7as e adolescentes. \u201cAs crian\u00e7as e adolescentes s\u00e3o os que menos contribuem para as mudan\u00e7as clim\u00e1ticas, mas s\u00e3o os que v\u00e3o sofrer as consequ\u00eancias de forma mais intensa e por mais tempo. Nesse sentido, a mudan\u00e7a clim\u00e1tica \u00e9 uma amea\u00e7a direta \u00e0 capacidade da crian\u00e7a de sobreviver e prosperar\u201d, disse Paola na apresenta\u00e7\u00e3o do relat\u00f3rio.<\/p>\n<p>Paola Babos destacou que o impacto \u00e9 maior em crian\u00e7as e adolescentes que j\u00e1 vivem em situa\u00e7\u00e3o de vulnerabilidade como ind\u00edgenas, moradores de comunidades tradicionais, negros, migrantes e refugiados e especificamente, as meninas. No entanto, diz o relat\u00f3rio, a maioria das pol\u00edticas p\u00fablicas e dos planos nacionais referentes ao clima e ao meio ambiente pouco mencionam ou ignoram completamente as vulnerabilidades espec\u00edficas de crian\u00e7as e adolescentes, em geral, e, em particular, desses grupos.<\/p>\n<p>De acordo com o Unicef, entre as necessidades que devem ser respeitadas e garantidas para a faixa de idade est\u00e3o os direitos \u00e0 vida, \u00e0 sa\u00fade, ao desenvolvimento, a aprender, \u00e0 prote\u00e7\u00e3o contra viol\u00eancia, \u00e0 \u00e1gua pot\u00e1vel e ao saneamento e \u00e0 prote\u00e7\u00e3o social. Segundo o relat\u00f3rio, cerca de 15 milh\u00f5es de pessoas vivem em \u00e1reas urbanas sem acesso \u00e0 \u00e1gua segura e em \u00e1reas rurais no Brasil. Para 2,3 milh\u00f5es destas pessoas, a \u00e1gua dispon\u00edvel para beber e para higiene pessoal n\u00e3o tem qualquer tipo de tratamento.<\/p>\n<p>O estudo lembra ainda que, conforme o Censo Escolar (Inep, 2019), 26% das escolas p\u00fablicas brasileiras n\u00e3o t\u00eam acesso ao abastecimento p\u00fablico de \u00e1gua, e quase 50% n\u00e3o t\u00eam acesso \u00e0 rede p\u00fablica de esgoto.<\/p>\n<h2>Recomenda\u00e7\u00f5es<\/h2>\n<p>Ao relatar os impactos, o relat\u00f3rio prop\u00f5e medidas que podem alterar o cen\u00e1rio atual no Brasil e alerta que j\u00e1 existe um problema, que pode ficar muito maior. \u201cPrecisamos lidar com ele agora e mitigar os impactos futuros, diminuir a polui\u00e7\u00e3o e promover a adapta\u00e7\u00e3o \u00e0s mudan\u00e7as j\u00e1 inevit\u00e1veis.\u201d<\/p>\n<p>A lista de recomenda\u00e7\u00f5es come\u00e7a com o pedido de prioridade absoluta para crian\u00e7as e adolescentes na pauta clim\u00e1tica, para que n\u00e3o tenham que crescer privados da plena realiza\u00e7\u00e3o dos seus direitos. A defesa e o fortalecimento das institui\u00e7\u00f5es e a legisla\u00e7\u00e3o respons\u00e1veis pela garantia de preserva\u00e7\u00e3o e pelo enfrentamento da degrada\u00e7\u00e3o do meio ambiente tamb\u00e9m s\u00e3o lembradas para assegurar o alcance das metas de redu\u00e7\u00e3o de emiss\u00f5es de gases.<\/p>\n<p>O relat\u00f3rio lembra que \u00e9 preciso garantir financiamento e recursos para a execu\u00e7\u00e3o de pol\u00edticas e projetos clim\u00e1ticos sens\u00edveis aos direitos de crian\u00e7as, adolescentes e jovens, al\u00e9m do desenvolvimento de estrat\u00e9gias que levem em conta os riscos e potenciais espec\u00edficos de crian\u00e7as, adolescentes e jovens ind\u00edgenas e de outras comunidades tradicionais, negros e meninas.<\/p>\n<p>O estudo defende tamb\u00e9m prioridade para investimentos em educa\u00e7\u00e3o e desenvolvimento de compet\u00eancias de crian\u00e7as, adolescentes e jovens sobre meio ambiente, mudan\u00e7as clim\u00e1ticas e habilidades ecol\u00f3gicas. \u201cCapacitando-os para enfrentar a crise clim\u00e1tica e participar das solu\u00e7\u00f5es e da crescente economia verde e azul&#8221;, explicou Paola Babos.<\/p>\n<p>O Unicef prop\u00f5e ainda a adapta\u00e7\u00e3o dos servi\u00e7os p\u00fablicos que atendem crian\u00e7as e adolescentes com base nos cen\u00e1rios de vulnerabilidade e risco de desastres e nas possibilidades de mudan\u00e7as de longo prazo nas temperaturas, como forma de garantir a infraestrutura de escolas e hospitais, para assegurar o bem-estar dos usu\u00e1rios e a continuidade dos servi\u00e7os essenciais.<\/p>\n<p>A lista termina sugerindo o engajamento da sociedade e do setor produtivo em defesa da ado\u00e7\u00e3o de medidas de preserva\u00e7\u00e3o ambiental e de manejo sustent\u00e1vel das cadeias de produ\u00e7\u00e3o e de transporte. \u201cTamb\u00e9m estimulando a transi\u00e7\u00e3o para uma economia verde e azul, investindo em crian\u00e7as e jovens, abrindo oportunidades para sua inclus\u00e3o produtiva nessas solu\u00e7\u00f5es realmente trazendo suas capacidades em potencial para a nova economia, onde precisamos investir\u201d,disse Paola Babos. Ela destacou que esta \u00e9 a primeira vez que uma gera\u00e7\u00e3o global de meninos e meninas em um mundo que se tornou ainda mais incerto devido \u00e0s mudan\u00e7as clim\u00e1ticas e ao meio ambiente degradado.<\/p>\n<p>\u201c\u00c9 por isso que o Unicef, com esse relat\u00f3rio, refor\u00e7a a urg\u00eancia de priorizar os direitos de crian\u00e7as e adolescentes na agenda clim\u00e1tica, agindo para mudar esta realidade\u201d, acrescentou.<\/p>\n<h2>Jovens na COP 27<\/h2>\n<p>O Unicef e a organiza\u00e7\u00e3o da sociedade civil Vira\u00e7\u00e3o Educomunica\u00e7\u00e3o enviaram \u00e0 27\u00aa Confer\u00eancia das Na\u00e7\u00f5es Unidas sobre Mudan\u00e7as Clim\u00e1ticas (COP 27), que est\u00e1 sendo realizada no Egito, tr\u00eas jovens ativistas ambientais brasileiros: Maria Eduarda Silva, de 19 anos, de Bonito, em Pernambuco; Victor Medeiros, de 18 anos, do litoral sul de S\u00e3o Paulo; e Tainara da Costa Cruz, de 18 anos, do povo kambeba, da comunidade Tr\u00eas Unidos, localizada em uma \u00e1rea de prote\u00e7\u00e3o ambiental na margem esquerda do Rio Negro, no Amazonas. Os tr\u00eas juntaram-se a um grupo de 40 jovens de diversos coletivos e organiza\u00e7\u00f5es sociais brasileiros presentes \u00e0 confer\u00eancia.<\/p>\n<p>Segundo a oficial do Programa Cidadania de Adolescente do Unicef no Brasil, Rayanne Fran\u00e7a, o objetivo da participa\u00e7\u00e3o dos jovens \u00e9 pautar crian\u00e7as e adolescentes no debate clim\u00e1tico. \u201cNosso papel por aqui \u00e9 fortalecer esse engajamento. Sabemos que os tr\u00eas jovens que est\u00e3o conosco nessa pauta d\u00e3o seu recado e fazem com que essa mensagem chegue a todos os governantes, aos munic\u00edpios, escolas e espa\u00e7os de discuss\u00e3o.\u201d<\/p>\n<p>O oficial de monitoramento e avalia\u00e7\u00e3o do Unicef no Brasil, Danilo Moura, disse que jovens que moram em regi\u00f5es vulner\u00e1veis preocupem-se com a situa\u00e7\u00e3o e n\u00e3o deixam de participar de debates sobre mudan\u00e7as clim\u00e1ticas. \u201cQuando se vive em situa\u00e7\u00e3o de pobreza, sempre \u00e9 mais dif\u00edcil, parece um luxo se preocupar com coisas que n\u00e3o s\u00e3o preocupa\u00e7\u00f5es imediatas, mas nossa experi\u00eancia mostra que jovens e adolescentes est\u00e3o discutindo o assunto. Eles se importam muito e t\u00eam ideias, cr\u00edticas muito valiosas sobre o tema. E s\u00e3o jovens que v\u00eam de todo tipo de hist\u00f3rico familiar.\u201d<\/p>\n<p>Durante a prepara\u00e7\u00e3o para a COP27, representantes do Unicef reuniram-se com integrantes do Itamaraty para apresentar as principais recomenda\u00e7\u00f5es do estudo. \u201cAchamos que o Brasil pode ter uma lideran\u00e7a importante nessa agenda de mudan\u00e7as clim\u00e1ticas com crian\u00e7as e adolescentes\u201d, revelou Moura. Para ele, o trabalho para fortalecer medidas para estas faixas de idade vai continuar no pr\u00f3ximo governo.<\/p>\n<p>A COP 27, que come\u00e7ou domingo passado (6) e vai at\u00e9 o dia 18 deste m\u00eas. Amanh\u00e3 (10), no Dia da Juventude e do Futuro na COP27, os tr\u00eas jovens brasileiros levar\u00e3o sua contribui\u00e7\u00e3o para f\u00f3runs do encontro, que v\u00e3o permitir a troca de experi\u00eancias com a juventude de todo o mundo.<\/p>\n<p>O Fundo das Na\u00e7\u00f5es Unidas para a Inf\u00e2ncia trabalha em alguns dos lugares mais dif\u00edceis do planeta, atendendo crian\u00e7as mais desfavorecidas. O trabalho do fundo cobre 190 pa\u00edses e territ\u00f3rios.<\/p>\n<p><span style=\"font-weight: 400;\"><br \/>\n<\/span><span style=\"font-weight: 400;\">Fonte: Ag\u00eancia Brasil <\/span><\/p>\n","protected":false},"excerpt":{"rendered":"<p>Crian\u00e7as e adolescentes s\u00e3o os que mais sofrem impactos das mudan\u00e7as clim\u00e1ticas, e, por isso, precisam ser prioridade nos debates e pol\u00edticas voltados para o enfrentamento da quest\u00e3o. Cerca de 40 milh\u00f5es de jovens est\u00e3o expostos a mais de um risco clim\u00e1tico ou ambiental no Brasil, e as mudan\u00e7as clim\u00e1ticas comprometem a garantia de direitos [&hellip;]<\/p>\n","protected":false},"author":246,"featured_media":206755,"comment_status":"closed","ping_status":"closed","sticky":false,"template":"","format":"standard","meta":{"footnotes":""},"categories":[436,254,439],"tags":[],"class_list":["post-206754","post","type-post","status-publish","format-standard","has-post-thumbnail","hentry","category-destaque-da-semana","category-politica","category-ultima-hora"],"_links":{"self":[{"href":"https:\/\/diarioregionaldigital.com.br\/index.php?rest_route=\/wp\/v2\/posts\/206754","targetHints":{"allow":["GET"]}}],"collection":[{"href":"https:\/\/diarioregionaldigital.com.br\/index.php?rest_route=\/wp\/v2\/posts"}],"about":[{"href":"https:\/\/diarioregionaldigital.com.br\/index.php?rest_route=\/wp\/v2\/types\/post"}],"author":[{"embeddable":true,"href":"https:\/\/diarioregionaldigital.com.br\/index.php?rest_route=\/wp\/v2\/users\/246"}],"replies":[{"embeddable":true,"href":"https:\/\/diarioregionaldigital.com.br\/index.php?rest_route=%2Fwp%2Fv2%2Fcomments&post=206754"}],"version-history":[{"count":1,"href":"https:\/\/diarioregionaldigital.com.br\/index.php?rest_route=\/wp\/v2\/posts\/206754\/revisions"}],"predecessor-version":[{"id":206756,"href":"https:\/\/diarioregionaldigital.com.br\/index.php?rest_route=\/wp\/v2\/posts\/206754\/revisions\/206756"}],"wp:featuredmedia":[{"embeddable":true,"href":"https:\/\/diarioregionaldigital.com.br\/index.php?rest_route=\/wp\/v2\/media\/206755"}],"wp:attachment":[{"href":"https:\/\/diarioregionaldigital.com.br\/index.php?rest_route=%2Fwp%2Fv2%2Fmedia&parent=206754"}],"wp:term":[{"taxonomy":"category","embeddable":true,"href":"https:\/\/diarioregionaldigital.com.br\/index.php?rest_route=%2Fwp%2Fv2%2Fcategories&post=206754"},{"taxonomy":"post_tag","embeddable":true,"href":"https:\/\/diarioregionaldigital.com.br\/index.php?rest_route=%2Fwp%2Fv2%2Ftags&post=206754"}],"curies":[{"name":"wp","href":"https:\/\/api.w.org\/{rel}","templated":true}]}}