{"id":206751,"date":"2022-11-18T19:33:15","date_gmt":"2022-11-18T22:33:15","guid":{"rendered":"https:\/\/diarioregionaldigital.com.br\/?p=206751"},"modified":"2022-11-18T19:33:15","modified_gmt":"2022-11-18T22:33:15","slug":"governo-eleito-deve-suspender-processo-de-privatizacao-dos-correios","status":"publish","type":"post","link":"https:\/\/diarioregionaldigital.com.br\/?p=206751","title":{"rendered":"Governo eleito deve suspender processo de privatiza\u00e7\u00e3o dos Correios"},"content":{"rendered":"<p>O ex-ministro Paulo Bernardo, da equipe de transi\u00e7\u00e3o de governo na \u00e1rea de comunica\u00e7\u00f5es, afirmou nesta sexta-feira (18), em Bras\u00edlia, que o grupo vai propor o fim do processo de privatiza\u00e7\u00e3o dos Correios.<img decoding=\"async\" src=\"https:\/\/agenciabrasil.ebc.com.br\/ebc.png?id=1494335&amp;o=node\" \/><img decoding=\"async\" src=\"https:\/\/agenciabrasil.ebc.com.br\/ebc.gif?id=1494335&amp;o=node\" \/><\/p>\n<p>&#8220;N\u00f3s vamos fazer um levantamento e recomendar. A nossa ideia \u00e9 recomendar, acabar com essa ideia de privatizar os Correios. A gente mais ou menos antev\u00ea o que o presidente pensa sobre isso&#8221;, afirmou Bernardo, sinalizando concord\u00e2ncia de Lula com a interrup\u00e7\u00e3o do processo.<\/p>\n<p>A desestatiza\u00e7\u00e3o da empresa p\u00fablica federal foi uma iniciativa do governo Jair Bolsonaro e dependia de aprova\u00e7\u00e3o pelo Congresso Nacional. O projeto que tira o controle p\u00fablico da companhia\u00a0<a href=\"https:\/\/agenciabrasil.ebc.com.br\/geral\/noticia\/2021-08\/entenda-o-projeto-de-privatizacao-dos-correios\" target=\"_blank\" rel=\"noopener\">chegou a ser aprovado<\/a>\u00a0na C\u00e2mara dos Deputados em agosto de 2021 e, desde ent\u00e3o, est\u00e1 parado no Senado.<\/p>\n<p>Bernardo informou que o grupo t\u00e9cnico sobre as comunica\u00e7\u00f5es marcou uma reuni\u00e3o com integrantes dos Correios para a pr\u00f3xima semana.<\/p>\n<h2>EBC<\/h2>\n<p>O ex-ministro ainda comentou a prov\u00e1vel mudan\u00e7a na\u00a0<strong>Empresa Brasil de Comunica\u00e7\u00e3o<\/strong>\u00a0(<strong>EBC<\/strong>), com a revoga\u00e7\u00e3o do processo de unifica\u00e7\u00e3o das programa\u00e7\u00f5es da\u00a0<strong>TV Brasil<\/strong>\u00a0e da antiga\u00a0<strong>NBR<\/strong>\u00a0(atual\u00a0<strong>TV Brasil Gov<\/strong>). A ideia \u00e9 retomar o modelo que vigorava at\u00e9 o in\u00edcio de 2019, com opera\u00e7\u00f5es separadas entre as duas emissoras.<\/p>\n<p>&#8220;A\u00a0<strong>EBC<\/strong>\u00a0tinha uma vertente que \u00e9 a TV p\u00fablica [<strong>TV Brasil<\/strong>] e tinha a vertente de comunica\u00e7\u00e3o do governo, a chamada\u00a0<strong>NBR<\/strong>. E foi tudo juntado. Eles pararam de ter essa separa\u00e7\u00e3o, e foi juntado numa \u00fanica empresa. Achamos que tem que separar. Acho que \u00e9 s\u00f3 revogar, porque foi feito por decreto&#8221;, destacou.<\/p>\n<p>A unifica\u00e7\u00e3o mencionada por Paulo Bernardo foi feita em abril de 2019, por meio de portaria da pr\u00f3pria dire\u00e7\u00e3o da\u00a0<strong>EBC<\/strong>. Desde ent\u00e3o, a\u00a0<strong>NBR<\/strong>\u00a0passou a ser chamada de\u00a0<strong>TV Brasil Gov<\/strong>, com parte das programa\u00e7\u00f5es sendo veiculadas ao mesmo tempo em ambas as emissoras, incluindo transmiss\u00f5es de atos do governo federal.<\/p>\n<p><span style=\"font-weight: 400;\">Fonte: Ag\u00eancia Brasil <\/span><\/p>\n","protected":false},"excerpt":{"rendered":"<p>O ex-ministro Paulo Bernardo, da equipe de transi\u00e7\u00e3o de governo na \u00e1rea de comunica\u00e7\u00f5es, afirmou nesta sexta-feira (18), em Bras\u00edlia, que o grupo vai propor o fim do processo de privatiza\u00e7\u00e3o dos Correios. &#8220;N\u00f3s vamos fazer um levantamento e recomendar. A nossa ideia \u00e9 recomendar, acabar com essa ideia de privatizar os Correios. A gente [&hellip;]<\/p>\n","protected":false},"author":246,"featured_media":206752,"comment_status":"closed","ping_status":"closed","sticky":false,"template":"","format":"standard","meta":{"footnotes":""},"categories":[436,254,439],"tags":[],"class_list":["post-206751","post","type-post","status-publish","format-standard","has-post-thumbnail","hentry","category-destaque-da-semana","category-politica","category-ultima-hora"],"_links":{"self":[{"href":"https:\/\/diarioregionaldigital.com.br\/index.php?rest_route=\/wp\/v2\/posts\/206751","targetHints":{"allow":["GET"]}}],"collection":[{"href":"https:\/\/diarioregionaldigital.com.br\/index.php?rest_route=\/wp\/v2\/posts"}],"about":[{"href":"https:\/\/diarioregionaldigital.com.br\/index.php?rest_route=\/wp\/v2\/types\/post"}],"author":[{"embeddable":true,"href":"https:\/\/diarioregionaldigital.com.br\/index.php?rest_route=\/wp\/v2\/users\/246"}],"replies":[{"embeddable":true,"href":"https:\/\/diarioregionaldigital.com.br\/index.php?rest_route=%2Fwp%2Fv2%2Fcomments&post=206751"}],"version-history":[{"count":1,"href":"https:\/\/diarioregionaldigital.com.br\/index.php?rest_route=\/wp\/v2\/posts\/206751\/revisions"}],"predecessor-version":[{"id":206753,"href":"https:\/\/diarioregionaldigital.com.br\/index.php?rest_route=\/wp\/v2\/posts\/206751\/revisions\/206753"}],"wp:featuredmedia":[{"embeddable":true,"href":"https:\/\/diarioregionaldigital.com.br\/index.php?rest_route=\/wp\/v2\/media\/206752"}],"wp:attachment":[{"href":"https:\/\/diarioregionaldigital.com.br\/index.php?rest_route=%2Fwp%2Fv2%2Fmedia&parent=206751"}],"wp:term":[{"taxonomy":"category","embeddable":true,"href":"https:\/\/diarioregionaldigital.com.br\/index.php?rest_route=%2Fwp%2Fv2%2Fcategories&post=206751"},{"taxonomy":"post_tag","embeddable":true,"href":"https:\/\/diarioregionaldigital.com.br\/index.php?rest_route=%2Fwp%2Fv2%2Ftags&post=206751"}],"curies":[{"name":"wp","href":"https:\/\/api.w.org\/{rel}","templated":true}]}}