{"id":206748,"date":"2022-11-18T19:25:52","date_gmt":"2022-11-18T22:25:52","guid":{"rendered":"https:\/\/diarioregionaldigital.com.br\/?p=206748"},"modified":"2022-11-18T19:25:52","modified_gmt":"2022-11-18T22:25:52","slug":"gabriel-monteiro-tem-pedido-de-liberdade-negado-pela-justica-do-rio","status":"publish","type":"post","link":"https:\/\/diarioregionaldigital.com.br\/?p=206748","title":{"rendered":"Gabriel Monteiro tem pedido de liberdade negado pela Justi\u00e7a do Rio"},"content":{"rendered":"<p>A Justi\u00e7a do Rio negou pedido de liberdade ao ex-vereador e youtuber\u00a0Gabriel Monteiro, preso preventivamente desde o dia 7 deste m\u00eas, acusado de estuprar\u00a0uma jovem,\u00a0de 23 anos, que\u00a0conheceu na reinaugura\u00e7\u00e3o de uma boate no dia\u00a015 de julho deste ano.\u00a0O\u00a0<em>habeas corpus<\/em>\u00a0foi rejeitado pelo desembargador Claudio de Oliveira Junior, da 8\u00aa C\u00e2mara Criminal\u00a0do Tribunal de Justi\u00e7a. O processo\u00a0tramita\u00a0em segredo de justi\u00e7a.<img decoding=\"async\" src=\"https:\/\/agenciabrasil.ebc.com.br\/ebc.png?id=1494177&amp;o=node\" \/><img decoding=\"async\" src=\"https:\/\/agenciabrasil.ebc.com.br\/ebc.gif?id=1494177&amp;o=node\" \/><\/p>\n<p>A decis\u00e3o da pris\u00e3o foi\u00a0do juiz Rudi Baldi Loewenkron, da 34\u00aa Vara Criminal do Rio. O magistrado determinou a apreens\u00e3o de armas de fogo e de celulares do acusado. Em depoimento \u00e0 pol\u00edcia, a jovem disse que ap\u00f3s conhecer Monteiro na boate, ele a convidou para que fosse \u00e0\u00a0casa de um amigo dele, no bairro do Jo\u00e1,\u00a0onde o crime foi praticado. No depoimento, ela contou que o ex-vereador a constrangeu, ao lhe apontar uma arma antes das rela\u00e7\u00f5es sexuais, e que a agrediu com tapas no rosto durante o encontro.<\/p>\n<h2>Cassa\u00e7\u00e3o<\/h2>\n<p>Gabriel Monteiro teve o mandato cassado em\u00a018 de agosto, por quebra de decoro parlamentar. Ass\u00e9dio sexual e moral, tentativas de estupro foram algumas das acusa\u00e7\u00f5es ao ex-vereador.\u00a0A sess\u00e3o\u00a0 durou seis horas e meia. O placar final foi de 48 votos favor\u00e1veis \u00e0 cassa\u00e7\u00e3o e 2 votos contr\u00e1rios. Era necess\u00e1rio um m\u00ednimo de 34 votos, do total de 50 parlamentares presentes.<\/p>\n<p>Monteiro foi julgado por quebra do decoro parlamentar, por tr\u00eas motivos: encena\u00e7\u00e3o com menor de idade em um shopping, agress\u00e3o contra morador de rua convidado para a encena\u00e7\u00e3o de um roubo na Lapa e rela\u00e7\u00e3o sexual gravada em v\u00eddeo com uma menor de idade, que posteriormente teve as imagens vazadas na internet.<\/p>\n<p>Tamb\u00e9m houve, durante os trabalhos da Comiss\u00e3o de \u00c9tica, den\u00fancias de assessores do vereador de\u00a0importuna\u00e7\u00e3o sexual e estupro, mas esses crimes, como n\u00e3o faziam parte da den\u00fancia inicial, n\u00e3o foram inseridos no relat\u00f3rio final.<\/p>\n<p>O vereador Chico Alencar (Psol), relator do processo por quebra de decoro no Conselho de \u00c9tica da C\u00e2mara, leu parte do relat\u00f3rio aprovado, pedindo a cassa\u00e7\u00e3o do mandato.\u00a0Alencar disse que v\u00eddeos foram editados de forma a abusar de pessoas vulner\u00e1veis. &#8220;A filmagem da rela\u00e7\u00e3o sexual com uma menor de idade, \u00e0 \u00e9poca com 15 anos de idade, choca a todos. O v\u00eddeo \u00e9 impublic\u00e1vel, com agress\u00e3o f\u00edsica \u00e0\u00a0mulher. Isso est\u00e1 filmado&#8221;,\u00a0afirmou\u00a0o relator.\u00a0\u201cA conduta do vereador, de filmar cenas de sexo com menores \u00e9 crime. Est\u00e1 no Estatuto da Crian\u00e7a e do Adolescente. \u00c9 crime fotografar, filmar\u00a0cenas de sexo envolvendo crian\u00e7as e adolescentes. Armazenar\u00a0v\u00eddeo, fotografia, com cena de sexo expl\u00edcito, \u00e9 crime. Os v\u00eddeos t\u00eam di\u00e1logos estarrecedores\u201d.<\/p>\n<p><span style=\"font-weight: 400;\">Fonte: Ag\u00eancia Brasil <\/span><\/p>\n","protected":false},"excerpt":{"rendered":"<p>A Justi\u00e7a do Rio negou pedido de liberdade ao ex-vereador e youtuber\u00a0Gabriel Monteiro, preso preventivamente desde o dia 7 deste m\u00eas, acusado de estuprar\u00a0uma jovem,\u00a0de 23 anos, que\u00a0conheceu na reinaugura\u00e7\u00e3o de uma boate no dia\u00a015 de julho deste ano.\u00a0O\u00a0habeas corpus\u00a0foi rejeitado pelo desembargador Claudio de Oliveira Junior, da 8\u00aa C\u00e2mara Criminal\u00a0do Tribunal de Justi\u00e7a. O [&hellip;]<\/p>\n","protected":false},"author":246,"featured_media":206749,"comment_status":"closed","ping_status":"closed","sticky":false,"template":"","format":"standard","meta":{"footnotes":""},"categories":[436,440,254,439],"tags":[],"class_list":["post-206748","post","type-post","status-publish","format-standard","has-post-thumbnail","hentry","category-destaque-da-semana","category-destaques-do-dia","category-politica","category-ultima-hora"],"_links":{"self":[{"href":"https:\/\/diarioregionaldigital.com.br\/index.php?rest_route=\/wp\/v2\/posts\/206748","targetHints":{"allow":["GET"]}}],"collection":[{"href":"https:\/\/diarioregionaldigital.com.br\/index.php?rest_route=\/wp\/v2\/posts"}],"about":[{"href":"https:\/\/diarioregionaldigital.com.br\/index.php?rest_route=\/wp\/v2\/types\/post"}],"author":[{"embeddable":true,"href":"https:\/\/diarioregionaldigital.com.br\/index.php?rest_route=\/wp\/v2\/users\/246"}],"replies":[{"embeddable":true,"href":"https:\/\/diarioregionaldigital.com.br\/index.php?rest_route=%2Fwp%2Fv2%2Fcomments&post=206748"}],"version-history":[{"count":1,"href":"https:\/\/diarioregionaldigital.com.br\/index.php?rest_route=\/wp\/v2\/posts\/206748\/revisions"}],"predecessor-version":[{"id":206750,"href":"https:\/\/diarioregionaldigital.com.br\/index.php?rest_route=\/wp\/v2\/posts\/206748\/revisions\/206750"}],"wp:featuredmedia":[{"embeddable":true,"href":"https:\/\/diarioregionaldigital.com.br\/index.php?rest_route=\/wp\/v2\/media\/206749"}],"wp:attachment":[{"href":"https:\/\/diarioregionaldigital.com.br\/index.php?rest_route=%2Fwp%2Fv2%2Fmedia&parent=206748"}],"wp:term":[{"taxonomy":"category","embeddable":true,"href":"https:\/\/diarioregionaldigital.com.br\/index.php?rest_route=%2Fwp%2Fv2%2Fcategories&post=206748"},{"taxonomy":"post_tag","embeddable":true,"href":"https:\/\/diarioregionaldigital.com.br\/index.php?rest_route=%2Fwp%2Fv2%2Ftags&post=206748"}],"curies":[{"name":"wp","href":"https:\/\/api.w.org\/{rel}","templated":true}]}}