{"id":206742,"date":"2022-11-18T19:17:08","date_gmt":"2022-11-18T22:17:08","guid":{"rendered":"https:\/\/diarioregionaldigital.com.br\/?p=206742"},"modified":"2022-11-18T19:17:08","modified_gmt":"2022-11-18T22:17:08","slug":"industria-tem-desempenho-negativo-em-outubro-diz-cni","status":"publish","type":"post","link":"https:\/\/diarioregionaldigital.com.br\/?p=206742","title":{"rendered":"Ind\u00fastria tem desempenho negativo em outubro, diz CNI"},"content":{"rendered":"<p>O desempenho da ind\u00fastria foi negativo na passagem de setembro para outubro, com queda da atividade, do emprego e da utiliza\u00e7\u00e3o da capacidade instalada. Os dados s\u00e3o da\u00a0<a href=\"https:\/\/www.portaldaindustria.com.br\/estatisticas\/sondagem-industrial\/\" target=\"_blank\" rel=\"noopener\">pesquisa<\/a>\u00a0Sondagem Industrial, divulgada hoje (18), em Bras\u00edlia, pela Confedera\u00e7\u00e3o Nacional da Ind\u00fastria (CNI).<img decoding=\"async\" src=\"https:\/\/agenciabrasil.ebc.com.br\/ebc.png?id=1494209&amp;o=node\" \/><img decoding=\"async\" src=\"https:\/\/agenciabrasil.ebc.com.br\/ebc.gif?id=1494209&amp;o=node\" \/><\/p>\n<p>\u00c9 o segundo recuo consecutivo na produ\u00e7\u00e3o industrial. O \u00edndice de evolu\u00e7\u00e3o da produ\u00e7\u00e3o manteve-se abaixo dos 50 pontos, ao cair de 49 pontos para 48,5 pontos. Valores acima da linha divis\u00f3ria de 50 pontos indicam aumento da produ\u00e7\u00e3o industrial e abaixo da linha de corte, queda. \u201c\u00c9 a primeira queda na produ\u00e7\u00e3o industrial para um m\u00eas de outubro desde 2016\u201d, informou a CNI.<\/p>\n<p>O emprego do setor industrial tamb\u00e9m caiu ap\u00f3s cinco meses consecutivos de crescimento. O \u00edndice de evolu\u00e7\u00e3o do emprego passou de 51,4 pontos para 49,6 pontos indicando corte. \u00c9 a primeira queda do emprego industrial para um m\u00eas de outubro desde 2019.<\/p>\n<p>Da mesma forma, o \u00edndice de Utiliza\u00e7\u00e3o da Capacidade Instalada (UCI) registrou o segundo recuo consecutivo e encerrou outubro em 71%. Nos \u00faltimos dois meses, a UCI acumula queda de dois pontos percentuais.<\/p>\n<h2>Expectativas em queda<\/h2>\n<p>Segundo a CNI, todas as expectativas do setor industrial em novembro \u201crecuaram fortemente\u201d. \u201c\u00c9 a primeira vez em mais de dois anos que h\u00e1 expectativa de recuo no emprego industrial e nas exporta\u00e7\u00f5es para os pr\u00f3ximos seis meses\u201d, explicou a entidade. \u201cH\u00e1 ainda menos otimismo em rela\u00e7\u00e3o \u00e0 compra de mat\u00e9rias-primas e ao n\u00edvel de demanda\u201d, disse.<\/p>\n<p>O \u00edndice de evolu\u00e7\u00e3o do n\u00edvel de estoques aumentou para 51,5 pontos em outubro. Acima da linha divis\u00f3ria de 50 pontos, o \u00edndice aponta aumento dos estoques em rela\u00e7\u00e3o a setembro. O \u00edndice de estoque efetivo em rela\u00e7\u00e3o ao planejado se afastou da linha divis\u00f3ria dos 50 pontos, subindo de 50,9 pontos para 52,4 pontos entre setembro e outubro.<\/p>\n<p>A CNI explicou, tamb\u00e9m, que o resultado coloca os estoques do setor industrial no maior n\u00edvel acima do planejado desde julho de 2019, \u201ccom indicativo de frustra\u00e7\u00e3o dos empres\u00e1rios com o n\u00edvel de consumo\u201d.<\/p>\n<p>Para a entidade, as expectativas dos empres\u00e1rios j\u00e1 est\u00e3o contaminadas com a demanda inferior \u00e0 produ\u00e7\u00e3o, que j\u00e1 est\u00e3o em um cen\u00e1rio de queda da atividade.<\/p>\n<p>O \u00edndice de inten\u00e7\u00e3o de investimento caiu 3,9 pontos, para 53,5 pontos. \u00c9 o menor n\u00edvel desde agosto de 2020.<\/p>\n<p>A CNI consultou 1.757 empresas entre 1\u00ba e 10 de novembro, sendo 703 empresas de pequeno porte, 615 m\u00e9dias e 439 grandes empresas.<\/p>\n<p><span style=\"font-weight: 400;\">Fonte: Ag\u00eancia Brasil <\/span><\/p>\n","protected":false},"excerpt":{"rendered":"<p>O desempenho da ind\u00fastria foi negativo na passagem de setembro para outubro, com queda da atividade, do emprego e da utiliza\u00e7\u00e3o da capacidade instalada. Os dados s\u00e3o da\u00a0pesquisa\u00a0Sondagem Industrial, divulgada hoje (18), em Bras\u00edlia, pela Confedera\u00e7\u00e3o Nacional da Ind\u00fastria (CNI). \u00c9 o segundo recuo consecutivo na produ\u00e7\u00e3o industrial. O \u00edndice de evolu\u00e7\u00e3o da produ\u00e7\u00e3o manteve-se [&hellip;]<\/p>\n","protected":false},"author":246,"featured_media":206743,"comment_status":"closed","ping_status":"closed","sticky":false,"template":"","format":"standard","meta":{"footnotes":""},"categories":[436,261,439],"tags":[],"class_list":["post-206742","post","type-post","status-publish","format-standard","has-post-thumbnail","hentry","category-destaque-da-semana","category-economia","category-ultima-hora"],"_links":{"self":[{"href":"https:\/\/diarioregionaldigital.com.br\/index.php?rest_route=\/wp\/v2\/posts\/206742","targetHints":{"allow":["GET"]}}],"collection":[{"href":"https:\/\/diarioregionaldigital.com.br\/index.php?rest_route=\/wp\/v2\/posts"}],"about":[{"href":"https:\/\/diarioregionaldigital.com.br\/index.php?rest_route=\/wp\/v2\/types\/post"}],"author":[{"embeddable":true,"href":"https:\/\/diarioregionaldigital.com.br\/index.php?rest_route=\/wp\/v2\/users\/246"}],"replies":[{"embeddable":true,"href":"https:\/\/diarioregionaldigital.com.br\/index.php?rest_route=%2Fwp%2Fv2%2Fcomments&post=206742"}],"version-history":[{"count":1,"href":"https:\/\/diarioregionaldigital.com.br\/index.php?rest_route=\/wp\/v2\/posts\/206742\/revisions"}],"predecessor-version":[{"id":206744,"href":"https:\/\/diarioregionaldigital.com.br\/index.php?rest_route=\/wp\/v2\/posts\/206742\/revisions\/206744"}],"wp:featuredmedia":[{"embeddable":true,"href":"https:\/\/diarioregionaldigital.com.br\/index.php?rest_route=\/wp\/v2\/media\/206743"}],"wp:attachment":[{"href":"https:\/\/diarioregionaldigital.com.br\/index.php?rest_route=%2Fwp%2Fv2%2Fmedia&parent=206742"}],"wp:term":[{"taxonomy":"category","embeddable":true,"href":"https:\/\/diarioregionaldigital.com.br\/index.php?rest_route=%2Fwp%2Fv2%2Fcategories&post=206742"},{"taxonomy":"post_tag","embeddable":true,"href":"https:\/\/diarioregionaldigital.com.br\/index.php?rest_route=%2Fwp%2Fv2%2Ftags&post=206742"}],"curies":[{"name":"wp","href":"https:\/\/api.w.org\/{rel}","templated":true}]}}