{"id":206736,"date":"2022-11-18T19:11:58","date_gmt":"2022-11-18T22:11:58","guid":{"rendered":"https:\/\/diarioregionaldigital.com.br\/?p=206736"},"modified":"2022-11-18T19:11:58","modified_gmt":"2022-11-18T22:11:58","slug":"bc-adia-em-seis-meses-exigencia-de-capital-para-grandes-fintechs","status":"publish","type":"post","link":"https:\/\/diarioregionaldigital.com.br\/?p=206736","title":{"rendered":"BC adia em seis meses exig\u00eancia de capital para grandes fintechs"},"content":{"rendered":"<p>O aumento de capital prudencial (reservas que garantem a seguran\u00e7a financeira) das\u00a0<em>fintechs<\/em>\u00a0de maior porte foi adiada em seis meses. O Banco Central (BC) publicou hoje (18) resolu\u00e7\u00e3o que transfere o cumprimento das exig\u00eancias de 1\u00ba de janeiro para 1\u00ba de julho.<\/p>\n<p>Em nota, o BC explicou que o adiamento dar\u00e1 tempo para as\u00a0<em>fintechs<\/em>\u00a0(<em>startups<\/em>\u00a0do setor financeiro) ajustarem os sistemas de gest\u00e3o, de presta\u00e7\u00e3o de informa\u00e7\u00e3o e fazerem as mudan\u00e7as necess\u00e1rias. \u201cO desenvolvimento e os ajustes necess\u00e1rios em sistemas de gest\u00e3o e gera\u00e7\u00e3o de informa\u00e7\u00f5es prudenciais pelas institui\u00e7\u00f5es reguladas demandar\u00e3o maior prazo de adapta\u00e7\u00e3o que o inicialmente indicado pelo regulador\u201d, justificou o BC no texto.<\/p>\n<p>Anunciadas em mar\u00e7o deste ano,\u00a0<a href=\"https:\/\/agenciabrasil.ebc.com.br\/economia\/noticia\/2022-03\/bc-eleva-exigencia-para-funcionamento-de-fintechs-de-maior-porte\" target=\"_blank\" rel=\"noopener\">as novas regras<\/a>, na pr\u00e1tica, igualam o funcionamento das fintechs ao dos bancos comerciais. Com a expans\u00e3o do segmento, v\u00e1rias\u00a0<em>fintechs\u00a0<\/em>criaram subsidi\u00e1rias que passaram a oferecer servi\u00e7os semelhantes aos dos bancos, como carteiras digitais, mas sem os mesmos padr\u00f5es de seguran\u00e7a e de avalia\u00e7\u00e3o de risco.<\/p>\n<p>Pela nova norma, as\u00a0<em>fintechs<\/em>\u00a0de maior porte (tipo 3) come\u00e7ar\u00e3o a cumprir exig\u00eancias de capital m\u00ednimo, que come\u00e7ar\u00e3o em 6,75% ao ano em julho de 2023, aumentando para 8,75% ao ano em 2024 e para 10,5% ao ano em 2025. As\u00a0<em>fintechs\u00a0<\/em>de menor porte continuar\u00e3o com regras simplificadas.<img decoding=\"async\" src=\"https:\/\/agenciabrasil.ebc.com.br\/ebc.png?id=1494266&amp;o=node\" \/><img decoding=\"async\" src=\"https:\/\/agenciabrasil.ebc.com.br\/ebc.gif?id=1494266&amp;o=node\" \/><\/p>\n<h2>WhatsApp<\/h2>\n<p>Tamb\u00e9m hoje, o BC aprovou uma mudan\u00e7a para liberar\u00a0<a href=\"https:\/\/agenciabrasil.ebc.com.br\/economia\/noticia\/2022-03\/bc-eleva-exigencia-para-funcionamento-de-fintechs-de-maior-porte\" target=\"_blank\" rel=\"noopener\">compras com cart\u00e3o da bandeira Visa pelo WhatsApp<\/a>. A autoriza\u00e7\u00e3o representa um passo em dire\u00e7\u00e3o ao uso de cart\u00f5es de d\u00e9bito, cr\u00e9dito e pr\u00e9-pago para a compra por meio do aplicativo de mensagens.<\/p>\n<p>Em nota, o pr\u00f3prio BC esclareceu que a libera\u00e7\u00e3o da funcionalidade depende de outras regulamenta\u00e7\u00f5es, principalmente as relacionadas \u00e0 preserva\u00e7\u00e3o de concorr\u00eancia e \u00e0 preven\u00e7\u00e3o da discrimina\u00e7\u00e3o no credenciamento das institui\u00e7\u00f5es de pagamento.<\/p>\n<p>\u201cEssas altera\u00e7\u00f5es t\u00eam rela\u00e7\u00e3o com a implementa\u00e7\u00e3o do programa de pagamentos vinculados ao WhatsApp (Programa Facebook Pay), que possibilitar\u00e1 a realiza\u00e7\u00e3o de transa\u00e7\u00f5es de compra com cart\u00e3o de cr\u00e9dito, de d\u00e9bito e pr\u00e9-pago. Essa funcionalidade se junta \u00e0 realiza\u00e7\u00e3o de transfer\u00eancias de recursos entre seus usu\u00e1rios, autorizada em mar\u00e7o de 2021\u201d, destacou o BC em nota.<\/p>\n<p><span style=\"font-weight: 400;\">Fonte: Ag\u00eancia Brasil <\/span><\/p>\n","protected":false},"excerpt":{"rendered":"<p>O aumento de capital prudencial (reservas que garantem a seguran\u00e7a financeira) das\u00a0fintechs\u00a0de maior porte foi adiada em seis meses. O Banco Central (BC) publicou hoje (18) resolu\u00e7\u00e3o que transfere o cumprimento das exig\u00eancias de 1\u00ba de janeiro para 1\u00ba de julho. Em nota, o BC explicou que o adiamento dar\u00e1 tempo para as\u00a0fintechs\u00a0(startups\u00a0do setor financeiro) [&hellip;]<\/p>\n","protected":false},"author":246,"featured_media":206737,"comment_status":"closed","ping_status":"closed","sticky":false,"template":"","format":"standard","meta":{"footnotes":""},"categories":[436,440,261,439],"tags":[],"class_list":["post-206736","post","type-post","status-publish","format-standard","has-post-thumbnail","hentry","category-destaque-da-semana","category-destaques-do-dia","category-economia","category-ultima-hora"],"_links":{"self":[{"href":"https:\/\/diarioregionaldigital.com.br\/index.php?rest_route=\/wp\/v2\/posts\/206736","targetHints":{"allow":["GET"]}}],"collection":[{"href":"https:\/\/diarioregionaldigital.com.br\/index.php?rest_route=\/wp\/v2\/posts"}],"about":[{"href":"https:\/\/diarioregionaldigital.com.br\/index.php?rest_route=\/wp\/v2\/types\/post"}],"author":[{"embeddable":true,"href":"https:\/\/diarioregionaldigital.com.br\/index.php?rest_route=\/wp\/v2\/users\/246"}],"replies":[{"embeddable":true,"href":"https:\/\/diarioregionaldigital.com.br\/index.php?rest_route=%2Fwp%2Fv2%2Fcomments&post=206736"}],"version-history":[{"count":1,"href":"https:\/\/diarioregionaldigital.com.br\/index.php?rest_route=\/wp\/v2\/posts\/206736\/revisions"}],"predecessor-version":[{"id":206738,"href":"https:\/\/diarioregionaldigital.com.br\/index.php?rest_route=\/wp\/v2\/posts\/206736\/revisions\/206738"}],"wp:featuredmedia":[{"embeddable":true,"href":"https:\/\/diarioregionaldigital.com.br\/index.php?rest_route=\/wp\/v2\/media\/206737"}],"wp:attachment":[{"href":"https:\/\/diarioregionaldigital.com.br\/index.php?rest_route=%2Fwp%2Fv2%2Fmedia&parent=206736"}],"wp:term":[{"taxonomy":"category","embeddable":true,"href":"https:\/\/diarioregionaldigital.com.br\/index.php?rest_route=%2Fwp%2Fv2%2Fcategories&post=206736"},{"taxonomy":"post_tag","embeddable":true,"href":"https:\/\/diarioregionaldigital.com.br\/index.php?rest_route=%2Fwp%2Fv2%2Ftags&post=206736"}],"curies":[{"name":"wp","href":"https:\/\/api.w.org\/{rel}","templated":true}]}}