{"id":206733,"date":"2022-11-18T06:00:40","date_gmt":"2022-11-18T09:00:40","guid":{"rendered":"https:\/\/diarioregionaldigital.com.br\/?p=206733"},"modified":"2022-11-17T23:40:33","modified_gmt":"2022-11-18T02:40:33","slug":"ainda-sobre-deveres-e-autoridades","status":"publish","type":"post","link":"https:\/\/diarioregionaldigital.com.br\/?p=206733","title":{"rendered":"Ainda sobre deveres e autoridades"},"content":{"rendered":"<p>Continuando a reflex\u00e3o sobre as autoridades tal como exposto no cap\u00edtulo 13 de Romanos, vamos agora meditar sobre o vers\u00edculo 2 que ensina:<\/p>\n<p>\u201cPortanto, aquele que se rebela contra a autoridade est\u00e1 se colocando contra o que Deus instituiu, e aqueles que assim procedem trazem condena\u00e7\u00e3o sobre si mesmos\u201d (Romanos 13: 2).<\/p>\n<p>As palavras continuam no mesmo tom do vers\u00edculo 1, por\u00e9m agora intimando: quem se rebelar contra as autoridades se colocar\u00e1 contra o pr\u00f3prio Deus e, portanto, sofrer\u00e1 consequ\u00eancias.<\/p>\n<p>Quando Paulo escreveu essa passagem tinha em mente, muito provavelmente, o objetivo de conter qualquer \u00edmpeto revolucion\u00e1rio dos crist\u00e3os contra o Imp\u00e9rio Romano. O pr\u00f3prio Jesus tomou precau\u00e7\u00f5es a este respeito, por exemplo, ordenando que se cumprissem as leis de C\u00e9sar:<\/p>\n<p>\u201cDizem-lhe eles: De C\u00e9sar. Ent\u00e3o ele lhes disse: Dai pois a C\u00e9sar o que \u00e9 de C\u00e9sar, e a Deus o que \u00e9 de Deus\u201d (Mateus 22: 21).<\/p>\n<p>Ou alertando para n\u00e3o entrar em nenhuma aventura armada:<\/p>\n<p>\u201cEnt\u00e3o Jesus disse-lhe: Embainha a tua espada; porque todos os que lan\u00e7arem m\u00e3o da espada, \u00e0 espada morrer\u00e3o\u201d (Mateus 26: 52).<\/p>\n<p>Isso vale tamb\u00e9m para n\u00f3s, claro, considerando um novo contexto. Perceba, por exemplo, quantos de nossos conhecidos t\u00eam se digladiando nas redes sociais por causa da pol\u00edtica? Quanta disc\u00f3rdia j\u00e1 dividiu fam\u00edlias? Quanta brutalidade tem se feito de umas pessoas contra outras e de outras contra umas? Aqueles que defendiam o governo de ontem, contra os que defendem o governo de hoje, contra os que defendem outro governo, contra os que n\u00e3o defendem governo nenhum\u2026<\/p>\n<p>Simultaneamente, quantos irm\u00e3os se desviam dos prop\u00f3sitos de Deus ao inflamar-se contra esta ou aquela legisla\u00e7\u00e3o, contra esta ou aquela decis\u00e3o judicial, como se Jesus em algum momento tivesse dito que s\u00e3o as leis dos homens que levam as pessoas a cumprirem a vontade de Deus.<\/p>\n<p>N\u00e3o importa a colora\u00e7\u00e3o desse ou daquele governo, n\u00e3o importa que a lei permita essa ou aquela conduta, n\u00e3o \u00e9 por governo nem por lei que o Reino de Deus se apresenta, mas pela prega\u00e7\u00e3o do Evangelho. Uma prega\u00e7\u00e3o viva que come\u00e7a com o exemplo de vida, passa pelas atitudes de amor e se desdobra em palavras de f\u00e9.<\/p>\n<p>Se colocarmos no nosso cora\u00e7\u00e3o a ideia simples de que as autoridades deste mundo tratam dos temas deste mundo, sabendo que estamos aqui por um breve lapso de tempo e que a nossa p\u00e1tria \u00e9 a p\u00e1tria celestial, simplesmente n\u00e3o veremos sentido algum na contenda, nem nos interessaremos pela rebeli\u00e3o contra esta ou aquela autoridade:<\/p>\n<p>\u201cRespondeu Jesus: O meu reino n\u00e3o \u00e9 deste mundo; se o meu reino fosse deste mundo, pelejariam os meus servos, para que eu n\u00e3o fosse entregue aos judeus; mas agora o meu reino n\u00e3o \u00e9 daqui\u201d (Jo\u00e3o 18: 36).<\/p>\n","protected":false},"excerpt":{"rendered":"<p>Continuando a reflex\u00e3o sobre as autoridades tal como exposto no cap\u00edtulo 13 de Romanos, vamos agora meditar sobre o vers\u00edculo 2 que ensina: \u201cPortanto, aquele que se rebela contra a autoridade est\u00e1 se colocando contra o que Deus instituiu, e aqueles que assim procedem trazem condena\u00e7\u00e3o sobre si mesmos\u201d (Romanos 13: 2). As palavras continuam [&hellip;]<\/p>\n","protected":false},"author":96,"featured_media":0,"comment_status":"closed","ping_status":"closed","sticky":false,"template":"","format":"standard","meta":{"footnotes":""},"categories":[1244],"tags":[],"class_list":["post-206733","post","type-post","status-publish","format-standard","hentry","category-oleg-abramov"],"_links":{"self":[{"href":"https:\/\/diarioregionaldigital.com.br\/index.php?rest_route=\/wp\/v2\/posts\/206733","targetHints":{"allow":["GET"]}}],"collection":[{"href":"https:\/\/diarioregionaldigital.com.br\/index.php?rest_route=\/wp\/v2\/posts"}],"about":[{"href":"https:\/\/diarioregionaldigital.com.br\/index.php?rest_route=\/wp\/v2\/types\/post"}],"author":[{"embeddable":true,"href":"https:\/\/diarioregionaldigital.com.br\/index.php?rest_route=\/wp\/v2\/users\/96"}],"replies":[{"embeddable":true,"href":"https:\/\/diarioregionaldigital.com.br\/index.php?rest_route=%2Fwp%2Fv2%2Fcomments&post=206733"}],"version-history":[{"count":1,"href":"https:\/\/diarioregionaldigital.com.br\/index.php?rest_route=\/wp\/v2\/posts\/206733\/revisions"}],"predecessor-version":[{"id":206734,"href":"https:\/\/diarioregionaldigital.com.br\/index.php?rest_route=\/wp\/v2\/posts\/206733\/revisions\/206734"}],"wp:attachment":[{"href":"https:\/\/diarioregionaldigital.com.br\/index.php?rest_route=%2Fwp%2Fv2%2Fmedia&parent=206733"}],"wp:term":[{"taxonomy":"category","embeddable":true,"href":"https:\/\/diarioregionaldigital.com.br\/index.php?rest_route=%2Fwp%2Fv2%2Fcategories&post=206733"},{"taxonomy":"post_tag","embeddable":true,"href":"https:\/\/diarioregionaldigital.com.br\/index.php?rest_route=%2Fwp%2Fv2%2Ftags&post=206733"}],"curies":[{"name":"wp","href":"https:\/\/api.w.org\/{rel}","templated":true}]}}