{"id":206727,"date":"2022-11-17T19:35:14","date_gmt":"2022-11-17T22:35:14","guid":{"rendered":"https:\/\/diarioregionaldigital.com.br\/?p=206727"},"modified":"2022-11-17T19:35:14","modified_gmt":"2022-11-17T22:35:14","slug":"bairro-alto-dos-passos-recebe-80-metros-de-redes-de-esgoto-remodeladas","status":"publish","type":"post","link":"https:\/\/diarioregionaldigital.com.br\/?p=206727","title":{"rendered":"Bairro Alto dos Passos recebe 80 metros de redes de esgoto remodeladas"},"content":{"rendered":"<p>Segundo informa\u00e7\u00f5es do site da Prefeitura de Juiz de Fora (PJF), at\u00e9 esta sexta-feira, 18, a\u00a0Prefeitura de Juiz de Fora (PJF) ir\u00e1 concluir os trabalhos de remodela\u00e7\u00e3o de 80 metros da rede de esgoto da Avenida Vasconcelos, no bairro Alto dos Passos. Na via, est\u00e3o sendo implantados tubos de PVC, com 200 mil\u00edmetros de di\u00e2metro. O novo material ir\u00e1 substituir as antigas manilhas de barro que atendiam a avenida, aumentando a vida \u00fatil do sistema e reduzindo a necessidade de manuten\u00e7\u00f5es.<\/p>\n<p>Para a execu\u00e7\u00e3o dos trabalhos, o tr\u00e2nsito est\u00e1 totalmente interditado na Avenida Vasconcelos at\u00e9 esta sexta, das 8h \u00e0s 17h. Assim, a Companhia de Saneamento Municipal (Cesama) pede aos moradores que, se poss\u00edvel, retirem seus ve\u00edculos da via antes do in\u00edcio dos servi\u00e7os.<\/p>\n<p>As a\u00e7\u00f5es de remodela\u00e7\u00e3o de redes de esgoto s\u00e3o realizadas ao longo do ano, seguindo uma programa\u00e7\u00e3o de prioridades, quando \u00e9 avaliada a necessidade de troca da tubula\u00e7\u00e3o. A an\u00e1lise leva em conta a antiguidade e o desgaste do material, o fato de o dimensionamento da rede j\u00e1 n\u00e3o ser compat\u00edvel com o n\u00famero de im\u00f3veis atendidos e os transtornos causados aos usu\u00e1rios do sistema, al\u00e9m dos custos de manuten\u00e7\u00e3o.<\/p>\n","protected":false},"excerpt":{"rendered":"<p>Segundo informa\u00e7\u00f5es do site da Prefeitura de Juiz de Fora (PJF), at\u00e9 esta sexta-feira, 18, a\u00a0Prefeitura de Juiz de Fora (PJF) ir\u00e1 concluir os trabalhos de remodela\u00e7\u00e3o de 80 metros da rede de esgoto da Avenida Vasconcelos, no bairro Alto dos Passos. Na via, est\u00e3o sendo implantados tubos de PVC, com 200 mil\u00edmetros de di\u00e2metro. [&hellip;]<\/p>\n","protected":false},"author":246,"featured_media":206728,"comment_status":"closed","ping_status":"closed","sticky":false,"template":"","format":"standard","meta":{"footnotes":""},"categories":[253,436,439],"tags":[],"class_list":["post-206727","post","type-post","status-publish","format-standard","has-post-thumbnail","hentry","category-cidade","category-destaque-da-semana","category-ultima-hora"],"_links":{"self":[{"href":"https:\/\/diarioregionaldigital.com.br\/index.php?rest_route=\/wp\/v2\/posts\/206727","targetHints":{"allow":["GET"]}}],"collection":[{"href":"https:\/\/diarioregionaldigital.com.br\/index.php?rest_route=\/wp\/v2\/posts"}],"about":[{"href":"https:\/\/diarioregionaldigital.com.br\/index.php?rest_route=\/wp\/v2\/types\/post"}],"author":[{"embeddable":true,"href":"https:\/\/diarioregionaldigital.com.br\/index.php?rest_route=\/wp\/v2\/users\/246"}],"replies":[{"embeddable":true,"href":"https:\/\/diarioregionaldigital.com.br\/index.php?rest_route=%2Fwp%2Fv2%2Fcomments&post=206727"}],"version-history":[{"count":1,"href":"https:\/\/diarioregionaldigital.com.br\/index.php?rest_route=\/wp\/v2\/posts\/206727\/revisions"}],"predecessor-version":[{"id":206729,"href":"https:\/\/diarioregionaldigital.com.br\/index.php?rest_route=\/wp\/v2\/posts\/206727\/revisions\/206729"}],"wp:featuredmedia":[{"embeddable":true,"href":"https:\/\/diarioregionaldigital.com.br\/index.php?rest_route=\/wp\/v2\/media\/206728"}],"wp:attachment":[{"href":"https:\/\/diarioregionaldigital.com.br\/index.php?rest_route=%2Fwp%2Fv2%2Fmedia&parent=206727"}],"wp:term":[{"taxonomy":"category","embeddable":true,"href":"https:\/\/diarioregionaldigital.com.br\/index.php?rest_route=%2Fwp%2Fv2%2Fcategories&post=206727"},{"taxonomy":"post_tag","embeddable":true,"href":"https:\/\/diarioregionaldigital.com.br\/index.php?rest_route=%2Fwp%2Fv2%2Ftags&post=206727"}],"curies":[{"name":"wp","href":"https:\/\/api.w.org\/{rel}","templated":true}]}}