{"id":206724,"date":"2022-11-17T19:33:28","date_gmt":"2022-11-17T22:33:28","guid":{"rendered":"https:\/\/diarioregionaldigital.com.br\/?p=206724"},"modified":"2022-11-17T19:33:28","modified_gmt":"2022-11-17T22:33:28","slug":"dia-da-consciencia-negra-tera-programacao-variada-e-gratuita-no-museu-ferroviario","status":"publish","type":"post","link":"https:\/\/diarioregionaldigital.com.br\/?p=206724","title":{"rendered":"Dia da Consci\u00eancia Negra ter\u00e1 programa\u00e7\u00e3o variada e gratuita no Museu Ferrovi\u00e1rio"},"content":{"rendered":"<p>Segundo informa\u00e7\u00f5es do site da Prefeitura de Juiz de Fora (PJF), Informa\u00e7\u00e3o, forma\u00e7\u00e3o e frui\u00e7\u00e3o formam o trip\u00e9 do evento programado para o Dia da Consci\u00eancia Negra, no pr\u00f3ximo domingo, 20, no Museu Ferrovi\u00e1rio de Juiz de Fora, localizado na Avenida Brasil 2001 \u2013 Centro. Organizada pelo Conselho Municipal de Promo\u00e7\u00e3o da Igualdade Racial (Compir), em parceria com a Funda\u00e7\u00e3o Cultural Alfredo Ferreira Lage (Funalfa), a programa\u00e7\u00e3o inclui feira de arte e artesanato, bate-papo, palestra, oficina de turbante, samba com as Charmosas do Tamborim, conta\u00e7\u00e3o de hist\u00f3rias com o grupo Nzinga e teatro com As Ruths. As atividades ter\u00e3o in\u00edcio \u00e0s 8h e seguem at\u00e9 19h, sendo gratuitas e livres para todos os p\u00fablicos.<\/p>\n<p>A iniciativa tem como objetivo debater os avan\u00e7os e os desafios da pauta da igualdade racial em Juiz de Fora e no Brasil, considerando os recortes econ\u00f4mico, pol\u00edtico, social, educacional e cultural. \u201cNossa milit\u00e2ncia soma incont\u00e1veis vit\u00f3rias, mas precisamos seguir firmes, porque ainda temos muito o que avan\u00e7ar na luta por igualdade,\u201d afirma Paulo Azarias, integrante do Compir.<\/p>\n<p>O evento \u00e9 parte da Agenda Novembro Negro, organizada pela Prefeitura de Juiz de Fora, com participa\u00e7\u00e3o de v\u00e1rias secretarias municipais e de institui\u00e7\u00f5es parceiras.<\/p>\n<p><strong>Confira a programa\u00e7\u00e3o de domingo:<\/strong><br \/>\n* 8h \u00e0s 18h \u2013 Feira do Etnodesenvolvimento + Lixarte Brech\u00f3 com Arte (croch\u00ea, roupas, acess\u00f3rios)<\/p>\n<p>* 9h \u2013 Palestra \u201cA import\u00e2ncia dos contos de fadas\u201d, com Fl\u00e1via Nascimento<\/p>\n<p>* 11h \u2013 Roda de conversa \u201cSe o poder \u00e9 bom, negras e negros querem poder!\u201d, com participa\u00e7\u00e3o de ex-candidatos pretas e pretos aos poderes Executivo e Legislativo<\/p>\n<p>* 13h \u2013 Bate-papo com Matheus Leri \u2013 Juventude Negra e LGBTQIA+<\/p>\n<p>* 14h \u2013 Oficina de turbante \u201cCultura e resist\u00eancia para al\u00e9m de est\u00e9ticas\u201d, com Elizabete Martins e Marilda Sime\u00e3o<\/p>\n<p>* 15h \u2013 Show \u201cVamos todos cantar e dan\u00e7ar\u201d, com as Charmosas do Tamborim<\/p>\n<p>* 16h \u2013 Conta\u00e7\u00e3o de hist\u00f3rias \u201cConto e reconto africano\u201d, com o grupo Nzingas<\/p>\n<p>* 17h \u2013 Palestra \u201cEconomia: Como cuidar do seu dinheiro\u201d, com V\u00e2nia Nascimento<\/p>\n<p>* 18h \u2013 Apresenta\u00e7\u00e3o do Grupo de Artes C\u00eanicas e Pol\u00edticas As Ruths<\/p>\n","protected":false},"excerpt":{"rendered":"<p>Segundo informa\u00e7\u00f5es do site da Prefeitura de Juiz de Fora (PJF), Informa\u00e7\u00e3o, forma\u00e7\u00e3o e frui\u00e7\u00e3o formam o trip\u00e9 do evento programado para o Dia da Consci\u00eancia Negra, no pr\u00f3ximo domingo, 20, no Museu Ferrovi\u00e1rio de Juiz de Fora, localizado na Avenida Brasil 2001 \u2013 Centro. Organizada pelo Conselho Municipal de Promo\u00e7\u00e3o da Igualdade Racial (Compir), [&hellip;]<\/p>\n","protected":false},"author":246,"featured_media":206725,"comment_status":"closed","ping_status":"closed","sticky":false,"template":"","format":"standard","meta":{"footnotes":""},"categories":[253,436,439],"tags":[],"class_list":["post-206724","post","type-post","status-publish","format-standard","has-post-thumbnail","hentry","category-cidade","category-destaque-da-semana","category-ultima-hora"],"_links":{"self":[{"href":"https:\/\/diarioregionaldigital.com.br\/index.php?rest_route=\/wp\/v2\/posts\/206724","targetHints":{"allow":["GET"]}}],"collection":[{"href":"https:\/\/diarioregionaldigital.com.br\/index.php?rest_route=\/wp\/v2\/posts"}],"about":[{"href":"https:\/\/diarioregionaldigital.com.br\/index.php?rest_route=\/wp\/v2\/types\/post"}],"author":[{"embeddable":true,"href":"https:\/\/diarioregionaldigital.com.br\/index.php?rest_route=\/wp\/v2\/users\/246"}],"replies":[{"embeddable":true,"href":"https:\/\/diarioregionaldigital.com.br\/index.php?rest_route=%2Fwp%2Fv2%2Fcomments&post=206724"}],"version-history":[{"count":1,"href":"https:\/\/diarioregionaldigital.com.br\/index.php?rest_route=\/wp\/v2\/posts\/206724\/revisions"}],"predecessor-version":[{"id":206726,"href":"https:\/\/diarioregionaldigital.com.br\/index.php?rest_route=\/wp\/v2\/posts\/206724\/revisions\/206726"}],"wp:featuredmedia":[{"embeddable":true,"href":"https:\/\/diarioregionaldigital.com.br\/index.php?rest_route=\/wp\/v2\/media\/206725"}],"wp:attachment":[{"href":"https:\/\/diarioregionaldigital.com.br\/index.php?rest_route=%2Fwp%2Fv2%2Fmedia&parent=206724"}],"wp:term":[{"taxonomy":"category","embeddable":true,"href":"https:\/\/diarioregionaldigital.com.br\/index.php?rest_route=%2Fwp%2Fv2%2Fcategories&post=206724"},{"taxonomy":"post_tag","embeddable":true,"href":"https:\/\/diarioregionaldigital.com.br\/index.php?rest_route=%2Fwp%2Fv2%2Ftags&post=206724"}],"curies":[{"name":"wp","href":"https:\/\/api.w.org\/{rel}","templated":true}]}}