{"id":206721,"date":"2022-11-17T19:31:36","date_gmt":"2022-11-17T22:31:36","guid":{"rendered":"https:\/\/diarioregionaldigital.com.br\/?p=206721"},"modified":"2022-11-17T19:31:36","modified_gmt":"2022-11-17T22:31:36","slug":"transito-na-avenida-itamar-franco-esta-liberado-apos-intervencoes-da-secretaria-de-obras","status":"publish","type":"post","link":"https:\/\/diarioregionaldigital.com.br\/?p=206721","title":{"rendered":"Tr\u00e2nsito na Avenida Itamar Franco est\u00e1 liberado ap\u00f3s interven\u00e7\u00f5es da Secretaria de Obras"},"content":{"rendered":"<p>Segundo informa\u00e7\u00f5es do site da Prefeitura de Juiz de Fora (PJF), a PJF informa que a interven\u00e7\u00e3o realizada na manh\u00e3 desta quinta-feira, 17, na Avenida Presidente Itamar Franco, foi feita para o reparo da rede de drenagem. A Secretaria de Obras identificou um rompimento em uma das manilhas e j\u00e1 realizou rejuntamento, consertando o problema. O trecho j\u00e1 se encontra com o tr\u00e2nsito normalizado.<\/p>\n","protected":false},"excerpt":{"rendered":"<p>Segundo informa\u00e7\u00f5es do site da Prefeitura de Juiz de Fora (PJF), a PJF informa que a interven\u00e7\u00e3o realizada na manh\u00e3 desta quinta-feira, 17, na Avenida Presidente Itamar Franco, foi feita para o reparo da rede de drenagem. A Secretaria de Obras identificou um rompimento em uma das manilhas e j\u00e1 realizou rejuntamento, consertando o problema. [&hellip;]<\/p>\n","protected":false},"author":246,"featured_media":206722,"comment_status":"closed","ping_status":"closed","sticky":false,"template":"","format":"standard","meta":{"footnotes":""},"categories":[253,436,439],"tags":[],"class_list":["post-206721","post","type-post","status-publish","format-standard","has-post-thumbnail","hentry","category-cidade","category-destaque-da-semana","category-ultima-hora"],"_links":{"self":[{"href":"https:\/\/diarioregionaldigital.com.br\/index.php?rest_route=\/wp\/v2\/posts\/206721","targetHints":{"allow":["GET"]}}],"collection":[{"href":"https:\/\/diarioregionaldigital.com.br\/index.php?rest_route=\/wp\/v2\/posts"}],"about":[{"href":"https:\/\/diarioregionaldigital.com.br\/index.php?rest_route=\/wp\/v2\/types\/post"}],"author":[{"embeddable":true,"href":"https:\/\/diarioregionaldigital.com.br\/index.php?rest_route=\/wp\/v2\/users\/246"}],"replies":[{"embeddable":true,"href":"https:\/\/diarioregionaldigital.com.br\/index.php?rest_route=%2Fwp%2Fv2%2Fcomments&post=206721"}],"version-history":[{"count":1,"href":"https:\/\/diarioregionaldigital.com.br\/index.php?rest_route=\/wp\/v2\/posts\/206721\/revisions"}],"predecessor-version":[{"id":206723,"href":"https:\/\/diarioregionaldigital.com.br\/index.php?rest_route=\/wp\/v2\/posts\/206721\/revisions\/206723"}],"wp:featuredmedia":[{"embeddable":true,"href":"https:\/\/diarioregionaldigital.com.br\/index.php?rest_route=\/wp\/v2\/media\/206722"}],"wp:attachment":[{"href":"https:\/\/diarioregionaldigital.com.br\/index.php?rest_route=%2Fwp%2Fv2%2Fmedia&parent=206721"}],"wp:term":[{"taxonomy":"category","embeddable":true,"href":"https:\/\/diarioregionaldigital.com.br\/index.php?rest_route=%2Fwp%2Fv2%2Fcategories&post=206721"},{"taxonomy":"post_tag","embeddable":true,"href":"https:\/\/diarioregionaldigital.com.br\/index.php?rest_route=%2Fwp%2Fv2%2Ftags&post=206721"}],"curies":[{"name":"wp","href":"https:\/\/api.w.org\/{rel}","templated":true}]}}