{"id":206715,"date":"2022-11-17T19:17:56","date_gmt":"2022-11-17T22:17:56","guid":{"rendered":"https:\/\/diarioregionaldigital.com.br\/?p=206715"},"modified":"2022-11-17T19:17:56","modified_gmt":"2022-11-17T22:17:56","slug":"catar-recebe-copa-com-estadios-que-unem-modernidade-e-tradicao","status":"publish","type":"post","link":"https:\/\/diarioregionaldigital.com.br\/?p=206715","title":{"rendered":"Catar recebe Copa com est\u00e1dios que unem modernidade e tradi\u00e7\u00e3o"},"content":{"rendered":"<p>Com a honra de ser o primeiro pa\u00eds do Oriente M\u00e9dio a sediar uma edi\u00e7\u00e3o de Copa do Mundo de futebol masculino, o Catar construiu sete novos est\u00e1dios, que se unir\u00e3o ao Est\u00e1dio Internacional Khalifa para receber as partidas da competi\u00e7\u00e3o, cujo pontap\u00e9 inicial ser\u00e1 dado no pr\u00f3ximo domingo (20), com a partir entre Catar e Equador no Est\u00e1dio Al Bayt.<img decoding=\"async\" src=\"https:\/\/agenciabrasil.ebc.com.br\/ebc.png?id=1493933&amp;o=node\" \/><img decoding=\"async\" src=\"https:\/\/agenciabrasil.ebc.com.br\/ebc.gif?id=1493933&amp;o=node\" \/><\/p>\n<p>Para receber torcedores provenientes de diferentes partes do mundo, o Catar preparou est\u00e1dios muito modernos, mas sem deixar de lado a tradi\u00e7\u00e3o e cultura local, que aparecem no design de cada pra\u00e7a esportiva.<\/p>\n<h2>Est\u00e1dio Al Thumama<\/h2>\n<p>Com design inspirado nos tecidos da gahfiya (uma tradicional touca usada por homens do Oriente M\u00e9dio), o Est\u00e1dio Al Thumama est\u00e1 localizado em um distrito de Doha. A pra\u00e7a esportiva, que receber\u00e1 jogos da fase de grupos, das oitavas de final e das quartas, tem capacidade para receber 40 mil torcedores.<\/p>\n<h2>Est\u00e1dio Al Janoub<\/h2>\n<p>Tendo capacidade para 40 mil pessoas, o Est\u00e1dio Al Janoub est\u00e1 localizado na cidade de Al Wakrah, que fica no sul do Catar. A instala\u00e7\u00e3o esportiva, que foi inaugurada em maio de 2019, receber\u00e1 apenas partidas da fase de grupos e das oitavas de final.<\/p>\n<h2>Est\u00e1dio Al Bayt<\/h2>\n<p>Localizado na cidade de Al Khor, o Est\u00e1dio Al Bayt receber\u00e1 partidas de todas as fases da Copa do Mundo, entre elas a abertura, entre Catar e Equador, no dia 20 de novembro. Com capacidade para receber at\u00e9 60 mil torcedores, a instala\u00e7\u00e3o esportiva teve seu projeto inspirado nas tradicionais tendas usadas por povos n\u00f4mades.<\/p>\n<h2>Est\u00e1dio Ahmad Bin Ali<\/h2>\n<p>Casa do Al Rayyan Sports Club, o Est\u00e1dio Ahmad Bin Ali receber\u00e1 at\u00e9 40 mil torcedores em jogos da fase de grupos e das oitavas de final. Localizada em Al Rayyan, a instala\u00e7\u00e3o esportiva, chamada de Portal do Deserto, foi inaugurada em dezembro de 2020, com a disputa da final da Copa do Emir.<\/p>\n<h2>Est\u00e1dio Cidade da Educa\u00e7\u00e3o<\/h2>\n<p>Situado em um polo de fomento de conhecimento e inova\u00e7\u00e3o em Doha, o Est\u00e1dio Cidade da Educa\u00e7\u00e3o ser\u00e1 palco de jogos da fase de grupos, das oitavas de final e das quartas. Com um projeto que tem a acessibilidade como uma de suas prioridades, a instala\u00e7\u00e3o conta com 40 mil lugares.<\/p>\n<h2>Est\u00e1dio 974<\/h2>\n<p>Constru\u00eddo com cont\u00eaineres, o Est\u00e1dio 974 (n\u00famero do c\u00f3digo de discagem internacional para o Catar) tem design inspirado no com\u00e9rcio mundial e mar\u00edtimo. A instala\u00e7\u00e3o, localizada no porto de Doha e que receber\u00e1 partidas da fase de grupos (entre elas uma da sele\u00e7\u00e3o brasileira) e das oitavas, tem capacidade para acomodar at\u00e9 40 mil pessoas.<\/p>\n<h2>Est\u00e1dio Internacional Khalifa<\/h2>\n<p>Constru\u00eddo em 1976, o Est\u00e1dio Internacional Khalifa foi remodelado para a Copa de 2022. Localizado em Doha e com capacidade para receber at\u00e9 40 mil torcedores, a instala\u00e7\u00e3o tem sediado importantes eventos esportivos nos \u00faltimos anos, como a final do Mundial de Clubes de 2019, entre Flamengo e Liverpool (Inglaterra). O est\u00e1dio receber\u00e1 jogos da fase de grupos, das oitavas e da disputa pelo 3\u00ba lugar.<\/p>\n<h2>Est\u00e1dio Lusail<\/h2>\n<p>O Est\u00e1dio Lusail \u00e9 o palco da grande decis\u00e3o do Mundial do Catar. Com capacidade para 80 mil torcedores, a instala\u00e7\u00e3o esportiva receber\u00e1 partidas de todas as etapas da competi\u00e7\u00e3o (incluindo duas do Brasil pela fase de grupos). Lusail \u00e9 uma metr\u00f3pole de \u00faltima gera\u00e7\u00e3o rec\u00e9m-constru\u00edda por ocasi\u00e3o do megaevento esportivo.<\/p>\n<p><span style=\"font-weight: 400;\">Fonte: Ag\u00eancia Brasil <\/span><\/p>\n","protected":false},"excerpt":{"rendered":"<p>Com a honra de ser o primeiro pa\u00eds do Oriente M\u00e9dio a sediar uma edi\u00e7\u00e3o de Copa do Mundo de futebol masculino, o Catar construiu sete novos est\u00e1dios, que se unir\u00e3o ao Est\u00e1dio Internacional Khalifa para receber as partidas da competi\u00e7\u00e3o, cujo pontap\u00e9 inicial ser\u00e1 dado no pr\u00f3ximo domingo (20), com a partir entre Catar [&hellip;]<\/p>\n","protected":false},"author":246,"featured_media":206716,"comment_status":"closed","ping_status":"closed","sticky":false,"template":"","format":"standard","meta":{"footnotes":""},"categories":[436,257,439],"tags":[],"class_list":["post-206715","post","type-post","status-publish","format-standard","has-post-thumbnail","hentry","category-destaque-da-semana","category-esporte","category-ultima-hora"],"_links":{"self":[{"href":"https:\/\/diarioregionaldigital.com.br\/index.php?rest_route=\/wp\/v2\/posts\/206715","targetHints":{"allow":["GET"]}}],"collection":[{"href":"https:\/\/diarioregionaldigital.com.br\/index.php?rest_route=\/wp\/v2\/posts"}],"about":[{"href":"https:\/\/diarioregionaldigital.com.br\/index.php?rest_route=\/wp\/v2\/types\/post"}],"author":[{"embeddable":true,"href":"https:\/\/diarioregionaldigital.com.br\/index.php?rest_route=\/wp\/v2\/users\/246"}],"replies":[{"embeddable":true,"href":"https:\/\/diarioregionaldigital.com.br\/index.php?rest_route=%2Fwp%2Fv2%2Fcomments&post=206715"}],"version-history":[{"count":1,"href":"https:\/\/diarioregionaldigital.com.br\/index.php?rest_route=\/wp\/v2\/posts\/206715\/revisions"}],"predecessor-version":[{"id":206717,"href":"https:\/\/diarioregionaldigital.com.br\/index.php?rest_route=\/wp\/v2\/posts\/206715\/revisions\/206717"}],"wp:featuredmedia":[{"embeddable":true,"href":"https:\/\/diarioregionaldigital.com.br\/index.php?rest_route=\/wp\/v2\/media\/206716"}],"wp:attachment":[{"href":"https:\/\/diarioregionaldigital.com.br\/index.php?rest_route=%2Fwp%2Fv2%2Fmedia&parent=206715"}],"wp:term":[{"taxonomy":"category","embeddable":true,"href":"https:\/\/diarioregionaldigital.com.br\/index.php?rest_route=%2Fwp%2Fv2%2Fcategories&post=206715"},{"taxonomy":"post_tag","embeddable":true,"href":"https:\/\/diarioregionaldigital.com.br\/index.php?rest_route=%2Fwp%2Fv2%2Ftags&post=206715"}],"curies":[{"name":"wp","href":"https:\/\/api.w.org\/{rel}","templated":true}]}}