{"id":206712,"date":"2022-11-17T19:13:49","date_gmt":"2022-11-17T22:13:49","guid":{"rendered":"https:\/\/diarioregionaldigital.com.br\/?p=206712"},"modified":"2022-11-17T19:13:49","modified_gmt":"2022-11-17T22:13:49","slug":"gana-vence-suica-por-2-a-0-em-ultimo-amistoso-antes-da-copa-do-catar","status":"publish","type":"post","link":"https:\/\/diarioregionaldigital.com.br\/?p=206712","title":{"rendered":"Gana vence Su\u00ed\u00e7a por 2 a 0 em \u00faltimo amistoso antes da Copa do Catar"},"content":{"rendered":"<p>A Sui\u00e7a,\u00a0segunda\u00a0advers\u00e1ria da sele\u00e7\u00e3o brasileira na Copa do Mundo do Catar, trope\u00e7ou no \u00faltimo amistoso antes do in\u00edcio da competi\u00e7\u00e3o. Na manh\u00e3 desta\u00a0quinta-feira (17), o pa\u00eds perdeu de 2 a 0 para Gana em em\u00a0Abu Dhabi, capital do\u00a0Emirados \u00c1rabes Unidos.\u00a0<img decoding=\"async\" src=\"https:\/\/agenciabrasil.ebc.com.br\/ebc.png?id=1493980&amp;o=node\" \/><img decoding=\"async\" src=\"https:\/\/agenciabrasil.ebc.com.br\/ebc.gif?id=1493980&amp;o=node\" \/><\/p>\n<p>Os ganenses, que tamb\u00e9m disputar\u00e3o o Mundial, \u00a0marcaram os gols apenas no segundo tempo, com Salisu e Semeneyo. A sele\u00e7\u00e3o de Gana inicia a primeira fase da Copa no Grupo H, que tem ainda Coreia do Sul, Portugal e Uruguai.<\/p>\n<p>Apesar do desempenho frustrante dos su\u00ed\u00e7os, o meio-campista Ruben Vargas, filho de pai dominicano, se destacou pelo pa\u00eds europeu.<\/p>\n<p>No Grupo G, a Su\u00ed\u00e7a estreia na Copa horas antes da estreia do\u00a0Brasil. O advers\u00e1rio ser\u00e1 Camar\u00f5es, na pr\u00f3xima quinta-feira (24)\u00a0\u00e0s 7h (hor\u00e1rio de Bras\u00edlia), no est\u00e1dio Al Janoub.\u00a0Os brasileiros entram em campo apenas\u00a0\u00e0s 16h, quando enfrentar\u00e3o a S\u00e9rvia, no Est\u00e1dio Nacional de Lusail.<\/p>\n<p>Brasil e Su\u00ed\u00e7a duelam apenas na\u00a0segunda\u00a0rodada da fase de grupos, no dia 28 (uma segunda-feira),\u00a0\u00e0s\u00a013h, no Est\u00e1dio 974, em Doha.<\/p>\n<p><span style=\"font-weight: 400;\">Fonte: Ag\u00eancia Brasil <\/span><\/p>\n","protected":false},"excerpt":{"rendered":"<p>A Sui\u00e7a,\u00a0segunda\u00a0advers\u00e1ria da sele\u00e7\u00e3o brasileira na Copa do Mundo do Catar, trope\u00e7ou no \u00faltimo amistoso antes do in\u00edcio da competi\u00e7\u00e3o. Na manh\u00e3 desta\u00a0quinta-feira (17), o pa\u00eds perdeu de 2 a 0 para Gana em em\u00a0Abu Dhabi, capital do\u00a0Emirados \u00c1rabes Unidos.\u00a0 Os ganenses, que tamb\u00e9m disputar\u00e3o o Mundial, \u00a0marcaram os gols apenas no segundo tempo, com [&hellip;]<\/p>\n","protected":false},"author":246,"featured_media":206713,"comment_status":"closed","ping_status":"closed","sticky":false,"template":"","format":"standard","meta":{"footnotes":""},"categories":[436,257,439],"tags":[],"class_list":["post-206712","post","type-post","status-publish","format-standard","has-post-thumbnail","hentry","category-destaque-da-semana","category-esporte","category-ultima-hora"],"_links":{"self":[{"href":"https:\/\/diarioregionaldigital.com.br\/index.php?rest_route=\/wp\/v2\/posts\/206712","targetHints":{"allow":["GET"]}}],"collection":[{"href":"https:\/\/diarioregionaldigital.com.br\/index.php?rest_route=\/wp\/v2\/posts"}],"about":[{"href":"https:\/\/diarioregionaldigital.com.br\/index.php?rest_route=\/wp\/v2\/types\/post"}],"author":[{"embeddable":true,"href":"https:\/\/diarioregionaldigital.com.br\/index.php?rest_route=\/wp\/v2\/users\/246"}],"replies":[{"embeddable":true,"href":"https:\/\/diarioregionaldigital.com.br\/index.php?rest_route=%2Fwp%2Fv2%2Fcomments&post=206712"}],"version-history":[{"count":1,"href":"https:\/\/diarioregionaldigital.com.br\/index.php?rest_route=\/wp\/v2\/posts\/206712\/revisions"}],"predecessor-version":[{"id":206714,"href":"https:\/\/diarioregionaldigital.com.br\/index.php?rest_route=\/wp\/v2\/posts\/206712\/revisions\/206714"}],"wp:featuredmedia":[{"embeddable":true,"href":"https:\/\/diarioregionaldigital.com.br\/index.php?rest_route=\/wp\/v2\/media\/206713"}],"wp:attachment":[{"href":"https:\/\/diarioregionaldigital.com.br\/index.php?rest_route=%2Fwp%2Fv2%2Fmedia&parent=206712"}],"wp:term":[{"taxonomy":"category","embeddable":true,"href":"https:\/\/diarioregionaldigital.com.br\/index.php?rest_route=%2Fwp%2Fv2%2Fcategories&post=206712"},{"taxonomy":"post_tag","embeddable":true,"href":"https:\/\/diarioregionaldigital.com.br\/index.php?rest_route=%2Fwp%2Fv2%2Ftags&post=206712"}],"curies":[{"name":"wp","href":"https:\/\/api.w.org\/{rel}","templated":true}]}}