{"id":206706,"date":"2022-11-17T19:09:25","date_gmt":"2022-11-17T22:09:25","guid":{"rendered":"https:\/\/diarioregionaldigital.com.br\/?p=206706"},"modified":"2022-11-17T19:09:25","modified_gmt":"2022-11-17T22:09:25","slug":"aos-21-anos-atacante-rodrygo-segura-ansiedade-pela-estreia-da-selecao","status":"publish","type":"post","link":"https:\/\/diarioregionaldigital.com.br\/?p=206706","title":{"rendered":"Aos 21 anos, atacante Rodrygo segura ansiedade pela estreia da sele\u00e7\u00e3o"},"content":{"rendered":"<p>Nesta quinta-feira (17), quarto dia de treinos da sele\u00e7\u00e3o brasileira no CT da Juventus, em Turim (It\u00e1lia), quem conversou com os jornalistas foi o atacante Rodrygo, de 21 anos.\u00a0O jogador do Real Madrid falou sobre a expectativa de sua primeira Copa do Mundo, cuja estreia do Brasil ser\u00e1 na pr\u00f3xima quinta-feira (24), \u00e0s 16h (hor\u00e1rio de Bras\u00edlia) no Est\u00e1dio Nacional de Lusail, no Catar.<img decoding=\"async\" src=\"https:\/\/agenciabrasil.ebc.com.br\/ebc.png?id=1494039&amp;o=node\" \/><img decoding=\"async\" src=\"https:\/\/agenciabrasil.ebc.com.br\/ebc.gif?id=1494039&amp;o=node\" \/><\/p>\n<blockquote><p>\u201cCora\u00e7\u00e3o muito ansioso, acho que normal. Todos os jogadores est\u00e3o&#8221;, revelou o atleta\u00a0 ap\u00f3s o treino.<\/p><\/blockquote>\n<p>Rodrygo disse que ningu\u00e9m sabe ainda quais ser\u00e3o os titulares no jogo de estreia do Brasil contra a S\u00e9rvia,\u00a0na pr\u00f3xima\u00a0<span id=\"OBJ_PREFIX_DWT757_com_zimbra_date\" role=\"link\"><span id=\"OBJ_PREFIX_DWT762_com_zimbra_date\" role=\"link\">quinta<\/span><\/span>-feira (24), pela primeira rodada do Grupo G (que tem ainda Camar\u00f5es e Sui\u00e7a).<\/p>\n<blockquote><p>\u201cN\u00e3o sei e gostaria muito de saber , mas o Tite n\u00e3o passou nada. Ele est\u00e1 treinando todos da mesma forma para todos estarem preparados. Mas ningu\u00e9m sabe quem ser\u00e3o os titulares\u201d.<\/p><\/blockquote>\n<div class=\"twitter-tweet twitter-tweet-rendered\"><iframe id=\"twitter-widget-0\" class=\"\" title=\"Twitter Tweet\" src=\"https:\/\/platform.twitter.com\/embed\/Tweet.html?creatorScreenName=agenciabrasil&amp;dnt=false&amp;embedId=twitter-widget-0&amp;features=eyJ0ZndfdGltZWxpbmVfbGlzdCI6eyJidWNrZXQiOlsibGlua3RyLmVlIiwidHIuZWUiLCJ0ZXJyYS5jb20uYnIiLCJ3d3cubGlua3RyLmVlIiwid3d3LnRyLmVlIiwid3d3LnRlcnJhLmNvbS5iciJdLCJ2ZXJzaW9uIjpudWxsfSwidGZ3X2hvcml6b25fdGltZWxpbmVfMTIwMzQiOnsiYnVja2V0IjoidHJlYXRtZW50IiwidmVyc2lvbiI6bnVsbH0sInRmd190d2VldF9lZGl0X2JhY2tlbmQiOnsiYnVja2V0Ijoib24iLCJ2ZXJzaW9uIjpudWxsfSwidGZ3X3JlZnNyY19zZXNzaW9uIjp7ImJ1Y2tldCI6Im9uIiwidmVyc2lvbiI6bnVsbH0sInRmd19jaGluX3BpbGxzXzE0NzQxIjp7ImJ1Y2tldCI6ImNvbG9yX2ljb25zIiwidmVyc2lvbiI6bnVsbH0sInRmd190d2VldF9yZXN1bHRfbWlncmF0aW9uXzEzOTc5Ijp7ImJ1Y2tldCI6InR3ZWV0X3Jlc3VsdCIsInZlcnNpb24iOm51bGx9LCJ0Zndfc2Vuc2l0aXZlX21lZGlhX2ludGVyc3RpdGlhbF8xMzk2MyI6eyJidWNrZXQiOiJpbnRlcnN0aXRpYWwiLCJ2ZXJzaW9uIjpudWxsfSwidGZ3X2V4cGVyaW1lbnRzX2Nvb2tpZV9leHBpcmF0aW9uIjp7ImJ1Y2tldCI6MTIwOTYwMCwidmVyc2lvbiI6bnVsbH0sInRmd19kdXBsaWNhdGVfc2NyaWJlc190b19zZXR0aW5ncyI6eyJidWNrZXQiOiJvbiIsInZlcnNpb24iOm51bGx9LCJ0ZndfdmlkZW9faGxzX2R5bmFtaWNfbWFuaWZlc3RzXzE1MDgyIjp7ImJ1Y2tldCI6InRydWVfYml0cmF0ZSIsInZlcnNpb24iOm51bGx9LCJ0Zndfc2hvd19ibHVlX3ZlcmlmaWVkX2JhZGdlIjp7ImJ1Y2tldCI6Im9uIiwidmVyc2lvbiI6bnVsbH0sInRmd190d2VldF9lZGl0X2Zyb250ZW5kIjp7ImJ1Y2tldCI6Im9uIiwidmVyc2lvbiI6bnVsbH19&amp;frame=false&amp;hideCard=false&amp;hideThread=false&amp;id=1593225376192671752&amp;lang=pt&amp;origin=https%3A%2F%2Fagenciabrasil.ebc.com.br%2Fesportes%2Fnoticia%2F2022-11%2Faos-21-anos-atacante-rodrygo-nao-ve-hora-de-estrear-pela-selecao&amp;sessionId=3e11922b4d2312bbcaf508c868b5418dee438339&amp;siteScreenName=agenciabrasil&amp;theme=light&amp;widgetsVersion=a3525f077c700%3A1667415560940&amp;width=550px\" frameborder=\"0\" scrolling=\"no\" allowfullscreen=\"allowfullscreen\" data-tweet-id=\"1593225376192671752\" data-mce-fragment=\"1\"><\/iframe><\/div>\n<p>Formado na categoria de base do Santos, assim como Neymar,\u00a0o jogador do Real Madrid falou sobre a admira\u00e7\u00e3o pelo companheiro de posi\u00e7\u00e3o.<\/p>\n<blockquote><p>&#8220;Primeiro, \u00e9 uma honra jogar com ele, era um \u00eddolo e ainda \u00e9. Cresci indo na Vila ver ele jogar. Sempre foi um l\u00edder, na \u00e9poca do Santos j\u00e1 era, e aqui n\u00e3o \u00e9 diferente. Ele passa muita confian\u00e7a para os mais jovens, \u00e9 um cara muito bom de ter no grupo para al\u00e9m da qualidade&#8221;.<\/p><\/blockquote>\n<p>O atacante \u00e9 um dos mais jovens do time comandado pelo t\u00e9cnico Tite. Ele e Gabriel Martinelli nasceram em 2001, sendo que Rodrygo\u00a0nasceu em janeiro, cinco meses antes que Martinelli.<\/p>\n<blockquote><p>\u201cMas n\u00e3o tirou muito esse peso [responsabilidade] n\u00e3o, porque qualquer coisa os mais jovens t\u00eam de ir e sobra pra mim, tendo Martinelli [ca\u00e7ula] , ou n\u00e3o, estou lascado&#8221;.<\/p><\/blockquote>\n<p>Um dos m\u00fasicos da equipe, Rodrygo revelou quem toca o qu\u00ea no pagode da sele\u00e7\u00e3o.<\/p>\n<p>\u201cSou o cara do banjo, Dani no tantan, Raphinha no pandeiro, e o Pombo fica s\u00f3 atrapalhando a gente, pegando cada hora um instrumento. \u00c9 uma rela\u00e7\u00e3o muito boa que temos no vesti\u00e1rio. Sabemos da nossa responsabilidade tanto fora como dentro de campo. Sei da responsabilidade que temos agora, ent\u00e3o procuramos sempre estar na linha, fazendo a coisa certa, pois somos exemplos para muitas pessoas\u201d, finalizou.<\/p>\n<p><span style=\"font-weight: 400;\">Fonte: Ag\u00eancia Brasil <\/span><\/p>\n","protected":false},"excerpt":{"rendered":"<p>Nesta quinta-feira (17), quarto dia de treinos da sele\u00e7\u00e3o brasileira no CT da Juventus, em Turim (It\u00e1lia), quem conversou com os jornalistas foi o atacante Rodrygo, de 21 anos.\u00a0O jogador do Real Madrid falou sobre a expectativa de sua primeira Copa do Mundo, cuja estreia do Brasil ser\u00e1 na pr\u00f3xima quinta-feira (24), \u00e0s 16h (hor\u00e1rio [&hellip;]<\/p>\n","protected":false},"author":246,"featured_media":206707,"comment_status":"closed","ping_status":"closed","sticky":false,"template":"","format":"standard","meta":{"footnotes":""},"categories":[436,440,257,439],"tags":[],"class_list":["post-206706","post","type-post","status-publish","format-standard","has-post-thumbnail","hentry","category-destaque-da-semana","category-destaques-do-dia","category-esporte","category-ultima-hora"],"_links":{"self":[{"href":"https:\/\/diarioregionaldigital.com.br\/index.php?rest_route=\/wp\/v2\/posts\/206706","targetHints":{"allow":["GET"]}}],"collection":[{"href":"https:\/\/diarioregionaldigital.com.br\/index.php?rest_route=\/wp\/v2\/posts"}],"about":[{"href":"https:\/\/diarioregionaldigital.com.br\/index.php?rest_route=\/wp\/v2\/types\/post"}],"author":[{"embeddable":true,"href":"https:\/\/diarioregionaldigital.com.br\/index.php?rest_route=\/wp\/v2\/users\/246"}],"replies":[{"embeddable":true,"href":"https:\/\/diarioregionaldigital.com.br\/index.php?rest_route=%2Fwp%2Fv2%2Fcomments&post=206706"}],"version-history":[{"count":1,"href":"https:\/\/diarioregionaldigital.com.br\/index.php?rest_route=\/wp\/v2\/posts\/206706\/revisions"}],"predecessor-version":[{"id":206708,"href":"https:\/\/diarioregionaldigital.com.br\/index.php?rest_route=\/wp\/v2\/posts\/206706\/revisions\/206708"}],"wp:featuredmedia":[{"embeddable":true,"href":"https:\/\/diarioregionaldigital.com.br\/index.php?rest_route=\/wp\/v2\/media\/206707"}],"wp:attachment":[{"href":"https:\/\/diarioregionaldigital.com.br\/index.php?rest_route=%2Fwp%2Fv2%2Fmedia&parent=206706"}],"wp:term":[{"taxonomy":"category","embeddable":true,"href":"https:\/\/diarioregionaldigital.com.br\/index.php?rest_route=%2Fwp%2Fv2%2Fcategories&post=206706"},{"taxonomy":"post_tag","embeddable":true,"href":"https:\/\/diarioregionaldigital.com.br\/index.php?rest_route=%2Fwp%2Fv2%2Ftags&post=206706"}],"curies":[{"name":"wp","href":"https:\/\/api.w.org\/{rel}","templated":true}]}}