{"id":206703,"date":"2022-11-17T18:57:07","date_gmt":"2022-11-17T21:57:07","guid":{"rendered":"https:\/\/diarioregionaldigital.com.br\/?p=206703"},"modified":"2022-11-17T18:57:07","modified_gmt":"2022-11-17T21:57:07","slug":"cnj-justica-manda-apurar-situacao-de-criancas-em-acampamentos","status":"publish","type":"post","link":"https:\/\/diarioregionaldigital.com.br\/?p=206703","title":{"rendered":"CNJ: Justi\u00e7a manda apurar situa\u00e7\u00e3o de crian\u00e7as em acampamentos"},"content":{"rendered":"<p>O Conselho Nacional de Justi\u00e7a (CNJ) determinou que as varas da Inf\u00e2ncia e da Juventude de todo o pa\u00eds verifiquem presencialmente a situa\u00e7\u00e3o de crian\u00e7as e adolescentes em acampamentos em frente a instala\u00e7\u00f5es do Ex\u00e9rcito, montados por manifestantes inconformados com o resultado da elei\u00e7\u00e3o presidencial de outubro.<img decoding=\"async\" src=\"https:\/\/agenciabrasil.ebc.com.br\/ebc.png?id=1494021&amp;o=node\" \/><img decoding=\"async\" src=\"https:\/\/agenciabrasil.ebc.com.br\/ebc.gif?id=1494021&amp;o=node\" \/><\/p>\n<p>Em decis\u00e3o assinada ontem (16), o corregedor nacional de Justi\u00e7a, Lu\u00eds Felipe Salom\u00e3o, afirma que decis\u00e3o do Supremo Tribunal Federal (STF) j\u00e1 apontou o cometimento de poss\u00edvel crime por pessoas que pedem interven\u00e7\u00e3o militar no pa\u00eds.<\/p>\n<p>O corregedor anexou no despacho links para v\u00eddeos publicados em redes sociais que mostram barracas montadas sobre a lama e alimentos sendo preparados e consumidos em condi\u00e7\u00f5es prec\u00e1rias, em meio \u00e0 chuva, bem como a presen\u00e7a de crian\u00e7as e adolescentes em tais locais.<\/p>\n<p>\u201cPara al\u00e9m dos crimes que possam ser praticados pelos supostos manifestantes, chama a aten\u00e7\u00e3o a presen\u00e7a de crian\u00e7as e adolescentes nesses movimentos \u2013 como se comprova tamb\u00e9m nos v\u00eddeos acima citados \u2013 o que, somado \u00e0s condi\u00e7\u00f5es potencialmente insalubres de tais acampamentos, deve despertar a preocupa\u00e7\u00e3o de agentes p\u00fablicos respons\u00e1veis pela prote\u00e7\u00e3o infantojuvenil\u201d, escreveu Salom\u00e3o.<\/p>\n<p>Ele determinou que todos os ju\u00edzes respons\u00e1veis pelas varas de Inf\u00e2ncia e Juventude \u201cverifiquem se h\u00e1 crian\u00e7as e adolescentes nos locais e quais as condi\u00e7\u00f5es de salubridade, higiene, alimenta\u00e7\u00e3o e outros elementos que possam colocar em risco seus direitos, inclusive quanto \u00e0 frequ\u00eancia \u00e0 escola, direito ao lazer e moradia, o de n\u00e3o serem submetidos a qualquer forma de neglig\u00eancia, explora\u00e7\u00e3o ou tratamento degradante sob qualquer pretexto\u201d.<\/p>\n<p>Salom\u00e3o acrescentou que, caso encontrem crian\u00e7as e adolescentes em locais insalubres, os ju\u00edzes devem tomar medidas efetivas de imediato, como \u201corienta\u00e7\u00e3o dos pais e respons\u00e1veis, interdi\u00e7\u00e3o de acesso aos locais a crian\u00e7as e adolescentes ou imposi\u00e7\u00e3o de medidas administrativas sancionat\u00f3rias (arts. 194-197, ECA), sem preju\u00edzo de outras medidas que o magistrado julgar adequadas\u201d.<\/p>\n<p>Ele deu prazo de 10 dias para que as varas da inf\u00e2ncia informem ao CNJ sobre a identifica\u00e7\u00e3o de tais acampamentos, as irregularidades eventualmente constatadas e as provid\u00eancias adotadas.<\/p>\n<p><span style=\"font-weight: 400;\"><br \/>\n<\/span><span style=\"font-weight: 400;\">Fonte: Ag\u00eancia Brasil\u00a0<\/span><span style=\"font-weight: 400;\"><br \/>\n<\/span><\/p>\n","protected":false},"excerpt":{"rendered":"<p>O Conselho Nacional de Justi\u00e7a (CNJ) determinou que as varas da Inf\u00e2ncia e da Juventude de todo o pa\u00eds verifiquem presencialmente a situa\u00e7\u00e3o de crian\u00e7as e adolescentes em acampamentos em frente a instala\u00e7\u00f5es do Ex\u00e9rcito, montados por manifestantes inconformados com o resultado da elei\u00e7\u00e3o presidencial de outubro. Em decis\u00e3o assinada ontem (16), o corregedor nacional [&hellip;]<\/p>\n","protected":false},"author":246,"featured_media":206704,"comment_status":"closed","ping_status":"closed","sticky":false,"template":"","format":"standard","meta":{"footnotes":""},"categories":[436,254,439],"tags":[],"class_list":["post-206703","post","type-post","status-publish","format-standard","has-post-thumbnail","hentry","category-destaque-da-semana","category-politica","category-ultima-hora"],"_links":{"self":[{"href":"https:\/\/diarioregionaldigital.com.br\/index.php?rest_route=\/wp\/v2\/posts\/206703","targetHints":{"allow":["GET"]}}],"collection":[{"href":"https:\/\/diarioregionaldigital.com.br\/index.php?rest_route=\/wp\/v2\/posts"}],"about":[{"href":"https:\/\/diarioregionaldigital.com.br\/index.php?rest_route=\/wp\/v2\/types\/post"}],"author":[{"embeddable":true,"href":"https:\/\/diarioregionaldigital.com.br\/index.php?rest_route=\/wp\/v2\/users\/246"}],"replies":[{"embeddable":true,"href":"https:\/\/diarioregionaldigital.com.br\/index.php?rest_route=%2Fwp%2Fv2%2Fcomments&post=206703"}],"version-history":[{"count":1,"href":"https:\/\/diarioregionaldigital.com.br\/index.php?rest_route=\/wp\/v2\/posts\/206703\/revisions"}],"predecessor-version":[{"id":206705,"href":"https:\/\/diarioregionaldigital.com.br\/index.php?rest_route=\/wp\/v2\/posts\/206703\/revisions\/206705"}],"wp:featuredmedia":[{"embeddable":true,"href":"https:\/\/diarioregionaldigital.com.br\/index.php?rest_route=\/wp\/v2\/media\/206704"}],"wp:attachment":[{"href":"https:\/\/diarioregionaldigital.com.br\/index.php?rest_route=%2Fwp%2Fv2%2Fmedia&parent=206703"}],"wp:term":[{"taxonomy":"category","embeddable":true,"href":"https:\/\/diarioregionaldigital.com.br\/index.php?rest_route=%2Fwp%2Fv2%2Fcategories&post=206703"},{"taxonomy":"post_tag","embeddable":true,"href":"https:\/\/diarioregionaldigital.com.br\/index.php?rest_route=%2Fwp%2Fv2%2Ftags&post=206703"}],"curies":[{"name":"wp","href":"https:\/\/api.w.org\/{rel}","templated":true}]}}