{"id":206697,"date":"2022-11-17T18:54:00","date_gmt":"2022-11-17T21:54:00","guid":{"rendered":"https:\/\/diarioregionaldigital.com.br\/?p=206697"},"modified":"2022-11-17T18:54:00","modified_gmt":"2022-11-17T21:54:00","slug":"stf-mantem-gratuidade-de-passagem-para-jovens-de-baixa-renda","status":"publish","type":"post","link":"https:\/\/diarioregionaldigital.com.br\/?p=206697","title":{"rendered":"STF mant\u00e9m gratuidade de passagem para jovens de baixa renda"},"content":{"rendered":"<p>O Supremo Tribunal Federal (STF) decidiu\u00a0hoje\u00a0(17) confirmar a validade de dispositivo de Lei n\u00ba 12.852\/13, conhecida como Estatuto da Juventude, que garantiu a gratuidade de duas vagas em \u00f4nibus interestaduais para jovens de baixa renda.\u00a0<img decoding=\"async\" src=\"https:\/\/agenciabrasil.ebc.com.br\/ebc.png?id=1494030&amp;o=node\" \/><img decoding=\"async\" src=\"https:\/\/agenciabrasil.ebc.com.br\/ebc.gif?id=1494030&amp;o=node\" \/><\/p>\n<p>A a\u00e7\u00e3o contra a lei foi proposta em 2017 pela Associa\u00e7\u00e3o Brasileira das Empresas de Transporte Terrestre de Passageiros. Entre os argumentos apresentados, a entidade alegou que a gratuidade provoca desequil\u00edbrio econ\u00f4mico dos contratos de autoriza\u00e7\u00e3o para opera\u00e7\u00e3o das linhas e n\u00e3o prev\u00ea ressarcimento ao prestador privado de servi\u00e7o p\u00fablico pelos encargos impostos pela lei.<\/p>\n<p>De acordo com o artigo 32 da lei, o sistema de transporte coletivo interestadual deve reservar duas vagas gratuitas por ve\u00edculo para jovens de baixa renda e mais duas vagas com desconto de 50% para o mesmo p\u00fablico.<\/p>\n<p>Por maioria de nove votos, o plen\u00e1rio seguiu voto proferido na sess\u00e3o de\u00a0ontem\u00a0(16) pelo relator, ministro Luiz Fux, para quem o artigo \u00e9 constitucional por tratar-se de direito fundamental impl\u00edcito.<\/p>\n<p>Seguiram o relator os ministros Andr\u00e9 Mendon\u00e7a, Nunes Marques, Edson Fachin, Alexandre de Moraes, C\u00e1rmen L\u00facia, Lu\u00eds Roberto Barroso, Ricardo Lewandowski, e a presidente, Rosa Weber.<\/p>\n<p>Gilmar Mendes e Dias Toffoli n\u00e3o participaram do julgamento.<\/p>\n<p><span style=\"font-weight: 400;\"><br \/>\n<\/span><span style=\"font-weight: 400;\">Fonte: Ag\u00eancia Brasil <\/span><\/p>\n","protected":false},"excerpt":{"rendered":"<p>O Supremo Tribunal Federal (STF) decidiu\u00a0hoje\u00a0(17) confirmar a validade de dispositivo de Lei n\u00ba 12.852\/13, conhecida como Estatuto da Juventude, que garantiu a gratuidade de duas vagas em \u00f4nibus interestaduais para jovens de baixa renda.\u00a0 A a\u00e7\u00e3o contra a lei foi proposta em 2017 pela Associa\u00e7\u00e3o Brasileira das Empresas de Transporte Terrestre de Passageiros. Entre [&hellip;]<\/p>\n","protected":false},"author":246,"featured_media":206698,"comment_status":"closed","ping_status":"closed","sticky":false,"template":"","format":"standard","meta":{"footnotes":""},"categories":[436,254,439],"tags":[],"class_list":["post-206697","post","type-post","status-publish","format-standard","has-post-thumbnail","hentry","category-destaque-da-semana","category-politica","category-ultima-hora"],"_links":{"self":[{"href":"https:\/\/diarioregionaldigital.com.br\/index.php?rest_route=\/wp\/v2\/posts\/206697","targetHints":{"allow":["GET"]}}],"collection":[{"href":"https:\/\/diarioregionaldigital.com.br\/index.php?rest_route=\/wp\/v2\/posts"}],"about":[{"href":"https:\/\/diarioregionaldigital.com.br\/index.php?rest_route=\/wp\/v2\/types\/post"}],"author":[{"embeddable":true,"href":"https:\/\/diarioregionaldigital.com.br\/index.php?rest_route=\/wp\/v2\/users\/246"}],"replies":[{"embeddable":true,"href":"https:\/\/diarioregionaldigital.com.br\/index.php?rest_route=%2Fwp%2Fv2%2Fcomments&post=206697"}],"version-history":[{"count":1,"href":"https:\/\/diarioregionaldigital.com.br\/index.php?rest_route=\/wp\/v2\/posts\/206697\/revisions"}],"predecessor-version":[{"id":206699,"href":"https:\/\/diarioregionaldigital.com.br\/index.php?rest_route=\/wp\/v2\/posts\/206697\/revisions\/206699"}],"wp:featuredmedia":[{"embeddable":true,"href":"https:\/\/diarioregionaldigital.com.br\/index.php?rest_route=\/wp\/v2\/media\/206698"}],"wp:attachment":[{"href":"https:\/\/diarioregionaldigital.com.br\/index.php?rest_route=%2Fwp%2Fv2%2Fmedia&parent=206697"}],"wp:term":[{"taxonomy":"category","embeddable":true,"href":"https:\/\/diarioregionaldigital.com.br\/index.php?rest_route=%2Fwp%2Fv2%2Fcategories&post=206697"},{"taxonomy":"post_tag","embeddable":true,"href":"https:\/\/diarioregionaldigital.com.br\/index.php?rest_route=%2Fwp%2Fv2%2Ftags&post=206697"}],"curies":[{"name":"wp","href":"https:\/\/api.w.org\/{rel}","templated":true}]}}