{"id":206688,"date":"2022-11-17T18:42:19","date_gmt":"2022-11-17T21:42:19","guid":{"rendered":"https:\/\/diarioregionaldigital.com.br\/?p=206688"},"modified":"2022-11-17T18:42:19","modified_gmt":"2022-11-17T21:42:19","slug":"igp-10-tem-queda-de-precos-de-059-em-novembro","status":"publish","type":"post","link":"https:\/\/diarioregionaldigital.com.br\/?p=206688","title":{"rendered":"IGP-10 tem queda de pre\u00e7os de 0,59% em novembro"},"content":{"rendered":"<p>O \u00cdndice Geral de Pre\u00e7os \u2013 10 (IGP-10), medido pela Funda\u00e7\u00e3o Getulio Vargas (FGV), registrou defla\u00e7\u00e3o (queda de pre\u00e7os) de 0,59% em novembro deste ano. A queda \u00e9 menor do que a observada em outubro (-1,04%).<img decoding=\"async\" src=\"https:\/\/agenciabrasil.ebc.com.br\/ebc.png?id=1493963&amp;o=node\" \/><img decoding=\"async\" src=\"https:\/\/agenciabrasil.ebc.com.br\/ebc.gif?id=1493963&amp;o=node\" \/><\/p>\n<p>Com o resultado, o IGP-10 acumula taxas de infla\u00e7\u00e3o de 5,70% no ano e de 5,55% em 12 meses.<\/p>\n<p>O \u00cdndice de Pre\u00e7os ao Produtor Amplo (IPA), que mede o atacado, passou de uma defla\u00e7\u00e3o de 1,44% em outubro para uma queda de pre\u00e7os de 0,98% em novembro.<\/p>\n<p>Segundo a FGV, o \u00cdndice de Pre\u00e7os ao Consumidor (IPC), que mede o varejo, e o \u00cdndice Nacional de Custo da Constru\u00e7\u00e3o (INCC) tiveram aumentos em suas taxas de infla\u00e7\u00e3o.<\/p>\n<p>A infla\u00e7\u00e3o do IPC subiu de 0,17% em outubro para 0,67% em novembro, enquanto a taxa do INCC passou de 0,01% para 0,19% no per\u00edodo.<\/p>\n<p>O IGP-10 \u00e9 medido com base em pre\u00e7os coletados entre os dias 11 do m\u00eas anterior e 10 do m\u00eas de refer\u00eancia.<\/p>\n<p><span style=\"font-weight: 400;\">Fonte: Ag\u00eancia Brasil <\/span><\/p>\n","protected":false},"excerpt":{"rendered":"<p>O \u00cdndice Geral de Pre\u00e7os \u2013 10 (IGP-10), medido pela Funda\u00e7\u00e3o Getulio Vargas (FGV), registrou defla\u00e7\u00e3o (queda de pre\u00e7os) de 0,59% em novembro deste ano. A queda \u00e9 menor do que a observada em outubro (-1,04%). Com o resultado, o IGP-10 acumula taxas de infla\u00e7\u00e3o de 5,70% no ano e de 5,55% em 12 meses. [&hellip;]<\/p>\n","protected":false},"author":246,"featured_media":206689,"comment_status":"closed","ping_status":"closed","sticky":false,"template":"","format":"standard","meta":{"footnotes":""},"categories":[436,261,439],"tags":[],"class_list":["post-206688","post","type-post","status-publish","format-standard","has-post-thumbnail","hentry","category-destaque-da-semana","category-economia","category-ultima-hora"],"_links":{"self":[{"href":"https:\/\/diarioregionaldigital.com.br\/index.php?rest_route=\/wp\/v2\/posts\/206688","targetHints":{"allow":["GET"]}}],"collection":[{"href":"https:\/\/diarioregionaldigital.com.br\/index.php?rest_route=\/wp\/v2\/posts"}],"about":[{"href":"https:\/\/diarioregionaldigital.com.br\/index.php?rest_route=\/wp\/v2\/types\/post"}],"author":[{"embeddable":true,"href":"https:\/\/diarioregionaldigital.com.br\/index.php?rest_route=\/wp\/v2\/users\/246"}],"replies":[{"embeddable":true,"href":"https:\/\/diarioregionaldigital.com.br\/index.php?rest_route=%2Fwp%2Fv2%2Fcomments&post=206688"}],"version-history":[{"count":1,"href":"https:\/\/diarioregionaldigital.com.br\/index.php?rest_route=\/wp\/v2\/posts\/206688\/revisions"}],"predecessor-version":[{"id":206690,"href":"https:\/\/diarioregionaldigital.com.br\/index.php?rest_route=\/wp\/v2\/posts\/206688\/revisions\/206690"}],"wp:featuredmedia":[{"embeddable":true,"href":"https:\/\/diarioregionaldigital.com.br\/index.php?rest_route=\/wp\/v2\/media\/206689"}],"wp:attachment":[{"href":"https:\/\/diarioregionaldigital.com.br\/index.php?rest_route=%2Fwp%2Fv2%2Fmedia&parent=206688"}],"wp:term":[{"taxonomy":"category","embeddable":true,"href":"https:\/\/diarioregionaldigital.com.br\/index.php?rest_route=%2Fwp%2Fv2%2Fcategories&post=206688"},{"taxonomy":"post_tag","embeddable":true,"href":"https:\/\/diarioregionaldigital.com.br\/index.php?rest_route=%2Fwp%2Fv2%2Ftags&post=206688"}],"curies":[{"name":"wp","href":"https:\/\/api.w.org\/{rel}","templated":true}]}}