{"id":206685,"date":"2022-11-17T18:41:08","date_gmt":"2022-11-17T21:41:08","guid":{"rendered":"https:\/\/diarioregionaldigital.com.br\/?p=206685"},"modified":"2022-11-17T18:41:08","modified_gmt":"2022-11-17T21:41:08","slug":"ibge-desemprego-cai-em-seis-estados-no-terceiro-trimestre","status":"publish","type":"post","link":"https:\/\/diarioregionaldigital.com.br\/?p=206685","title":{"rendered":"IBGE: desemprego cai em seis estados no terceiro trimestre"},"content":{"rendered":"<p>A queda na taxa de desemprego verificada no terceiro trimestre deste ano, que passou de 9,3% para 8,7% na compara\u00e7\u00e3o com o trimestre anterior, refletiu aumento na ocupa\u00e7\u00e3o em apenas seis estados: Paran\u00e1 (-0,8 ponto percentual), Minas Gerais (-0,9), Maranh\u00e3o (-1,1), Acre (-1,8), Cear\u00e1 (-1,8) e Rond\u00f4nia (-1,9). As demais 21 unidades da Federa\u00e7\u00e3o ficaram est\u00e1veis.<img decoding=\"async\" src=\"https:\/\/agenciabrasil.ebc.com.br\/ebc.png?id=1493983&amp;o=node\" \/><img decoding=\"async\" src=\"https:\/\/agenciabrasil.ebc.com.br\/ebc.gif?id=1493983&amp;o=node\" \/><\/p>\n<p>Os dados da Pesquisa Nacional por Amostra de Domic\u00edlios (PNAD) Cont\u00ednua Trimestral foram divulgados\u00a0<span id=\"OBJ_PREFIX_DWT174_com_zimbra_date\" role=\"link\">hoje<\/span>\u00a0(17) pelo Instituto Brasileiro de Geografia e Estat\u00edstica (IBGE), com recorte estadual.<\/p>\n<p>Segundo a coordenadora de Trabalho e Rendimento do IBGE, Adriana Beringuy, na compara\u00e7\u00e3o anual, houve queda significativa da taxa de desocupa\u00e7\u00e3o em todas as unidades da Federa\u00e7\u00e3o, caindo 3,9 ponto percentual\u00a0em rela\u00e7\u00e3o ao mesmo trimestre de 2021, quando a taxa registrada foi de 12,6%.<\/p>\n<p>\u201cNo segundo trimestre, a taxa de ocupa\u00e7\u00e3o havia ca\u00eddo 1,8 ponto percentual, com dissemina\u00e7\u00e3o da queda por 22 unidades da Federa\u00e7\u00e3o. No terceiro trimestre, a queda foi menos intensa, de 0,6 ponto percentual, e isso repercutiu nos resultados locais, por estado\u201d.<\/p>\n<p>As menores taxas de desocupa\u00e7\u00e3o no terceiro trimestre foram verificadas em Rond\u00f4nia (3,9%), Mato Grosso (3,8%) e Santa Catarina (3,8%). Por regi\u00e3o, o Sul tem o menor desemprego, de 5,2%, com os tr\u00eas estados com percentuais abaixo da m\u00e9dia nacional.<\/p>\n<h2>Informalidade<\/h2>\n<p>A taxa de informalidade ficou em 39,4% no terceiro trimestre. Os maiores percentuais foram registrados no Par\u00e1 (60,5%), Maranh\u00e3o (59,1%) e Amazonas (57,1%). As menores informalidades no per\u00edodo foram observadas\u00a0em Santa Catarina (25,9%), no Distrito Federal (29,8%) e em S\u00e3o Paulo (30,6%).<\/p>\n<p>S\u00e3o considerados trabalhadores informais os empregados\u00a0<span id=\"OBJ_PREFIX_DWT175_com_zimbra_date\" role=\"link\">dom<\/span>\u00e9sticos e do setor privado sem carteira assinada, os empregadores e trabalhadores por conta pr\u00f3pria sem CNPJ e os trabalhadores familiares auxiliares.<\/p>\n<p>Os trabalhadores por conta pr\u00f3pria ficaram em 25,9% no trimestre, com os maiores percentuais em Rond\u00f4nia (37,4%), no Amap\u00e1 (34,7%) e Amazonas (32,4%) e os menores em Goi\u00e1s (23,2%), Mato Grosso do Sul (22,0%) e no Distrito Federal (21,1%).<\/p>\n<p>Segundo o IBGE, no terceiro trimestre apenas 25,3% dos trabalhadores\u00a0<span id=\"OBJ_PREFIX_DWT176_com_zimbra_date\" role=\"link\">dom<\/span>\u00e9sticos do pa\u00eds tinham carteira assinada. No setor privado s\u00e3o 73,3%, com os menores percentuais no Norte (57,7%) e no Nordeste (57,3%). As maiores propor\u00e7\u00f5es de formalidade est\u00e3o em Santa Catarina (88,4%), no Rio Grande do Sul (81,3%) e em S\u00e3o Paulo (81,2%). As menores foram verificadas no Maranh\u00e3o (47,0%), Piau\u00ed (48,5%) e Par\u00e1 (50,3%).<\/p>\n<p>O instituto destaca que cerca de 2,6 milh\u00f5es de pessoas buscam trabalho h\u00e1 dois anos ou mais no pa\u00eds, o que equivale a 27,2% dos desocupados. Outros 44,5% estavam de um m\u00eas a menos de um ano em busca de trabalho e 11,7% buscavam de um ano a menos de dois anos. Cerca de 16,6% estavam \u00e0 procura de uma vaga h\u00e1 menos de um m\u00eas.<\/p>\n<p>A taxa composta de subutiliza\u00e7\u00e3o da for\u00e7a de trabalho foi de 20,1%, com as maiores taxas no Piau\u00ed (40,6%), em Sergipe (36,1%) e na Bahia (33,7%). As menores taxas de subutiliza\u00e7\u00e3o foram em Santa Catarina (6,8%), Rond\u00f4nia (9,1%) e Mato Grosso (10,5%).<\/p>\n<p>J\u00e1 os desalentados, no terceiro trimestre deste ano,\u00a0somaram 4,3 milh\u00f5es,\u00a0ou 3,8% da popula\u00e7\u00e3o na for\u00e7a de trabalho. Alagoas (17,3%) e o Piau\u00ed (13,3%) tinham os maiores percentuais e Santa Catarina (0,5%) e Rond\u00f4nia (1,2%), os menores.<\/p>\n<h2>G\u00eanero e ra\u00e7a<\/h2>\n<p>Beringuy destaca que a taxa de desocupa\u00e7\u00e3o de homens est\u00e1 em 6,9%, abaixo do \u00edndice nacional de 8,7%, enquanto a taxa entre as mulheres ficou em 11,0% no per\u00edodo.<\/p>\n<p>\u201cA taxa de desocupa\u00e7\u00e3o caiu tanto entre homens quanto entre mulheres, mas a dist\u00e2ncia entre eles vem aumentando, com as mulheres tendo um percentual bem superior ao dos homens\u201d.<\/p>\n<p>No recorte racial, a taxa de desocupa\u00e7\u00e3o de pretos ficou em 11,1% e de pardos em 10,0%, acima da m\u00e9dia do pa\u00eds. A desocupa\u00e7\u00e3o ente os brancos foi de 6,8%.<\/p>\n<p>Por escolaridade, a taxa de desocupa\u00e7\u00e3o para as pessoas com ensino m\u00e9dio incompleto ficou em 15,3%, maior que nos demais n\u00edveis de instru\u00e7\u00e3o. Para o n\u00edvel superior incompleto, a taxa foi de 9,1%, mais que o dobro do n\u00edvel superior completo (4,1%).<\/p>\n<h2>Rendimento<\/h2>\n<p>A an\u00e1lise do rendimento mostrou que o valor m\u00e9dio mensal recebido pelos trabalhadores ficou em R$ 2.737 no trimestre, registrando aumento em compara\u00e7\u00e3o aos tr\u00eas meses anteriores (R$2.640) e tamb\u00e9m na compara\u00e7\u00e3o anual (R$2.670). O crescimento no trimestre foi de 3,7%, com expans\u00e3o na maioria das unidades da Federa\u00e7\u00e3o.<\/p>\n<p>A massa de rendimento de todos os trabalhos somou R$ 266,7 bilh\u00f5es, com\u00a0crescimento frente ao trimestre anterior (R$ 254,5 bilh\u00f5es) e ao mesmo per\u00edodo do ano passado (R$ 242,7 bilh\u00f5es).<\/p>\n<p><span style=\"font-weight: 400;\">Fonte: Ag\u00eancia Brasil <\/span><\/p>\n","protected":false},"excerpt":{"rendered":"<p>A queda na taxa de desemprego verificada no terceiro trimestre deste ano, que passou de 9,3% para 8,7% na compara\u00e7\u00e3o com o trimestre anterior, refletiu aumento na ocupa\u00e7\u00e3o em apenas seis estados: Paran\u00e1 (-0,8 ponto percentual), Minas Gerais (-0,9), Maranh\u00e3o (-1,1), Acre (-1,8), Cear\u00e1 (-1,8) e Rond\u00f4nia (-1,9). As demais 21 unidades da Federa\u00e7\u00e3o ficaram [&hellip;]<\/p>\n","protected":false},"author":246,"featured_media":206686,"comment_status":"closed","ping_status":"closed","sticky":false,"template":"","format":"standard","meta":{"footnotes":""},"categories":[436,261,439],"tags":[],"class_list":["post-206685","post","type-post","status-publish","format-standard","has-post-thumbnail","hentry","category-destaque-da-semana","category-economia","category-ultima-hora"],"_links":{"self":[{"href":"https:\/\/diarioregionaldigital.com.br\/index.php?rest_route=\/wp\/v2\/posts\/206685","targetHints":{"allow":["GET"]}}],"collection":[{"href":"https:\/\/diarioregionaldigital.com.br\/index.php?rest_route=\/wp\/v2\/posts"}],"about":[{"href":"https:\/\/diarioregionaldigital.com.br\/index.php?rest_route=\/wp\/v2\/types\/post"}],"author":[{"embeddable":true,"href":"https:\/\/diarioregionaldigital.com.br\/index.php?rest_route=\/wp\/v2\/users\/246"}],"replies":[{"embeddable":true,"href":"https:\/\/diarioregionaldigital.com.br\/index.php?rest_route=%2Fwp%2Fv2%2Fcomments&post=206685"}],"version-history":[{"count":1,"href":"https:\/\/diarioregionaldigital.com.br\/index.php?rest_route=\/wp\/v2\/posts\/206685\/revisions"}],"predecessor-version":[{"id":206687,"href":"https:\/\/diarioregionaldigital.com.br\/index.php?rest_route=\/wp\/v2\/posts\/206685\/revisions\/206687"}],"wp:featuredmedia":[{"embeddable":true,"href":"https:\/\/diarioregionaldigital.com.br\/index.php?rest_route=\/wp\/v2\/media\/206686"}],"wp:attachment":[{"href":"https:\/\/diarioregionaldigital.com.br\/index.php?rest_route=%2Fwp%2Fv2%2Fmedia&parent=206685"}],"wp:term":[{"taxonomy":"category","embeddable":true,"href":"https:\/\/diarioregionaldigital.com.br\/index.php?rest_route=%2Fwp%2Fv2%2Fcategories&post=206685"},{"taxonomy":"post_tag","embeddable":true,"href":"https:\/\/diarioregionaldigital.com.br\/index.php?rest_route=%2Fwp%2Fv2%2Ftags&post=206685"}],"curies":[{"name":"wp","href":"https:\/\/api.w.org\/{rel}","templated":true}]}}