{"id":206682,"date":"2022-11-17T18:39:48","date_gmt":"2022-11-17T21:39:48","guid":{"rendered":"https:\/\/diarioregionaldigital.com.br\/?p=206682"},"modified":"2022-11-17T18:39:48","modified_gmt":"2022-11-17T21:39:48","slug":"economia-reduz-estimativa-oficial-de-inflacao-de-63-para-585","status":"publish","type":"post","link":"https:\/\/diarioregionaldigital.com.br\/?p=206682","title":{"rendered":"Economia reduz estimativa oficial de infla\u00e7\u00e3o de 6,3% para 5,85%"},"content":{"rendered":"<p>A Secretaria de Pol\u00edtica Econ\u00f4mica (SPE) do Minist\u00e9rio da Economia manteve a proje\u00e7\u00e3o para o crescimento da economia este ano e reduziu a estimativa oficial para a infla\u00e7\u00e3o. As proje\u00e7\u00f5es est\u00e3o no\u00a0<a href=\"https:\/\/www.gov.br\/economia\/pt-br\/centrais-de-conteudo\/publicacoes\/boletins\/boletim-macrofiscal\/2022\/boletim-macrofiscal-novembro-2022-vf2.pdf\" target=\"_blank\" rel=\"noopener\">Boletim Macrofiscal<\/a>\u00a0divulgado hoje (17).<img decoding=\"async\" src=\"https:\/\/agenciabrasil.ebc.com.br\/ebc.png?id=1494055&amp;o=node\" \/><img decoding=\"async\" src=\"https:\/\/agenciabrasil.ebc.com.br\/ebc.gif?id=1494055&amp;o=node\" \/><\/p>\n<p>A proje\u00e7\u00e3o de infla\u00e7\u00e3o pelo \u00cdndice Nacional de Pre\u00e7os ao Consumidor Amplo (IPCA) recuou de 6,3% para 5,85%. Mas ainda est\u00e1 acima da meta de infla\u00e7\u00e3o para o ano, definida pelo Conselho Monet\u00e1rio Nacional (CMN) em 3,5%, com intervalo de toler\u00e2ncia de 1,5 ponto percentual para cima ou para baixo. Ou seja, o limite inferior \u00e9 2% e o superior \u00e9 5%.<\/p>\n<p>No ano, o IPCA j\u00e1 acumula alta de 4,7% e, em 12 meses, o \u00edndice total est\u00e1 em 6,47%.<\/p>\n<p>O \u00cdndice Nacional de Pre\u00e7os ao Consumidor (INPC), utilizado para estabelecer o valor do sal\u00e1rio m\u00ednimo, dever\u00e1 encerrar este ano com varia\u00e7\u00e3o de 6%, segundo a previs\u00e3o da SPE, queda de 0,54 ponto percentual em rela\u00e7\u00e3o ao boletim anterior. A proje\u00e7\u00e3o para o \u00cdndice Geral de Pre\u00e7os \u2013 Disponibilidade Interna (IGP-DI), que inclui tamb\u00e9m o setor atacadista e o custo da constru\u00e7\u00e3o civil, al\u00e9m do consumidor final, \u00e9 de 6,11%, abaixo da estimativa anterior de 9,44% e inferior \u00e0 taxa registrada em 2021, de 17,74%.<\/p>\n<h2>PIB<\/h2>\n<p>A estimativa para o aumento do Produto Interno Bruto (PIB, soma dos bens e dos servi\u00e7os produzidos no pa\u00eds) ficou em 2,7%, mesmo n\u00famero divulgado no boletim anterior, em setembro. Segundo a SPE, o desempenho do emprego, do setor de servi\u00e7os e da taxa de investimento justificaram a manuten\u00e7\u00e3o.<\/p>\n<p>\u201cConforme salientado nos boletins anteriores, j\u00e1 era esperada desacelera\u00e7\u00e3o da atividade econ\u00f4mica no segundo semestre deste ano, resultado dos efeitos defasados do ciclo de ajuste da pol\u00edtica monet\u00e1ria [aumento de juros pelo Banco Central]. No entanto, projeta-se que os impactos advindos da eleva\u00e7\u00e3o da taxa de juros se reduzam ao longo do pr\u00f3ximo ano\u201d, informou a SPE.<\/p>\n<p>Em 2021, o PIB do Brasil cresceu 4,6%, totalizando R$ 8,7 trilh\u00f5es. Apesar de manter a estimativa para 2022, a SPE reduziu a previs\u00e3o de crescimento em 2023 de 2,5% para 2,1%. Segundo o \u00f3rg\u00e3o, o cen\u00e1rio externo mais adverso, com a alta dos juros da economia norte-americana e a guerra na Ucr\u00e2nia, afeta a expans\u00e3o econ\u00f4mica no resto do mundo. A proje\u00e7\u00e3o para 2024 foi mantida em 2,5%.<\/p>\n<p>De acordo com o Minist\u00e9rio da Economia, houve expans\u00e3o no mercado de trabalho,\u00a0<a href=\"https:\/\/agenciabrasil.ebc.com.br\/economia\/noticia\/2022-10\/desemprego-cai-para-87-no-terceiro-revela-ibge\" target=\"_blank\" rel=\"noopener\">com a taxa de desocupa\u00e7\u00e3o caindo para 8,7% no terceiro trimestre<\/a>, conforme a Pesquisa Nacional por Amostra de Domic\u00edlios Cont\u00ednua (PNAD Cont\u00ednua), do Instituto Brasileiro de Geografia e Estat\u00edstica (IBGE). Segundo o IBGE, os indicadores do setor de servi\u00e7os tiveram expans\u00e3o anualizada de 3,2% de julho a setembro.<\/p>\n<h2>Perspectivas<\/h2>\n<p>Apesar de reconhecer a desacelera\u00e7\u00e3o da economia no terceiro trimestre, a SPE espera que a recupera\u00e7\u00e3o econ\u00f4mica se mantenha no quarto trimestre, puxada pelos servi\u00e7os e pela estabilidade na agropecu\u00e1ria. Segundo o \u00f3rg\u00e3o, os efeitos do aumento da taxa Selic (juros b\u00e1sicos da economia) pelo Banco Central s\u00e3o os principais respons\u00e1veis pela queda no ritmo de crescimento.<\/p>\n<p>\u201cAp\u00f3s a forte recupera\u00e7\u00e3o at\u00e9 o 2T22 [segundo trimestre], a atividade econ\u00f4mica desacelerou ao longo do terceiro trimestre de 2022, decorrente sobretudo do desempenho da ind\u00fastria e do com\u00e9rcio. Dados mensais dos indicadores antecedentes e coincidentes sinalizam a continuidade da recupera\u00e7\u00e3o da economia no quarto trimestre, embora em ritmo menos intenso, devido, em grande medida, aos efeitos defasados da pol\u00edtica monet\u00e1ria, conforme sinalizado nos boletins anteriores\u201d, destaca o boletim.<\/p>\n<p><span style=\"font-weight: 400;\">Fonte: Ag\u00eancia Brasil <\/span><\/p>\n","protected":false},"excerpt":{"rendered":"<p>A Secretaria de Pol\u00edtica Econ\u00f4mica (SPE) do Minist\u00e9rio da Economia manteve a proje\u00e7\u00e3o para o crescimento da economia este ano e reduziu a estimativa oficial para a infla\u00e7\u00e3o. As proje\u00e7\u00f5es est\u00e3o no\u00a0Boletim Macrofiscal\u00a0divulgado hoje (17). A proje\u00e7\u00e3o de infla\u00e7\u00e3o pelo \u00cdndice Nacional de Pre\u00e7os ao Consumidor Amplo (IPCA) recuou de 6,3% para 5,85%. Mas ainda [&hellip;]<\/p>\n","protected":false},"author":246,"featured_media":206683,"comment_status":"closed","ping_status":"closed","sticky":false,"template":"","format":"standard","meta":{"footnotes":""},"categories":[436,440,261,439],"tags":[],"class_list":["post-206682","post","type-post","status-publish","format-standard","has-post-thumbnail","hentry","category-destaque-da-semana","category-destaques-do-dia","category-economia","category-ultima-hora"],"_links":{"self":[{"href":"https:\/\/diarioregionaldigital.com.br\/index.php?rest_route=\/wp\/v2\/posts\/206682","targetHints":{"allow":["GET"]}}],"collection":[{"href":"https:\/\/diarioregionaldigital.com.br\/index.php?rest_route=\/wp\/v2\/posts"}],"about":[{"href":"https:\/\/diarioregionaldigital.com.br\/index.php?rest_route=\/wp\/v2\/types\/post"}],"author":[{"embeddable":true,"href":"https:\/\/diarioregionaldigital.com.br\/index.php?rest_route=\/wp\/v2\/users\/246"}],"replies":[{"embeddable":true,"href":"https:\/\/diarioregionaldigital.com.br\/index.php?rest_route=%2Fwp%2Fv2%2Fcomments&post=206682"}],"version-history":[{"count":1,"href":"https:\/\/diarioregionaldigital.com.br\/index.php?rest_route=\/wp\/v2\/posts\/206682\/revisions"}],"predecessor-version":[{"id":206684,"href":"https:\/\/diarioregionaldigital.com.br\/index.php?rest_route=\/wp\/v2\/posts\/206682\/revisions\/206684"}],"wp:featuredmedia":[{"embeddable":true,"href":"https:\/\/diarioregionaldigital.com.br\/index.php?rest_route=\/wp\/v2\/media\/206683"}],"wp:attachment":[{"href":"https:\/\/diarioregionaldigital.com.br\/index.php?rest_route=%2Fwp%2Fv2%2Fmedia&parent=206682"}],"wp:term":[{"taxonomy":"category","embeddable":true,"href":"https:\/\/diarioregionaldigital.com.br\/index.php?rest_route=%2Fwp%2Fv2%2Fcategories&post=206682"},{"taxonomy":"post_tag","embeddable":true,"href":"https:\/\/diarioregionaldigital.com.br\/index.php?rest_route=%2Fwp%2Fv2%2Ftags&post=206682"}],"curies":[{"name":"wp","href":"https:\/\/api.w.org\/{rel}","templated":true}]}}