{"id":206676,"date":"2022-11-17T03:44:50","date_gmt":"2022-11-17T06:44:50","guid":{"rendered":"https:\/\/diarioregionaldigital.com.br\/?p=206676"},"modified":"2022-11-17T03:44:50","modified_gmt":"2022-11-17T06:44:50","slug":"palavras-comovem-testemunhos-arrastam-17-11-2022","status":"publish","type":"post","link":"https:\/\/diarioregionaldigital.com.br\/?p=206676","title":{"rendered":"Palavras Comovem Testemunhos Arrastam &#8211; 17\/11\/2022"},"content":{"rendered":"<p>Meu caro leitor \u00e9 com alegria que novamente estamos chegando at\u00e9 voc\u00ea para mais uma edi\u00e7\u00e3o de palavras comovem mas testemunhos arrastam. Bem sei de sua expectativa para ler os testemunhos aqui apresentados. Hoje teremos dois belos testemunhos vamos ao primeiro:<\/p>\n<p>Boa noite a todos devotos de S\u00e3o Judas Tadeu louvado seja nosso Senhor Jesus Cristo para sempre seja louvado.\u00a0 Padre sua b\u00ean\u00e7\u00e3o para todos n\u00f3s!.<\/p>\n<p>Estou passando pra te agradecer pelas ora\u00e7\u00f5es, meu marido estava desempregado a mais de um ano eu mandei mensagem pro senhor no grupo de S\u00e3o Judas Tadeu o senhor deixou um \u00e1udio de ora\u00e7\u00e3o pra ele e gra\u00e7as a Deus\u00a0 atrav\u00e9s de muitas ora\u00e7\u00f5es hoje ele j\u00e1 est\u00e1 trabalhando conseguiu um emprego aqui perto de n\u00f3s e com carteira assinada.<\/p>\n<p>Obrigado e que Deus ilumine sempre o senhor, tendo f\u00e9 tudo se alcan\u00e7a pela for\u00e7a da ora\u00e7\u00e3o. Vamos agora ao segundo testemunho do dia de hoje [3\/11 19:47] Testemunho para o dia 16 do 11:\u00a0 boa\u00a0 noite padre Erelis\u00a0 Agrade\u00e7o a S\u00e3o Judas Tadeu por mais um milagre, minha filha saiu do CTI, j\u00e1 est\u00e1 em casa, comemorou seu anivers\u00e1rio 29 anos. Obrigado pelas ora\u00e7\u00f5es. Um devota de S\u00e3o Judas Tadeu da cidade de (Nil\u00f3polis RJ).<\/p>\n<p>Vejam como Deus age na vida das pessoas.<\/p>\n<p>Convido voc\u00ea para participar da missa de S\u00e3o Judas Tadeu das causas imposs\u00edveis clamando a miseric\u00f3rdia de Jesus por sa\u00fade e liberta\u00e7\u00e3o toda \u00faltima\u00a0 quarta feira \u00e0s 19h na Rua D. Pedro ll n\u00famero 109\u00a0 bairro Mariano Proc\u00f3pio e do ter\u00e7o todos os dias\u00a0 \u00e0s 12; 15h; \u00e0s\u00a0 20e30h; \u00e0s 22h pelo Youtube e Facebook do santu\u00e1rio virtual s\u00e3o Judas Tadeu. svsaojudastadeu.com; \u00e0s 06h ; \u00e0s 10 e 23h pelo whatzaap; Deixo o n\u00famero do meu celular para me ligarem quando precisar de uma ora\u00e7\u00e3o 988652609 se eu n\u00e3o atender na hora eu retornarei assim que eu ver a liga\u00e7\u00e3o<\/p>\n","protected":false},"excerpt":{"rendered":"<p>Meu caro leitor \u00e9 com alegria que novamente estamos chegando at\u00e9 voc\u00ea para mais uma edi\u00e7\u00e3o de palavras comovem mas testemunhos arrastam. Bem sei de sua expectativa para ler os testemunhos aqui apresentados. Hoje teremos dois belos testemunhos vamos ao primeiro: Boa noite a todos devotos de S\u00e3o Judas Tadeu louvado seja nosso Senhor Jesus [&hellip;]<\/p>\n","protected":false},"author":96,"featured_media":0,"comment_status":"closed","ping_status":"closed","sticky":false,"template":"","format":"standard","meta":{"footnotes":""},"categories":[1245],"tags":[],"class_list":["post-206676","post","type-post","status-publish","format-standard","hentry","category-padre-erelis"],"_links":{"self":[{"href":"https:\/\/diarioregionaldigital.com.br\/index.php?rest_route=\/wp\/v2\/posts\/206676","targetHints":{"allow":["GET"]}}],"collection":[{"href":"https:\/\/diarioregionaldigital.com.br\/index.php?rest_route=\/wp\/v2\/posts"}],"about":[{"href":"https:\/\/diarioregionaldigital.com.br\/index.php?rest_route=\/wp\/v2\/types\/post"}],"author":[{"embeddable":true,"href":"https:\/\/diarioregionaldigital.com.br\/index.php?rest_route=\/wp\/v2\/users\/96"}],"replies":[{"embeddable":true,"href":"https:\/\/diarioregionaldigital.com.br\/index.php?rest_route=%2Fwp%2Fv2%2Fcomments&post=206676"}],"version-history":[{"count":1,"href":"https:\/\/diarioregionaldigital.com.br\/index.php?rest_route=\/wp\/v2\/posts\/206676\/revisions"}],"predecessor-version":[{"id":206677,"href":"https:\/\/diarioregionaldigital.com.br\/index.php?rest_route=\/wp\/v2\/posts\/206676\/revisions\/206677"}],"wp:attachment":[{"href":"https:\/\/diarioregionaldigital.com.br\/index.php?rest_route=%2Fwp%2Fv2%2Fmedia&parent=206676"}],"wp:term":[{"taxonomy":"category","embeddable":true,"href":"https:\/\/diarioregionaldigital.com.br\/index.php?rest_route=%2Fwp%2Fv2%2Fcategories&post=206676"},{"taxonomy":"post_tag","embeddable":true,"href":"https:\/\/diarioregionaldigital.com.br\/index.php?rest_route=%2Fwp%2Fv2%2Ftags&post=206676"}],"curies":[{"name":"wp","href":"https:\/\/api.w.org\/{rel}","templated":true}]}}