{"id":206671,"date":"2022-11-16T23:09:33","date_gmt":"2022-11-17T02:09:33","guid":{"rendered":"https:\/\/diarioregionaldigital.com.br\/?p=206671"},"modified":"2022-11-16T23:09:33","modified_gmt":"2022-11-17T02:09:33","slug":"pjf-realiza-19-atendimentos-em-pracas-canteiros-e-trevos-durante-o-feriado","status":"publish","type":"post","link":"https:\/\/diarioregionaldigital.com.br\/?p=206671","title":{"rendered":"PJF realiza 19 atendimentos em pra\u00e7as, canteiros e trevos durante o feriado"},"content":{"rendered":"<p>Segundo informa\u00e7\u00f5es do site da Prefeitura de Juiz de Fora (PJF), os servi\u00e7os que destacam a beleza da cidade n\u00e3o podem parar. Por isso, o feriado prolongado foi de muito trabalho para as equipes da Prefeitura de Juiz de Fora (PJF).<\/p>\n<p>Entre os dias 11 e 15 de novembro, o setor de Parques e Jardins da Empresa Municipal de Pavimenta\u00e7\u00e3o e Urbanidades (Empav) realizou 19 atendimentos em 13 bairros da cidade. No per\u00edodo, foram realizadas 22 podas de \u00e1rvores e nove atendimentos de limpeza e poda de grama em pra\u00e7as, canteiros e trevos.<\/p>\n<p><strong>Veja abaixo a lista completa de bairros atendidas durante o feriado:<\/strong><\/p>\n<p>Jardim Esperan\u00e7a<\/p>\n<p>Caet\u00e9<\/p>\n<p>Po\u00e7o Rico<\/p>\n<p>Monte Castelo<\/p>\n<p>Santa Helena<\/p>\n<p>Aeroporto<\/p>\n<p>Democrata<\/p>\n<p>Cidade Nova<\/p>\n<p>Centro<\/p>\n<p>S\u00e3o Mateus<\/p>\n<p>Bandeirantes<\/p>\n<p>Santa Terezinha<\/p>\n<p>Granjas Bet\u00e2nia<\/p>\n<p>Os trabalhos seguem em andamento em v\u00e1rios pontos da cidade e a programa\u00e7\u00e3o completa das atividades realizadas pela Empav pode ser acompanhada diariamente atrav\u00e9s da p\u00e1gina do Gabinete de A\u00e7\u00e3o e Di\u00e1logo Comunit\u00e1rio, pelo\u00a0<a href=\"https:\/\/www.pjf.mg.gov.br\/gabinetecomunitario\/#onde\"><strong>link<\/strong><\/a>.<\/p>\n<p>Todas as a\u00e7\u00f5es de reestrutura\u00e7\u00e3o, urbaniza\u00e7\u00e3o e zeladoria realizadas pela Empresa Municipal de Pavimenta\u00e7\u00e3o e Urbanidades (Empav) fazem parte do Programa Boniteza. Estes e outros servi\u00e7os podem ser solicitados atrav\u00e9s do Gabinete de A\u00e7\u00e3o e Di\u00e1logo Comunit\u00e1rio, que recebe e organiza pedidos relativos a interven\u00e7\u00f5es e melhorias urbanas. O contato pode ser feito por liga\u00e7\u00e3o telef\u00f4nica, pelo n\u00famero (32) 3690-7241 ou, ainda, via WhatsApp, utilizando o mesmo n\u00famero.<\/p>\n","protected":false},"excerpt":{"rendered":"<p>Segundo informa\u00e7\u00f5es do site da Prefeitura de Juiz de Fora (PJF), os servi\u00e7os que destacam a beleza da cidade n\u00e3o podem parar. Por isso, o feriado prolongado foi de muito trabalho para as equipes da Prefeitura de Juiz de Fora (PJF). Entre os dias 11 e 15 de novembro, o setor de Parques e Jardins [&hellip;]<\/p>\n","protected":false},"author":246,"featured_media":206672,"comment_status":"closed","ping_status":"closed","sticky":false,"template":"","format":"standard","meta":{"footnotes":""},"categories":[253,436,439],"tags":[],"class_list":["post-206671","post","type-post","status-publish","format-standard","has-post-thumbnail","hentry","category-cidade","category-destaque-da-semana","category-ultima-hora"],"_links":{"self":[{"href":"https:\/\/diarioregionaldigital.com.br\/index.php?rest_route=\/wp\/v2\/posts\/206671","targetHints":{"allow":["GET"]}}],"collection":[{"href":"https:\/\/diarioregionaldigital.com.br\/index.php?rest_route=\/wp\/v2\/posts"}],"about":[{"href":"https:\/\/diarioregionaldigital.com.br\/index.php?rest_route=\/wp\/v2\/types\/post"}],"author":[{"embeddable":true,"href":"https:\/\/diarioregionaldigital.com.br\/index.php?rest_route=\/wp\/v2\/users\/246"}],"replies":[{"embeddable":true,"href":"https:\/\/diarioregionaldigital.com.br\/index.php?rest_route=%2Fwp%2Fv2%2Fcomments&post=206671"}],"version-history":[{"count":1,"href":"https:\/\/diarioregionaldigital.com.br\/index.php?rest_route=\/wp\/v2\/posts\/206671\/revisions"}],"predecessor-version":[{"id":206673,"href":"https:\/\/diarioregionaldigital.com.br\/index.php?rest_route=\/wp\/v2\/posts\/206671\/revisions\/206673"}],"wp:featuredmedia":[{"embeddable":true,"href":"https:\/\/diarioregionaldigital.com.br\/index.php?rest_route=\/wp\/v2\/media\/206672"}],"wp:attachment":[{"href":"https:\/\/diarioregionaldigital.com.br\/index.php?rest_route=%2Fwp%2Fv2%2Fmedia&parent=206671"}],"wp:term":[{"taxonomy":"category","embeddable":true,"href":"https:\/\/diarioregionaldigital.com.br\/index.php?rest_route=%2Fwp%2Fv2%2Fcategories&post=206671"},{"taxonomy":"post_tag","embeddable":true,"href":"https:\/\/diarioregionaldigital.com.br\/index.php?rest_route=%2Fwp%2Fv2%2Ftags&post=206671"}],"curies":[{"name":"wp","href":"https:\/\/api.w.org\/{rel}","templated":true}]}}