{"id":206668,"date":"2022-11-16T23:07:15","date_gmt":"2022-11-17T02:07:15","guid":{"rendered":"https:\/\/diarioregionaldigital.com.br\/?p=206668"},"modified":"2022-11-16T23:07:15","modified_gmt":"2022-11-17T02:07:15","slug":"pjf-apresenta-resultados-de-mentoria-e-capacitacao-sobre-o-desenvolvimento-urbano-sustentavel-no-rio-de-janeiro","status":"publish","type":"post","link":"https:\/\/diarioregionaldigital.com.br\/?p=206668","title":{"rendered":"PJF apresenta resultados de mentoria e capacita\u00e7\u00e3o sobre o desenvolvimento urbano sustent\u00e1vel no Rio de Janeiro"},"content":{"rendered":"<p>Segundo informa\u00e7\u00f5es do site da Prefeitura de Juiz de Fora (PJF), a PJF participa nesta quarta-feira, 16, e quinta-feira, 17, do evento \u201cencerrANDUS\u201d comemorando os cinco anos do Projeto de apoio \u00e0 Agenda Nacional de Desenvolvimento Urbano Sustent\u00e1vel (Andus) do Minist\u00e9rio do Desenvolvimento Regional e do Gesellschaft F\u00fcr Internationale Zusammenarbeit (GIZ). Durante o evento ser\u00e3o lan\u00e7ados o Guia de Elabora\u00e7\u00e3o e Revis\u00e3o de Planos Diretores e o Guia Municipal da Carta Brasileira para Cidades Inteligentes. O Projeto \u00e9 financiado pelo Minist\u00e9rio do Desenvolvimento Regional do Governo Federal.<\/p>\n<p>Em Junho de 2021, Juiz de Fora foi um dos munic\u00edpios selecionados para participar da segunda etapa do processo de mentoria e capacita\u00e7\u00e3o em instrumentos para o desenvolvimento urbano sustent\u00e1vel do Andus, cuja apresenta\u00e7\u00e3o dos resultados acontece nos dias 16 e 17 de novembro de 2022. O tema escolhido pelo munic\u00edpio para trabalhar na mentoria, foi: \u201cFinanciamento da Pol\u00edtica Urbana\u201d, sob direcionamento da mentora Camila Maleronka. Durante a mentoria, um relat\u00f3rio da foi desenvolvido e entregue \u00e0 Prefeita de Juiz de Fora, Margarida Salom\u00e3o.<\/p>\n<p>A equipe designada para representar Juiz de Fora comp\u00f5e a Secretaria de Planejamento Urbano (Sepur). S\u00e3o eles: a secret\u00e1ria municipal da pasta, Livia Delgado, a gerente arquiteta e urbanista B\u00e1rbara Lopes, e as arquitetas e urbanistas Priscila Schott, Danielle Felix e Pamela Fontes, al\u00e9m do assessor arquiteto e Urbanista, Cleyton Silva Rosa, que tamb\u00e9m representar\u00e1 o munic\u00edpio no dia 18, no\u00a0Encontro de Redes e Institutos, no Rio de Janeiro (RJ).<\/p>\n<p>L\u00edvia Delgado acredita que a participa\u00e7\u00e3o no projeto \u00e9 uma oportunidade para que o munic\u00edpio dialogue sobre as pr\u00e1ticas de regula\u00e7\u00e3o do uso e ocupa\u00e7\u00e3o do solo e se inclua no circuito de boas pr\u00e1ticas em Urbanismo, al\u00e9m de ser uma boa oportunidade de fortalecer a cultura de planejamento nas cidades brasileiras, que tanto urge de mudan\u00e7as. Delgado ainda ressalta que o evento da Rede de Institutos Planejamento, que acontece no dia 18, ser\u00e1 uma grande oportunidade para troca de experi\u00eancias com os outros munic\u00edpios quanto \u00e0 utiliza\u00e7\u00e3o de novas tecnologias na resolu\u00e7\u00e3o de problemas inerentes \u00e0 din\u00e2mica das cidades, uma vez que a Sepur est\u00e1 desenvolvendo um trabalho para o fortalecimento do\u00a0Sistema Municipal de Informa\u00e7\u00e3o para o Desenvolvimento Territorial (Sisurb), criado pelo Plano Diretor do Munic\u00edpio.<\/p>\n","protected":false},"excerpt":{"rendered":"<p>Segundo informa\u00e7\u00f5es do site da Prefeitura de Juiz de Fora (PJF), a PJF participa nesta quarta-feira, 16, e quinta-feira, 17, do evento \u201cencerrANDUS\u201d comemorando os cinco anos do Projeto de apoio \u00e0 Agenda Nacional de Desenvolvimento Urbano Sustent\u00e1vel (Andus) do Minist\u00e9rio do Desenvolvimento Regional e do Gesellschaft F\u00fcr Internationale Zusammenarbeit (GIZ). Durante o evento ser\u00e3o [&hellip;]<\/p>\n","protected":false},"author":246,"featured_media":206669,"comment_status":"closed","ping_status":"closed","sticky":false,"template":"","format":"standard","meta":{"footnotes":""},"categories":[253,436,439],"tags":[],"class_list":["post-206668","post","type-post","status-publish","format-standard","has-post-thumbnail","hentry","category-cidade","category-destaque-da-semana","category-ultima-hora"],"_links":{"self":[{"href":"https:\/\/diarioregionaldigital.com.br\/index.php?rest_route=\/wp\/v2\/posts\/206668","targetHints":{"allow":["GET"]}}],"collection":[{"href":"https:\/\/diarioregionaldigital.com.br\/index.php?rest_route=\/wp\/v2\/posts"}],"about":[{"href":"https:\/\/diarioregionaldigital.com.br\/index.php?rest_route=\/wp\/v2\/types\/post"}],"author":[{"embeddable":true,"href":"https:\/\/diarioregionaldigital.com.br\/index.php?rest_route=\/wp\/v2\/users\/246"}],"replies":[{"embeddable":true,"href":"https:\/\/diarioregionaldigital.com.br\/index.php?rest_route=%2Fwp%2Fv2%2Fcomments&post=206668"}],"version-history":[{"count":1,"href":"https:\/\/diarioregionaldigital.com.br\/index.php?rest_route=\/wp\/v2\/posts\/206668\/revisions"}],"predecessor-version":[{"id":206670,"href":"https:\/\/diarioregionaldigital.com.br\/index.php?rest_route=\/wp\/v2\/posts\/206668\/revisions\/206670"}],"wp:featuredmedia":[{"embeddable":true,"href":"https:\/\/diarioregionaldigital.com.br\/index.php?rest_route=\/wp\/v2\/media\/206669"}],"wp:attachment":[{"href":"https:\/\/diarioregionaldigital.com.br\/index.php?rest_route=%2Fwp%2Fv2%2Fmedia&parent=206668"}],"wp:term":[{"taxonomy":"category","embeddable":true,"href":"https:\/\/diarioregionaldigital.com.br\/index.php?rest_route=%2Fwp%2Fv2%2Fcategories&post=206668"},{"taxonomy":"post_tag","embeddable":true,"href":"https:\/\/diarioregionaldigital.com.br\/index.php?rest_route=%2Fwp%2Fv2%2Ftags&post=206668"}],"curies":[{"name":"wp","href":"https:\/\/api.w.org\/{rel}","templated":true}]}}