{"id":206665,"date":"2022-11-16T23:03:54","date_gmt":"2022-11-17T02:03:54","guid":{"rendered":"https:\/\/diarioregionaldigital.com.br\/?p=206665"},"modified":"2022-11-16T23:03:54","modified_gmt":"2022-11-17T02:03:54","slug":"avenida-itamar-franco-sera-interditada-ao-lado-da-acispes-no-sentido-centro-a-partir-desta-quinta-17","status":"publish","type":"post","link":"https:\/\/diarioregionaldigital.com.br\/?p=206665","title":{"rendered":"Avenida Itamar Franco ser\u00e1 interditada ao lado da Acispes no sentido Centro a partir desta quinta, 17"},"content":{"rendered":"<p>Segundo informa\u00e7\u00f5es do site da Prefeitura de Juiz de Fora (PJF), o\u00a0tr\u00e2nsito na Avenida Itamar Franco ser\u00e1 fechado para ve\u00edculos no sentido Centro a partir do trevo da Ascomcer, at\u00e9 a Rua Dr Dirceu de Andrade, Rua da Maternidade Therezinha de Jesus, a partir de 6h desta quinta-feira, 17. O fechamento da via ser\u00e1 necess\u00e1rio para a realiza\u00e7\u00e3o de reparo emergencial da Secretaria de Obras (SO) no sistema da rede de drenagem do local. Todos os \u00f4nibus urbanos que transitam no trecho ser\u00e3o desviados pela Ladeira Alexandre Leonel e retornam para a Avenida Itamar Franco somente a partir da Rua Ant\u00f4nio Passarela.<\/p>\n<p>Os motoristas que seguem do Campus da UFJF e dos bairros Aeroporto e Dom Orione devem desviar pelo bairro Dom Bosco, pela Rua Vicente Beghelli e em seguida pela Rua Monsenhor Gustavo Freire para acessar a Itamar Franco. Quem segue da Avenida Deusdedith Salgado e do Cascatinha t\u00eam a op\u00e7\u00e3o de desvio pela Ladeira Alexandre Leonel. Agentes de transporte e tr\u00e2nsito v\u00e3o atuar no entorno da obra para orientar o tr\u00e2nsito. Por\u00e9m, a Secretaria de Mobilidade Urbana (SMU) alerta que os motoristas devem evitar ao m\u00e1ximo o trecho e, quando poss\u00edvel, utilizar rotas alternativas para seguirem em dire\u00e7\u00e3o ao Centro.<\/p>\n<p>&nbsp;<\/p>\n<div id=\"box_compartilhar\" align=\"right\"><\/div>\n","protected":false},"excerpt":{"rendered":"<p>Segundo informa\u00e7\u00f5es do site da Prefeitura de Juiz de Fora (PJF), o\u00a0tr\u00e2nsito na Avenida Itamar Franco ser\u00e1 fechado para ve\u00edculos no sentido Centro a partir do trevo da Ascomcer, at\u00e9 a Rua Dr Dirceu de Andrade, Rua da Maternidade Therezinha de Jesus, a partir de 6h desta quinta-feira, 17. O fechamento da via ser\u00e1 necess\u00e1rio [&hellip;]<\/p>\n","protected":false},"author":246,"featured_media":206666,"comment_status":"closed","ping_status":"closed","sticky":false,"template":"","format":"standard","meta":{"footnotes":""},"categories":[253,436,439],"tags":[],"class_list":["post-206665","post","type-post","status-publish","format-standard","has-post-thumbnail","hentry","category-cidade","category-destaque-da-semana","category-ultima-hora"],"_links":{"self":[{"href":"https:\/\/diarioregionaldigital.com.br\/index.php?rest_route=\/wp\/v2\/posts\/206665","targetHints":{"allow":["GET"]}}],"collection":[{"href":"https:\/\/diarioregionaldigital.com.br\/index.php?rest_route=\/wp\/v2\/posts"}],"about":[{"href":"https:\/\/diarioregionaldigital.com.br\/index.php?rest_route=\/wp\/v2\/types\/post"}],"author":[{"embeddable":true,"href":"https:\/\/diarioregionaldigital.com.br\/index.php?rest_route=\/wp\/v2\/users\/246"}],"replies":[{"embeddable":true,"href":"https:\/\/diarioregionaldigital.com.br\/index.php?rest_route=%2Fwp%2Fv2%2Fcomments&post=206665"}],"version-history":[{"count":1,"href":"https:\/\/diarioregionaldigital.com.br\/index.php?rest_route=\/wp\/v2\/posts\/206665\/revisions"}],"predecessor-version":[{"id":206667,"href":"https:\/\/diarioregionaldigital.com.br\/index.php?rest_route=\/wp\/v2\/posts\/206665\/revisions\/206667"}],"wp:featuredmedia":[{"embeddable":true,"href":"https:\/\/diarioregionaldigital.com.br\/index.php?rest_route=\/wp\/v2\/media\/206666"}],"wp:attachment":[{"href":"https:\/\/diarioregionaldigital.com.br\/index.php?rest_route=%2Fwp%2Fv2%2Fmedia&parent=206665"}],"wp:term":[{"taxonomy":"category","embeddable":true,"href":"https:\/\/diarioregionaldigital.com.br\/index.php?rest_route=%2Fwp%2Fv2%2Fcategories&post=206665"},{"taxonomy":"post_tag","embeddable":true,"href":"https:\/\/diarioregionaldigital.com.br\/index.php?rest_route=%2Fwp%2Fv2%2Ftags&post=206665"}],"curies":[{"name":"wp","href":"https:\/\/api.w.org\/{rel}","templated":true}]}}