{"id":206662,"date":"2022-11-16T22:55:15","date_gmt":"2022-11-17T01:55:15","guid":{"rendered":"https:\/\/diarioregionaldigital.com.br\/?p=206662"},"modified":"2022-11-16T22:55:15","modified_gmt":"2022-11-17T01:55:15","slug":"pjf-plantio-solidario-e-comunidade-se-unem-para-manutencao-de-horta-comunitaria-no-vale-verde","status":"publish","type":"post","link":"https:\/\/diarioregionaldigital.com.br\/?p=206662","title":{"rendered":"PJF, Plantio Solid\u00e1rio e comunidade se unem para manuten\u00e7\u00e3o de horta comunit\u00e1ria no Vale Verde"},"content":{"rendered":"<p>Segundo informa\u00e7\u00f5es do site da Prefeitura de Juiz de Fora (PJF), a PJF, por meio da Secretaria de Agricultura, Pecu\u00e1ria e Abastecimento (Seapa), juntamente com o projeto Plantio Solid\u00e1rio Zona da Mata e com os moradores do bairro Vale Verde, realizaram no \u00faltimo s\u00e1bado, 12, um mutir\u00e3o de manuten\u00e7\u00e3o da Horta Comunit\u00e1ria que foi implantada na Creche Municipal Toninho Ventura.<\/p>\n<p>A horta surgiu a partir da\u00a0<a href=\"https:\/\/www.pjf.mg.gov.br\/noticias\/view.php?modo=link2&amp;idnoticia2=75291\"><strong>entrega de sementes de hortali\u00e7as \u00e0s fam\u00edlias em situa\u00e7\u00e3o de vulnerabilidade social do bairro<\/strong><\/a>, que foi realizada em maio deste ano pela PJF, e foi constru\u00edda h\u00e1 dois meses pelos integrantes do Plantio Solid\u00e1rio, contando com a presen\u00e7a de moradores e de outros volunt\u00e1rios. At\u00e9 o momento, a comunidade j\u00e1 pode colher para o consumo pr\u00f3prio e tamb\u00e9m para a merenda dos estudantes, r\u00facula, alface, beterraba, espinafre e couve.<\/p>\n<p>O objetivo da a\u00e7\u00e3o \u00e9 apoiar e desenvolver a produ\u00e7\u00e3o de alimentos no munic\u00edpio, e promover a garantia do Direito Humano \u00e0 Alimenta\u00e7\u00e3o Adequada\u00a0e a concretiza\u00e7\u00e3o da seguran\u00e7a alimentar e nutricional \u00e0 popula\u00e7\u00e3o.<\/p>\n<p>Al\u00e9m da iniciativa do Vale Verde, uma horta comunit\u00e1ria est\u00e1 tomando forma no bairro Barbosa Lage, ao lado do Ecoponto. At\u00e9 o momento, os canteiros foram constru\u00eddos, e, em breve, ser\u00e1 iniciada a semeadura das sementes que foram doadas para as associa\u00e7\u00f5es de catadores de recicl\u00e1veis do bairro. A a\u00e7\u00e3o tamb\u00e9m conta com a parceria do Departamento Municipal de Limpeza Urbana (Demlurb), da Companhia de Saneamento Municipal (Cesama), da Empresa MRS Log\u00edstica e de lideran\u00e7as comunit\u00e1rias do bairro.<\/p>\n","protected":false},"excerpt":{"rendered":"<p>Segundo informa\u00e7\u00f5es do site da Prefeitura de Juiz de Fora (PJF), a PJF, por meio da Secretaria de Agricultura, Pecu\u00e1ria e Abastecimento (Seapa), juntamente com o projeto Plantio Solid\u00e1rio Zona da Mata e com os moradores do bairro Vale Verde, realizaram no \u00faltimo s\u00e1bado, 12, um mutir\u00e3o de manuten\u00e7\u00e3o da Horta Comunit\u00e1ria que foi implantada [&hellip;]<\/p>\n","protected":false},"author":246,"featured_media":206663,"comment_status":"closed","ping_status":"closed","sticky":false,"template":"","format":"standard","meta":{"footnotes":""},"categories":[253,436,440,439],"tags":[],"class_list":["post-206662","post","type-post","status-publish","format-standard","has-post-thumbnail","hentry","category-cidade","category-destaque-da-semana","category-destaques-do-dia","category-ultima-hora"],"_links":{"self":[{"href":"https:\/\/diarioregionaldigital.com.br\/index.php?rest_route=\/wp\/v2\/posts\/206662","targetHints":{"allow":["GET"]}}],"collection":[{"href":"https:\/\/diarioregionaldigital.com.br\/index.php?rest_route=\/wp\/v2\/posts"}],"about":[{"href":"https:\/\/diarioregionaldigital.com.br\/index.php?rest_route=\/wp\/v2\/types\/post"}],"author":[{"embeddable":true,"href":"https:\/\/diarioregionaldigital.com.br\/index.php?rest_route=\/wp\/v2\/users\/246"}],"replies":[{"embeddable":true,"href":"https:\/\/diarioregionaldigital.com.br\/index.php?rest_route=%2Fwp%2Fv2%2Fcomments&post=206662"}],"version-history":[{"count":1,"href":"https:\/\/diarioregionaldigital.com.br\/index.php?rest_route=\/wp\/v2\/posts\/206662\/revisions"}],"predecessor-version":[{"id":206664,"href":"https:\/\/diarioregionaldigital.com.br\/index.php?rest_route=\/wp\/v2\/posts\/206662\/revisions\/206664"}],"wp:featuredmedia":[{"embeddable":true,"href":"https:\/\/diarioregionaldigital.com.br\/index.php?rest_route=\/wp\/v2\/media\/206663"}],"wp:attachment":[{"href":"https:\/\/diarioregionaldigital.com.br\/index.php?rest_route=%2Fwp%2Fv2%2Fmedia&parent=206662"}],"wp:term":[{"taxonomy":"category","embeddable":true,"href":"https:\/\/diarioregionaldigital.com.br\/index.php?rest_route=%2Fwp%2Fv2%2Fcategories&post=206662"},{"taxonomy":"post_tag","embeddable":true,"href":"https:\/\/diarioregionaldigital.com.br\/index.php?rest_route=%2Fwp%2Fv2%2Ftags&post=206662"}],"curies":[{"name":"wp","href":"https:\/\/api.w.org\/{rel}","templated":true}]}}