{"id":206656,"date":"2022-11-16T22:39:41","date_gmt":"2022-11-17T01:39:41","guid":{"rendered":"https:\/\/diarioregionaldigital.com.br\/?p=206656"},"modified":"2022-11-16T22:39:41","modified_gmt":"2022-11-17T01:39:41","slug":"brasil-disputa-libertadores-de-futebol-em-cadeira-de-rodas","status":"publish","type":"post","link":"https:\/\/diarioregionaldigital.com.br\/?p=206656","title":{"rendered":"Brasil disputa Libertadores de futebol em cadeira de rodas"},"content":{"rendered":"<p>Come\u00e7a nesta\u00a0quarta-feira (16), em Buenos Aires (Argentina), a\u00a0quinta\u00a0edi\u00e7\u00e3o da Libertadores de\u00a0<em>power soccer,<\/em>\u00a0como \u00e9 chamado o futebol em cadeira de rodas. A modalidade \u00e9 praticada por atletas com defici\u00eancias motores severas, como les\u00f5es medulares, sendo que homens e mulheres jogam juntos. O torneio reunir\u00e1 equipes de Brasil, Uruguai e do pa\u00eds anfitri\u00e3o. Os brasileiros ser\u00e3o representados por Fortaleza e Rio\u00a0de Janeiro\u00a0Power Soccer (RJPS). As partidas ter\u00e3o\u00a0<a href=\"https:\/\/www.youtube.com\/c\/PowerchairFootballArgentina\">transmiss\u00e3o ao vivo\u00a0<\/a>no canal da Federa\u00e7\u00e3o Argentina de Power Soccer no Youtube.<img decoding=\"async\" src=\"https:\/\/agenciabrasil.ebc.com.br\/ebc.png?id=1493758&amp;o=node\" \/><img decoding=\"async\" src=\"https:\/\/agenciabrasil.ebc.com.br\/ebc.gif?id=1493758&amp;o=node\" \/><\/p>\n<p>O Le\u00e3o do Pici est\u00e1 no Grupo A, com Deportivo Montevid\u00e9u (Uruguai) e Tigres (Argentina). Os cearenses estreiam contra o time uruguaio, \u00e0s 10h30 (hor\u00e1rio de Bras\u00edlia) desta\u00a0quarta. Em seguida, \u00e0s 13h25, encaram os argentinos. O RJPS, por sua vez, aparece no Grupo B, junto de Hurac\u00e1n de Carrasco (Uruguai) e Los Titanes (Argentina). Tamb\u00e9m nesta\u00a0quarta-feira, \u00e0s 11h40, os cariocas medem for\u00e7as com o Hurac\u00e1n. Mais tarde, \u00e0s 16h40, encerram a participa\u00e7\u00e3o na primeira fase contra o Los Titanes.<\/p>\n<p>Os dois primeiros de cada chave avan\u00e7am \u00e0s semifinais, que est\u00e3o marcadas para\u00a0quinta-feira (17), com jogos \u00e0s 12h10 e 13h15. A disputa pelo terceiro lugar ser\u00e1 \u00e0s 15h, enquanto a grande final est\u00e1 marcada para 16h10.<\/p>\n<p>O \u00fanico time brasileiro a vencer a Libertadores foi o Novo Ser, do Rio de Janeiro, em 2015, na primeira edi\u00e7\u00e3o. Em 2016, o t\u00edtulo ficou com o Hurac\u00e1n de Carrasco. No ano seguinte, o Tigres levantou a ta\u00e7a. O \u00faltimo ganhador foi o Deportivo Montevid\u00e9u, em 2018. A competi\u00e7\u00e3o n\u00e3o ocorreu em 2019, ano em que foi realizada a Champions Cup, no Vel\u00f3dromo do Parque Ol\u00edmpico, na zona oeste da capital fluminense, reunindo campe\u00f5es de Brasil, Estados Unidos, Argentina e Uruguai &#8211; o RJPS venceu. Nas duas \u00faltimas temporadas, devido \u00e0 pandemia da covid-19, n\u00e3o teve disputa.<\/p>\n<p>Os representantes do pa\u00eds na Libertadores foram definidos no \u00faltimo campeonato nacional, realizado em 2019. Tetracampe\u00e3o do Brasil, o RJPS disputar\u00e1 o torneio continental pela\u00a0quinta\u00a0vez. Na \u00faltima edi\u00e7\u00e3o, o time carioca ficou na s\u00e9tima coloca\u00e7\u00e3o.<\/p>\n<p>&#8220;A expectativa \u00e9 a melhor poss\u00edvel. Estou bastante confiante que faremos um \u00f3timo campeonato. Eu e meus colegas de time treinamos muito para esse momento, para conquistarmos o t\u00edtulo. \u00c9 a minha\u00a0quarta\u00a0vez na Libertadores. A cada ano que participo, ganho mais experi\u00eancia e amadurecimento&#8221;, comentou Pedro Henrique, goleiro do RJPS, \u00e0\u00a0<strong>Ag\u00eancia Brasil.<\/strong><\/p>\n<p>Vice-campe\u00e3o brasileiro, o Fortaleza estrear\u00e1 na competi\u00e7\u00e3o sul-americana. O Tricolor \u00e9 um dos \u00fanicos clubes de futebol do pa\u00eds a contar, tamb\u00e9m, com uma equipe de\u00a0<em>power soccer\u00a0<\/em>&#8211;\u00a0o Botafogo \u00e9 outro.<\/p>\n<p>&#8220;Nosso \u00faltimo jogo foi em 2019, ent\u00e3o focamos nos aspectos t\u00e1ticos, visto que teremos um grupo reduzido, sem reservas, por log\u00edstica financeira. Por ser a primeira competi\u00e7\u00e3o internacional, a ansiedade est\u00e1 enorme. Temos o Darci [J\u00fanior], que j\u00e1 disputou o torneio. Nossa parceria com o Fortaleza utiliza a marca do clube, buscando uma visibilidade maior da modalidade, mas ainda \u00e9 um projeto embrion\u00e1rio. Precisamos divulgar, fortalecer, colocar os atletas em evid\u00eancia&#8221;, projetou o t\u00e9cnico do Le\u00e3o do Pici, David Xavier.<\/p>\n<p>&#8220;Sendo a primeira [participa\u00e7\u00e3o], precisamos nos entregar ao m\u00e1ximo, com muito foco. Jogar uma competi\u00e7\u00e3o equivalente \u00e0 do futebol convencional \u00e9 uma grande motiva\u00e7\u00e3o. Sendo jogador e torcedor, a motiva\u00e7\u00e3o \u00e9 bem maior, de representar meu estado, o Nordeste e meu time do cora\u00e7\u00e3o&#8221;, completou Igor Gomes, atleta do Fortaleza.<\/p>\n<h2>Mira paral\u00edmpica<\/h2>\n<p>Os jogadores do\u00a0<em>power soccer<\/em>\u00a0s\u00e3o divididos em duas classes funcionais: PF1 (maior comprometimento f\u00edsico-motor) e PF2 (maior mobilidade, grau de defici\u00eancia moderado). S\u00e3o quatro atletas de cada lado, sendo tr\u00eas de linha e um goleiro.\u00a0Somente dois PF2 podem estar em quadra simultaneamente em cada equipe. As cadeiras, motorizadas, n\u00e3o podem superar 10 quil\u00f4metros por hora. A velocidade m\u00e1xima \u00e9 aferida antes de cada partida,\u00a0disputada em dois tempos de 20 minutos.<\/p>\n<p>A Federa\u00e7\u00e3o Internacional de Power Soccer (Fipfa, na sigla em ingl\u00eas) \u00e9 respons\u00e1vel pela modalidade e organizadora da Copa do Mundo, realizada pela primeira vez em 2007, em T\u00f3quio (Jap\u00e3o). Os EUA ficaram com o t\u00edtulo, repetindo a dose quatro anos depois, em Paris (Fran\u00e7a). A terceira edi\u00e7\u00e3o ocorreu em 2017, na cidade norte-americana de Kissimmee, com vit\u00f3ria francesa.<\/p>\n<p>O pr\u00f3ximo Mundial ser\u00e1 em 2023, em Sydney (Austr\u00e1lia). Inicialmente marcado para 2021, o torneio sofreu duas altera\u00e7\u00f5es de data, em raz\u00e3o da pandemia. O Brasil n\u00e3o estar\u00e1 presente, j\u00e1 que terminou a Copa Am\u00e9rica de 2019, realizada no Rio\u00a0de Janeiro, na\u00a0quarta\u00a0posi\u00e7\u00e3o. Os tr\u00eas primeiros (EUA, Uruguai e Argentina) ficaram com as vagas do continente.<\/p>\n<p>O\u00a0<a href=\"https:\/\/agenciabrasil.ebc.com.br\/esportes\/noticia\/2022-08\/comite-paralimpico-anuncia-modalidades-candidatas-aos-jogos-de-2028\"><em>power soccer\u00a0<\/em>\u00e9 uma das 33 modalidades que se candidataram\u00a0<\/a>para integrar o programa da Paralimp\u00edada de Los Angeles (Estados Unidos), em 2028. A previs\u00e3o \u00e9 que os esportes\u00a0selecionados para os\u00a0Jogos sejam anunciados pelo Comit\u00ea Paral\u00edmpico Internacional (IPC, sigla em ingl\u00eas) at\u00e9 janeiro do ano que vem.<\/p>\n<p>&#8220;A gente espera que, al\u00e9m de cumprir os requisitos, o\u00a0<em>power soccer<\/em>\u00a0tenha uma chance maior [de estar em 2028] pela Paralimp\u00edada ser nos EUA, que \u00e9 refer\u00eancia na modalidade, para estarmos participando com a sele\u00e7\u00e3o brasileira. Esperamos muito que d\u00ea certo e isso motive a\u00a0ter\u00a0mais equipes no Brasil, onde ainda n\u00e3o temos um n\u00famero muito grande, al\u00e9m de fortalecer o continente sul-americano e dar aos atletas a chance de respirar o esp\u00edrito paral\u00edmpico, que \u00e9 muito legal&#8221;, disse Jaime Torres, diretor de Esportes e t\u00e9cnico do RJPS.<\/p>\n<h2>Fim de ano cheio<\/h2>\n<p>O\u00a0<em>power soccer\u00a0<\/em>segue em Buenos Aires na\u00a0sexta-feira (18), com o Campeonato Sul-Americano de sele\u00e7\u00f5es. O Brasil estreia \u00e0s 10h15, diante da Argentina. Na sequ\u00eancia, \u00e0s 11h50, enfrenta o Uruguai. \u00c0s 13h30, o jogo entre uruguaios e argentinos\u00a0encerra a\u00a0competi\u00e7\u00e3o. Dos oito atletas convocados para a equipe brasileira, seis estar\u00e3o na Libertadores, sendo tr\u00eas\u00a0pelo RJPS (Pedro Henrique, Bernardo Borges e Lucas Dutra) e tr\u00eas\u00a0pelo Fortaleza (Igor Gomes, Saymon Calista e Darci J\u00fanior), que tamb\u00e9m ceder\u00e1 o t\u00e9cnico David Xavier.<\/p>\n<p>J\u00e1 em dezembro, a Associa\u00e7\u00e3o Niteroiense dos Deficientes F\u00edsicos (Andef), em Niter\u00f3i (RJ), recebe, entre os dias 16 e 17, o Campeonato Brasileiro da modalidade, que voltar\u00e1 a ser realizado ap\u00f3s dois anos. Como as inscri\u00e7\u00f5es est\u00e3o abertas at\u00e9 o pr\u00f3ximo dia 30, o n\u00famero de participantes ainda n\u00e3o est\u00e1 definido, mas a expectativa \u00e9 que a competi\u00e7\u00e3o re\u00fana de tr\u00eas a seis equipes.<\/p>\n<p><span style=\"font-weight: 400;\">Fonte: Ag\u00eancia Brasil <\/span><\/p>\n","protected":false},"excerpt":{"rendered":"<p>Come\u00e7a nesta\u00a0quarta-feira (16), em Buenos Aires (Argentina), a\u00a0quinta\u00a0edi\u00e7\u00e3o da Libertadores de\u00a0power soccer,\u00a0como \u00e9 chamado o futebol em cadeira de rodas. A modalidade \u00e9 praticada por atletas com defici\u00eancias motores severas, como les\u00f5es medulares, sendo que homens e mulheres jogam juntos. O torneio reunir\u00e1 equipes de Brasil, Uruguai e do pa\u00eds anfitri\u00e3o. Os brasileiros ser\u00e3o representados [&hellip;]<\/p>\n","protected":false},"author":246,"featured_media":206657,"comment_status":"closed","ping_status":"closed","sticky":false,"template":"","format":"standard","meta":{"footnotes":""},"categories":[436,257,439],"tags":[],"class_list":["post-206656","post","type-post","status-publish","format-standard","has-post-thumbnail","hentry","category-destaque-da-semana","category-esporte","category-ultima-hora"],"_links":{"self":[{"href":"https:\/\/diarioregionaldigital.com.br\/index.php?rest_route=\/wp\/v2\/posts\/206656","targetHints":{"allow":["GET"]}}],"collection":[{"href":"https:\/\/diarioregionaldigital.com.br\/index.php?rest_route=\/wp\/v2\/posts"}],"about":[{"href":"https:\/\/diarioregionaldigital.com.br\/index.php?rest_route=\/wp\/v2\/types\/post"}],"author":[{"embeddable":true,"href":"https:\/\/diarioregionaldigital.com.br\/index.php?rest_route=\/wp\/v2\/users\/246"}],"replies":[{"embeddable":true,"href":"https:\/\/diarioregionaldigital.com.br\/index.php?rest_route=%2Fwp%2Fv2%2Fcomments&post=206656"}],"version-history":[{"count":1,"href":"https:\/\/diarioregionaldigital.com.br\/index.php?rest_route=\/wp\/v2\/posts\/206656\/revisions"}],"predecessor-version":[{"id":206658,"href":"https:\/\/diarioregionaldigital.com.br\/index.php?rest_route=\/wp\/v2\/posts\/206656\/revisions\/206658"}],"wp:featuredmedia":[{"embeddable":true,"href":"https:\/\/diarioregionaldigital.com.br\/index.php?rest_route=\/wp\/v2\/media\/206657"}],"wp:attachment":[{"href":"https:\/\/diarioregionaldigital.com.br\/index.php?rest_route=%2Fwp%2Fv2%2Fmedia&parent=206656"}],"wp:term":[{"taxonomy":"category","embeddable":true,"href":"https:\/\/diarioregionaldigital.com.br\/index.php?rest_route=%2Fwp%2Fv2%2Fcategories&post=206656"},{"taxonomy":"post_tag","embeddable":true,"href":"https:\/\/diarioregionaldigital.com.br\/index.php?rest_route=%2Fwp%2Fv2%2Ftags&post=206656"}],"curies":[{"name":"wp","href":"https:\/\/api.w.org\/{rel}","templated":true}]}}