{"id":206653,"date":"2022-11-16T22:37:24","date_gmt":"2022-11-17T01:37:24","guid":{"rendered":"https:\/\/diarioregionaldigital.com.br\/?p=206653"},"modified":"2022-11-16T22:37:24","modified_gmt":"2022-11-17T01:37:24","slug":"morre-isabel-salgado-referencia-do-volei-brasileiro-aos-62-anos","status":"publish","type":"post","link":"https:\/\/diarioregionaldigital.com.br\/?p=206653","title":{"rendered":"Morre Isabel Salgado, refer\u00eancia do v\u00f4lei brasileiro, aos 62 anos"},"content":{"rendered":"<p>A ex-jogadora de v\u00f4lei Maria Isabel Barroso Salgado, mais conhecida apenas por Isabel, um dos \u00edcones do esporte brasileiro, morreu aos 62 anos, na manh\u00e3 desta quarta-feira (16), no Hospital S\u00edrio Liban\u00eas em S\u00e3o Paulo. A causa da morte n\u00e3o foi divulgada pelo hospital a pedido da fam\u00edlia. O vel\u00f3rio ser\u00e1 nesta quinta-feira (17), a partir das 11h (hor\u00e1rio de Bras\u00edlia), na Capela Hist\u00f3ria do Cremat\u00f3rio e Cemit\u00e9rio do Caju, no Rio de Janeiro. A cerim\u00f4nia de crema\u00e7\u00e3o ser\u00e1 \u00e0s 14h.\u00a0<img decoding=\"async\" src=\"https:\/\/agenciabrasil.ebc.com.br\/ebc.png?id=1493802&amp;o=node\" \/><img decoding=\"async\" src=\"https:\/\/agenciabrasil.ebc.com.br\/ebc.gif?id=1493802&amp;o=node\" \/><\/p>\n<p>A atleta da sele\u00e7\u00e3o brasileira em duas Olimp\u00edadas &#8211; Moscou (1980) e Los Angeles (1984) &#8211; integraria o\u00a0<a href=\"https:\/\/agenciabrasil.ebc.com.br\/politica\/noticia\/2022-11\/vice-presidente-eleito-anuncia-mais-61-nomes-da-equipe-de-transicao\">grupo t\u00e9cnico de esporte do governo de\u00a0transi\u00e7\u00e3o\u00a0<\/a>do presidente eleito Luiz In\u00e1cio Lula da Silva, que assumir\u00e1 em 1\u00ba de janeiro de 2023. Por meio do Twitter, Lula homenageou a ex-atleta<\/p>\n<p>O Comit\u00ea Ol\u00edmpico do Brasil\u00a0 (COB) se solidarizou com a fam\u00edlia e amigos de Isabel nas redes sociais. \u201cO COB externa o seu mais profundo pesar pelo falecimento, aos 62 anos, de Isabel Salgado, uma das mais importantes e talentosas jogadoras brasileiras de v\u00f4lei\u201d.<\/p>\n<p>O governador do estado do Rio de Janeiro Cl\u00e1udio Castro\u00a0\u00a0tamb\u00e9m prestou solidariedade em\u00a0<a href=\"https:\/\/twitter.com\/claudiocastroRJ\/status\/1592872604251324416\">nota de pesar.<\/a><\/p>\n<blockquote><p>\u201cIsabel deixa um legado de conquistas e belos exemplos. Fica aqui registrada a minha solidariedade \u00e0 fam\u00edlia, aos amigos e aos f\u00e3s desta atleta que ficou conhecida pela for\u00e7a, firmeza e lideran\u00e7a\u201d, publicou Castro no Twitter.<\/p><\/blockquote>\n<p>O prefeito da capital fluminense Eduardo Paes tamb\u00e9m homenageou a ex-atleta carioca\u00a0que participou da cerim\u00f4nia com a chama ol\u00edmpica da Rio 2016 no Cristo Redentor.<\/p>\n<p>Isabel ficou marcada por sua lideran\u00e7a dentro e fora de quadra. A atacante come\u00e7ou a praticar v\u00f4lei aos 12 anos e estreou pelo Flamengo um ano depois. Jogou em v\u00e1rios clubes brasileiros\u00a0e se tornou a primeira jogadora a\u00a0atuar fora do pa\u00eds: defendeu o M\u00f3dena (It\u00e1lia) e clubes no Jap\u00e3o. Al\u00e9m da participa\u00e7\u00e3o em duas edi\u00e7\u00f5es dos Jogos Ol\u00edmpicos, Isabel tamb\u00e9m disputou os\u00a0Pan-Americanos de San Juan (1979) &#8211; na ocasi\u00e3o conquistou o bronze &#8211; e de Caracas (1983).\u00a0 Ap\u00f3s a aposentadoria das quadras, a carioca migrou para o v\u00f4lei de praia em 1996, formando dupla vitoriosa com Jackie Silva e depois com Roseli. Nos \u00faltimos anos, Isabel atuava como t\u00e9cnica das filhas Maria Clara e Carol Solberg. Isabel deixa cinco filhos e cinco netos.<\/p>\n<p>.<span style=\"font-weight: 400;\">Fonte: Ag\u00eancia Brasil <\/span><\/p>\n","protected":false},"excerpt":{"rendered":"<p>A ex-jogadora de v\u00f4lei Maria Isabel Barroso Salgado, mais conhecida apenas por Isabel, um dos \u00edcones do esporte brasileiro, morreu aos 62 anos, na manh\u00e3 desta quarta-feira (16), no Hospital S\u00edrio Liban\u00eas em S\u00e3o Paulo. A causa da morte n\u00e3o foi divulgada pelo hospital a pedido da fam\u00edlia. O vel\u00f3rio ser\u00e1 nesta quinta-feira (17), a [&hellip;]<\/p>\n","protected":false},"author":246,"featured_media":206654,"comment_status":"closed","ping_status":"closed","sticky":false,"template":"","format":"standard","meta":{"footnotes":""},"categories":[436,257,439],"tags":[],"class_list":["post-206653","post","type-post","status-publish","format-standard","has-post-thumbnail","hentry","category-destaque-da-semana","category-esporte","category-ultima-hora"],"_links":{"self":[{"href":"https:\/\/diarioregionaldigital.com.br\/index.php?rest_route=\/wp\/v2\/posts\/206653","targetHints":{"allow":["GET"]}}],"collection":[{"href":"https:\/\/diarioregionaldigital.com.br\/index.php?rest_route=\/wp\/v2\/posts"}],"about":[{"href":"https:\/\/diarioregionaldigital.com.br\/index.php?rest_route=\/wp\/v2\/types\/post"}],"author":[{"embeddable":true,"href":"https:\/\/diarioregionaldigital.com.br\/index.php?rest_route=\/wp\/v2\/users\/246"}],"replies":[{"embeddable":true,"href":"https:\/\/diarioregionaldigital.com.br\/index.php?rest_route=%2Fwp%2Fv2%2Fcomments&post=206653"}],"version-history":[{"count":1,"href":"https:\/\/diarioregionaldigital.com.br\/index.php?rest_route=\/wp\/v2\/posts\/206653\/revisions"}],"predecessor-version":[{"id":206655,"href":"https:\/\/diarioregionaldigital.com.br\/index.php?rest_route=\/wp\/v2\/posts\/206653\/revisions\/206655"}],"wp:featuredmedia":[{"embeddable":true,"href":"https:\/\/diarioregionaldigital.com.br\/index.php?rest_route=\/wp\/v2\/media\/206654"}],"wp:attachment":[{"href":"https:\/\/diarioregionaldigital.com.br\/index.php?rest_route=%2Fwp%2Fv2%2Fmedia&parent=206653"}],"wp:term":[{"taxonomy":"category","embeddable":true,"href":"https:\/\/diarioregionaldigital.com.br\/index.php?rest_route=%2Fwp%2Fv2%2Fcategories&post=206653"},{"taxonomy":"post_tag","embeddable":true,"href":"https:\/\/diarioregionaldigital.com.br\/index.php?rest_route=%2Fwp%2Fv2%2Ftags&post=206653"}],"curies":[{"name":"wp","href":"https:\/\/api.w.org\/{rel}","templated":true}]}}