{"id":206646,"date":"2022-11-16T22:18:32","date_gmt":"2022-11-17T01:18:32","guid":{"rendered":"https:\/\/diarioregionaldigital.com.br\/?p=206646"},"modified":"2022-11-16T22:18:32","modified_gmt":"2022-11-17T01:18:32","slug":"lula-vai-propor-que-a-cop30-seja-na-amazonia","status":"publish","type":"post","link":"https:\/\/diarioregionaldigital.com.br\/?p=206646","title":{"rendered":"Lula vai propor que a COP30 seja na Amaz\u00f4nia"},"content":{"rendered":"<p>O presidente eleito, Luiz In\u00e1cio Lula da Silva, vai propor que a 30\u00ba edi\u00e7\u00e3o da Confer\u00eancia das Partes das Na\u00e7\u00f5es Unidas sobre Mudan\u00e7as Clim\u00e1ticas (COP30), em 2025, seja na Amaz\u00f4nia. \u201cVamos falar com o secret\u00e1rio-geral da ONU [Organiza\u00e7\u00e3o das Na\u00e7\u00f5es Unidas, Ant\u00f3nio Guterres] e vamos pedir que a COP de 2025 seja feita no Brasil, na Amaz\u00f4nia\u201d, disse, hoje (16), durante participa\u00e7\u00e3o na COP27, no Egito.<img decoding=\"async\" src=\"https:\/\/agenciabrasil.ebc.com.br\/ebc.png?id=1493804&amp;o=node\" \/><img decoding=\"async\" src=\"https:\/\/agenciabrasil.ebc.com.br\/ebc.gif?id=1493804&amp;o=node\" \/><\/p>\n<p>\u201cAcho muito importante que as pessoas que defendem a Amaz\u00f4nia, que defendem o clima, conhe\u00e7am de perto o que \u00e9 aquela regi\u00e3o, para que as pessoas possam discutir a Amaz\u00f4nia a partir de uma realidade concreta e n\u00e3o apenas a partir de uma cultura atrav\u00e9s de leitura\u201d, disse. Para Lula, tanto o estado do Par\u00e1 quanto o do Amazonas est\u00e3o aptos a receber a confer\u00eancia internacional.<\/p>\n<p>Nesta quarta-feira (16), na COP27, Lula recebeu uma carta de compromissos comuns do cons\u00f3rcio de governadores dos nove estados da Amaz\u00f4nia Legal. Durante a entrega do documento, foi o governador do Par\u00e1, Helder Barbalho, que pediu ao presidente eleito que fizesse a proposta de realiza\u00e7\u00e3o da COP30 no Brasil \u00e0 c\u00fapula da Organiza\u00e7\u00e3o das Na\u00e7\u00f5es Unidas (ONU).<\/p>\n<p>\u201cFa\u00e7o um pedido em nome do Cons\u00f3rcio de Governadores e dos povos da floresta. Pe\u00e7o que ofere\u00e7a a Amaz\u00f4nia para sediar a COP30, para que possamos levar o planeta a debater a Amaz\u00f4nia conhecendo a Amaz\u00f4nia. Para que, mais do que conhec\u00ea-la pelas redes sociais, pela dist\u00e2ncia dos livros ou do acesso \u00e0 informa\u00e7\u00e3o pelas redes, conhe\u00e7am a Amaz\u00f4nia e o seu povo, com o p\u00e9 no ch\u00e3o, olhando para n\u00f3s, de frente, e construindo conosco uma Amaz\u00f4nia viva com sustentabilidade e com justi\u00e7a social aos povos da Amaz\u00f4nia\u201d, disse Barbalho.<\/p>\n<p>O governador destacou que o compromisso do presidente eleito com a quest\u00e3o ambiental ficou evidente com o fato de sua primeira agenda p\u00fablica internacional envolver diretamente o tema. \u201cSua presen\u00e7a aqui \u00e9 um gesto que leva o Brasil novamente ao patamar do protagonismo da agenda ambiental e da agenda clim\u00e1tica. Acima de tudo, eleva o Brasil novamente \u00e0 capacidade de ter interlocu\u00e7\u00e3o e falar ao mundo. Esse \u00e9 um ativo que colaborar\u00e1 para que o Brasil encontre solu\u00e7\u00f5es e encontre uma sociedade melhor e mais justa\u201d, acrescentou.<\/p>\n<h2>Conv\u00edvio democr\u00e1tico<\/h2>\n<p>Lula disse que conversar\u00e1 com governadores e prefeitos para que governem em comum acordo. Segundo ele, o Brasil voltar\u00e1 a conviver democraticamente com seus representantes, independentemente de partidos pol\u00edticos e vis\u00f5es religiosas.<\/p>\n<p>\u201cPara acabar com a fome, com a mis\u00e9ria, com o processo de degrada\u00e7\u00e3o que as florestas est\u00e3o vivendo, com o sofrimento dos nossos ind\u00edgenas, n\u00f3s vamos ter de conversar muito e trabalhar juntos para que o Brasil seja motivo de orgulho ao mundo e n\u00e3o motivo de desespero como \u00e9 hoje\u201d, alertou o presidente eleito.<\/p>\n<p>O combate ao desmatamento ilegal e o cuidado aos povos ind\u00edgenas ser\u00e3o muito fortes durante seu governo, anunciou o presidente eleito. Para Lula, as riquezas da Amaz\u00f4nia devem ser exploradas, mas mantendo a floresta de p\u00e9.<\/p>\n<p>\u201cSe a Amaz\u00f4nia tem a import\u00e2ncia que todos voc\u00eas e os cientistas dizem ter, n\u00f3s n\u00e3o temos de medir nenhum esfor\u00e7o para que a gente consiga convencer as pessoas de que uma \u00e1rvore em p\u00e9, uma \u00e1rvore viva, serve mais do que uma \u00e1rvore derrubada sem nenhum crit\u00e9rio, sem nenhuma necessidade\u201d, disse.<\/p>\n<p>Para Lula, \u00e9 precisa garantir recursos, de forma a ajudar as prefeituras a melhor desenvolverem um trabalho de base. \u201cA gente n\u00e3o vai evitar queimada se a gente n\u00e3o tiver o compromisso dos prefeitos. \u00c9 o prefeito que est\u00e1 na cidade; que sabe de quem \u00e9 a terra; e que sabe onde come\u00e7ou [o fogo]. N\u00e3o adianta ficar discutindo de Bras\u00edlia. \u00c9 importante pactuar e saber que os prefeitos v\u00e3o ter recursos para que a gente possa cobrar deles alguma coisa\u201d, completou.<\/p>\n<p>O presidente eleito viajou para a COP27 a convite do presidente do Egito, Abdel Fattah al-Sissi. Foi tamb\u00e9m convidado para integrar a comitiva do cons\u00f3rcio de governadores da Amaz\u00f4nia Legal. \u201cN\u00e3o poderia ter sido convite mais representativo do que um convite feito pelos governadores da Amaz\u00f4nia\u201d, disse Lula.<\/p>\n<p>Amanh\u00e3 (17), Lula tem encontros com representantes da sociedade civil, grupos ind\u00edgenas e com o secret\u00e1rio-geral das Na\u00e7\u00f5es Unidas, Ant\u00f3nio Guterres. Na sexta-feira (18), viaja para Portugal, j\u00e1 no retorno ao Brasil.<\/p>\n<p><span style=\"font-weight: 400;\">Fonte: Ag\u00eancia Brasil <\/span><\/p>\n","protected":false},"excerpt":{"rendered":"<p>O presidente eleito, Luiz In\u00e1cio Lula da Silva, vai propor que a 30\u00ba edi\u00e7\u00e3o da Confer\u00eancia das Partes das Na\u00e7\u00f5es Unidas sobre Mudan\u00e7as Clim\u00e1ticas (COP30), em 2025, seja na Amaz\u00f4nia. \u201cVamos falar com o secret\u00e1rio-geral da ONU [Organiza\u00e7\u00e3o das Na\u00e7\u00f5es Unidas, Ant\u00f3nio Guterres] e vamos pedir que a COP de 2025 seja feita no Brasil, [&hellip;]<\/p>\n","protected":false},"author":246,"featured_media":206647,"comment_status":"closed","ping_status":"closed","sticky":false,"template":"","format":"standard","meta":{"footnotes":""},"categories":[436,254,439],"tags":[],"class_list":["post-206646","post","type-post","status-publish","format-standard","has-post-thumbnail","hentry","category-destaque-da-semana","category-politica","category-ultima-hora"],"_links":{"self":[{"href":"https:\/\/diarioregionaldigital.com.br\/index.php?rest_route=\/wp\/v2\/posts\/206646","targetHints":{"allow":["GET"]}}],"collection":[{"href":"https:\/\/diarioregionaldigital.com.br\/index.php?rest_route=\/wp\/v2\/posts"}],"about":[{"href":"https:\/\/diarioregionaldigital.com.br\/index.php?rest_route=\/wp\/v2\/types\/post"}],"author":[{"embeddable":true,"href":"https:\/\/diarioregionaldigital.com.br\/index.php?rest_route=\/wp\/v2\/users\/246"}],"replies":[{"embeddable":true,"href":"https:\/\/diarioregionaldigital.com.br\/index.php?rest_route=%2Fwp%2Fv2%2Fcomments&post=206646"}],"version-history":[{"count":1,"href":"https:\/\/diarioregionaldigital.com.br\/index.php?rest_route=\/wp\/v2\/posts\/206646\/revisions"}],"predecessor-version":[{"id":206648,"href":"https:\/\/diarioregionaldigital.com.br\/index.php?rest_route=\/wp\/v2\/posts\/206646\/revisions\/206648"}],"wp:featuredmedia":[{"embeddable":true,"href":"https:\/\/diarioregionaldigital.com.br\/index.php?rest_route=\/wp\/v2\/media\/206647"}],"wp:attachment":[{"href":"https:\/\/diarioregionaldigital.com.br\/index.php?rest_route=%2Fwp%2Fv2%2Fmedia&parent=206646"}],"wp:term":[{"taxonomy":"category","embeddable":true,"href":"https:\/\/diarioregionaldigital.com.br\/index.php?rest_route=%2Fwp%2Fv2%2Fcategories&post=206646"},{"taxonomy":"post_tag","embeddable":true,"href":"https:\/\/diarioregionaldigital.com.br\/index.php?rest_route=%2Fwp%2Fv2%2Ftags&post=206646"}],"curies":[{"name":"wp","href":"https:\/\/api.w.org\/{rel}","templated":true}]}}