{"id":206640,"date":"2022-11-16T22:15:24","date_gmt":"2022-11-17T01:15:24","guid":{"rendered":"https:\/\/diarioregionaldigital.com.br\/?p=206640"},"modified":"2022-11-16T22:15:24","modified_gmt":"2022-11-17T01:15:24","slug":"alckmin-anuncia-nomes-de-mais-16-grupos-de-trabalho-da-transicao","status":"publish","type":"post","link":"https:\/\/diarioregionaldigital.com.br\/?p=206640","title":{"rendered":"Alckmin anuncia nomes de mais 16 grupos de trabalho da transi\u00e7\u00e3o"},"content":{"rendered":"<p>O vice-presidente eleito e coordenador-geral da equipe de transi\u00e7\u00e3o, Geraldo Alckmin, anunciou hoje (16) os nomes dos coordenadores de mais 16 grupos de trabalho (GTs) para atuar\u00e3o na transi\u00e7\u00e3o do governo do presidente eleito Luiz In\u00e1cio Lula da Silva.<img decoding=\"async\" src=\"https:\/\/agenciabrasil.ebc.com.br\/ebc.png?id=1493855&amp;o=node\" \/><img decoding=\"async\" src=\"https:\/\/agenciabrasil.ebc.com.br\/ebc.gif?id=1493855&amp;o=node\" \/><\/p>\n<p>Os grupos t\u00e9cnicos s\u00e3o: agricultura, pecu\u00e1ria e abastecimento; ci\u00eancia, tecnologia e inova\u00e7\u00e3o; comunica\u00e7\u00e3o social; desenvolvimento agr\u00e1rio; desenvolvimento regional; justi\u00e7a e seguran\u00e7a p\u00fablica; meio ambiente; minas e energia; pesca; povos origin\u00e1rios; previd\u00eancia social; rela\u00e7\u00f5es exteriores; sa\u00fade; trabalho; transpar\u00eancia, integridade e controle; e turismo.<\/p>\n<p>Alckmin anunciou tamb\u00e9m o nome da professora Gleide Andrade para o compor o grupo de organiza\u00e7\u00e3o da posse. A coordenadora do grupo \u00e9 a futura primeira-dama, Ros\u00e2ngela da Silva, conhecida como Janja. O embaixador Fernando Igreja tamb\u00e9m foi anunciado hoje como chefe do cerimonial da transi\u00e7\u00e3o.<\/p>\n<p>At\u00e9 10 de dezembro, a equipe deve divulgar o relat\u00f3rio final com os diagn\u00f3sticos realizados no per\u00edodo. Devem constar do relat\u00f3rio informa\u00e7\u00f5es como a estrutura e organiza\u00e7\u00e3o do governo, principais problemas, contratos em andamento e medidas emergenciais que devem ser tomadas j\u00e1 no in\u00edcio do pr\u00f3ximo governo.<\/p>\n<p>Ainda hoje, Alckmin recebe o presidente em exerc\u00edcio do Tribunal de Contas da Uni\u00e3o (TCU), Bruno Dantas, que lhe entregar\u00e1 um relat\u00f3rio com informa\u00e7\u00f5es da corte sobre a situa\u00e7\u00e3o atual da administra\u00e7\u00e3o federal.<\/p>\n<p>A presidente do PT, Gleisi Hoffmann, coordenadora de Articula\u00e7\u00e3o Pol\u00edtica da transi\u00e7\u00e3o, informou que amanh\u00e3 (17) ser\u00e3o anunciados os parlamentares que integrar\u00e3o cada grupo de trabalho. Eles s\u00e3o dos partidos que comp\u00f5em a base pol\u00edtica da transi\u00e7\u00e3o e atuar\u00e3o no levantamento de mat\u00e9rias que est\u00e3o em tramita\u00e7\u00e3o no Congresso Nacional, correlatas a cada tem\u00e1tica dos grupos.<\/p>\n<p>At\u00e9 segunda-feira (14), tinham sido anunciados os integrantes de 14 grupos t\u00e9cnicos: Economia; Desenvolvimento Social e Combate \u00e0 Fome; Ind\u00fastria, Com\u00e9rcio e Servi\u00e7os\/Pequena Empresa; Mulheres; Igualdade Racial; Direitos Humanos\/Inf\u00e2ncia; Planejamento, Or\u00e7amento e Gest\u00e3o; Comunica\u00e7\u00f5es; Educa\u00e7\u00e3o; Esporte; Infraestrutura; Juventudes; Cidades; e Cultura.<\/p>\n<h2>Nomes anunciados hoje<\/h2>\n<p><strong>Agricultura, Pecu\u00e1ria e Abastecimento\u00a0<\/strong><\/p>\n<p>Carlos Favaro: agropecuarista e pol\u00edtico brasileiro, senador pelo estado de Mato Grosso.<\/p>\n<p>Evandro Gussi: doutor em direito do estado, ex-deputado federal por S\u00e3o Paulo. \u00c9 presidente da Uni\u00e3o da Ind\u00fastria de Cana-de-A\u00e7\u00facar e Bioenergia (Unica).<\/p>\n<p>Joe Valle: engenheiro florestal, empres\u00e1rio, ex-deputado pelo Distrito Federal.<\/p>\n<p>Katia Abreu: empres\u00e1ria, pecuarista, ministra da Agricultura, Pecu\u00e1ria e Abastecimento no governo Dilma Rousseff, senadora pelo Tocantins.<\/p>\n<p>Luiz Carlos Guedes: doutor em engenharia agr\u00f4noma, ministro da Agricultura no governo Lula.<\/p>\n<p>Neri Geller: produtor rural, empres\u00e1rio, ex-ministro da Agricultura, Pecu\u00e1ria e Abastecimento, deputado federal por Mato Grosso<\/p>\n<p>Silvio Crestana: professor, f\u00edsico e pesquisador brasileiro, foi diretor-presidente da Empresa Brasileira de Pesquisa Agropecu\u00e1ria (Embrapa) durante o governo Lula.<\/p>\n<p>Tatiana Deane de Abreu S\u00e1: doutora em biologia vegetal, diretora executiva da Embrapa de 2005 a 2011.<\/p>\n<p><strong>Ci\u00eancia, Tecnologia e Inova\u00e7\u00e3o<\/strong><\/p>\n<p>Alexandre Navarro: vice-presidente da Funda\u00e7\u00e3o Jo\u00e3o Mangabeira e membro da C\u00e2mara de Media\u00e7\u00e3o e Arbitragem da Funda\u00e7\u00e3o Getulio Vargas (FGV)<\/p>\n<p>Andr\u00e9 Leandro Magalh\u00e3es: mestre em engenharia aeron\u00e1utica, ex-presidente da DataPrev e da Frente Parlamentar da Ci\u00eancia e Tecnologia.<\/p>\n<p>Celso Pansera: ex-deputado federal pelo PT no Rio de Janeiro, ministro da Ci\u00eancia, Tecnologia e Inova\u00e7\u00e3o no governo Dilma.<\/p>\n<p>Glaucius Oliva: cientista, ex-reitor da Universidade de S\u00e3o Paulo (SP) e ex-presidente do Conselho Nacional de Desenvolvimento Cient\u00edfico e Tecnol\u00f3gico (CNPQ).<\/p>\n<p>Ildeo de Castro Moreira: professor doutor do Departamento de F\u00edsica da Universidade Federal do Rio de Janeiro e ex-presidente da Sociedade Brasileira para o Progresso da Ci\u00eancia (SBPC).<\/p>\n<p>Ima Viera: doutora em ecologia pela University of Stirling, Esc\u00f3cia e pesquisadora titular do Museu Paraense Emilio Goeldi.<\/p>\n<p>Iraneide Soares da Silva: doutora em hist\u00f3ria social, professora da Universidade Estadual do Piau\u00ed e pesquisadora.<\/p>\n<p>Leone Andrade: diretor de Tecnologia e Inova\u00e7\u00e3o do Senai Cimatec, complexo tecnol\u00f3gico localizado no Polo de Cama\u00e7ari (BA), considerado essencial para a estrat\u00e9gia de desenvolvimento da ind\u00fastria baiana e nacional.<\/p>\n<p>Luis Manuel Rebelo Fernandes: doutor em ci\u00eancia pol\u00edtica, professor da Pontif\u00edcia Universidade Cat\u00f3lica do Rio de Janeiro (PUC-RJ) e da Universidade Federal do Rio de Janeiro (UFRJ) e ex-presidente da Financiadora de Estudos e Projetos do Minist\u00e9rio da Ci\u00eancia, Tecnologia e Inova\u00e7\u00e3o (Finep).<\/p>\n<p>Luiz Ant\u00f4nio Elias: ex-secret\u00e1rio executivo do Minist\u00e9rio de Ci\u00eancia e Tecnologia durante o governo Lula<\/p>\n<p>Ricardo Galv\u00e3o: doutor em f\u00edsica, professor titular do Instituto de F\u00edsica da Universidade de S\u00e3o Paulo, membro da Academia Brasileira de Ci\u00eancias, ex-diretor do Centro Brasileiro de Pesquisas F\u00edsicas (CBPF) e do Instituto Nacional de Pesquisas Espaciais (INPE)<\/p>\n<p>S\u00e9rgio Machado Rezende: doutor em f\u00edsica, ex-ministro da Ci\u00eancia e Tecnologia do governo Lula. Foi presidente da Finep e secret\u00e1rio estadual de Ci\u00eancia, Tecnologia e Meio Ambiente em Pernambuco.<\/p>\n<p><strong>Comunica\u00e7\u00e3o Social<\/strong><\/p>\n<p>Andr\u00e9 Janones: advogado, influenciador digital, deputado federal por Minas Gerais desde 2019, reeleito em 2022.<\/p>\n<p>Ant\u00f4nia Pelegrino: mestra em letras, roteirista e produtora premiada pela Academia Brasileira de Letras e Academia do Cinema Brasileiro.<\/p>\n<p>Fl\u00e1vio Silva Gon\u00e7alves: mestre em pol\u00edticas de comunica\u00e7\u00e3o, diretor-geral do Instituto de Radiodifus\u00e3o Educativa da Bahia. J\u00e1 trabalhou no gabinete da Diretoria-Geral da<strong>\u00a0Empresa Brasil de Comunica\u00e7\u00e3o\u00a0<\/strong>(<strong>EBC<\/strong>)<\/p>\n<p>Florestan Fernandes Junior: jornalista, comentarista e articulista. Passou pelas principais reda\u00e7\u00f5es e emissoras do pa\u00eds.<\/p>\n<p>Helena Chagas: jornalista, ministra-chefe da Secretaria de Comunica\u00e7\u00e3o Social da Presid\u00eancia da Rep\u00fablica do Brasil durante o governo Dilma Rousseff.<\/p>\n<p>H\u00e9lio Doyle: jornalista, consultor em comunica\u00e7\u00e3o e pol\u00edtica e professor aposentado da Universidade de Bras\u00edlia (UnB). Foi secret\u00e1rio de governo, de Articula\u00e7\u00e3o Institucional e da Casa Civil em tr\u00eas governos do Distrito Federal.<\/p>\n<p>Jo\u00e3o Brant: doutor em ci\u00eancia pol\u00edtica pela USP, com mestrado em regula\u00e7\u00e3o e pol\u00edticas de comunica\u00e7\u00e3o pela London School of Economics. Foi secret\u00e1rio executivo do Minist\u00e9rio da Cultura no governo Dilma Rousseff.<\/p>\n<p>Laurindo Leal Filho (Lalo): doutor em ci\u00eancias da comunica\u00e7\u00e3o pela USP, jornalista, soci\u00f3logo, professor universit\u00e1rio, escritor e apresentador de televis\u00e3o brasileiro. Foi secret\u00e1rio municipal de Esportes, Lazer e Recrea\u00e7\u00e3o de S\u00e3o Paulo durante a gest\u00e3o Luiza Erundina<\/p>\n<p>Manuela D\u00e1vila: jornalista, foi deputada federal pelo Rio Grande do Sul, deputada estadual e candidata a vice-presidente da Rep\u00fablica na elei\u00e7\u00e3o de 2018<\/p>\n<p>Oct\u00e1vio Costa: jornalista, presidente da Associa\u00e7\u00e3o Brasileira de Imprensa (ABI)<\/p>\n<p>Tereza Cruvinel: jornalista, trabalhou em diversos ve\u00edculos de comunica\u00e7\u00e3o e foi presidente da\u00a0<strong>EBC<\/strong>\u00a0no governo Lula.<\/p>\n<p>Viviane Ferreira: advogada, diretora, roteirista, produtora e cineasta brasileira. Ativista do movimento de mulheres negras e fundadora da Odun Filmes, empresa produtora voltada para o audiovisual identit\u00e1rio.<\/p>\n<p><strong>Desenvolvimento Agr\u00e1rio\u00a0<\/strong><\/p>\n<p>C\u00e9lia Hissae Watanabe: mestra em gest\u00e3o de pol\u00edticas p\u00fablicas, pesquisadora em desenvolvimento rural sustent\u00e1vel.<\/p>\n<p>Elis\u00e2ngela Ara\u00fajo: coordenadora de forma\u00e7\u00e3o e educa\u00e7\u00e3o profissional da Confedera\u00e7\u00e3o Nacional dos Trabalhadores e Trabalhadoras na Agricultura Familiar (Contraf-Brasil\/CUT) e do F\u00f3rum Baiano da Agricultura Familiar.<\/p>\n<p>Givanilson Porfirio da Silva: assessor da presid\u00eancia da Confedera\u00e7\u00e3o Nacional dos Trabalhadores Rurais Agricultores e Agricultoras Familiares (Contag).<\/p>\n<p>Jo\u00e3o Grand\u00e3o: ex-deputado federal por Mato Grosso do Sul, ex-deputado estadual e ex-vereador em Dourados (MS).<\/p>\n<p>Jos\u00e9 Josivaldo Oliveira: membro da coordena\u00e7\u00e3o nacional do Movimento dos Atingidos por Barragens (MAB).<\/p>\n<p>Luiz Henrique Gomes de Moura (Zarref): engenheiro florestal, foi professor substituto da UnB em educa\u00e7\u00e3o do campo. \u00c9 mestre em agroecossistemas pela Universidade Federal de Santa Catarina e assessor do Movimento dos Trabalhadores Sem Terra (MST)<\/p>\n<p>Maria Josana de Lima Oliveira: coordenadora-geral da Contraf-BRASIL\/CUT.<\/p>\n<p>Miguel Rosseto: ex-ministro do Desenvolvimento Agr\u00e1rio nos governos Lula e Dilma;. Foi tamb\u00e9m ministro da Secretaria-Geral da Presid\u00eancia da Rep\u00fablica e ministro do Trabalho e Previd\u00eancia Social, al\u00e9m de vice-governador do Rio Grande do Sul na gest\u00e3o de Ol\u00edvio Dutra.<\/p>\n<p>Pedro Uczai: deputado federal por Santa Catarina, reeleito, ex-deputado estadual e ex-prefeito de Chapec\u00f3 (SC).<\/p>\n<p>Robervone Nascimento: doutora em agronomia. Engenheira agr\u00f4noma, servidora do Instituto Nacional de Coloniza\u00e7\u00e3o e Reforma Agr\u00e1ria (Incra).<\/p>\n<p>Vanderley Ziger: presidente da Uni\u00e3o Nacional das Cooperativas de Agricultura Familiar e Economia Solid\u00e1ria (Unicafes).<\/p>\n<p><strong>Desenvolvimento Regional<\/strong><\/p>\n<p>Camilo Santana: ex-governador do Cear\u00e1, senador eleito pelo estado, ex-deputado estadual e secret\u00e1rio do Desenvolvimento Agr\u00e1rio e das Cidades nos governos Cid Gomes<\/p>\n<p>Esther Bemerguy: ex-secret\u00e1ria do Conselho de Desenvolvimento Econ\u00f4mico e Social da Presid\u00eancia da Rep\u00fablica no governo Lula e ex-secret\u00e1ria de Planejamento e Investimento Estrat\u00e9gico do Minist\u00e9rio do Planejamento no governo Dilma.<\/p>\n<p>Helder Barbalho: atual governador do Par\u00e1, foi ministro da Pesca e Aquicultura e ministro-chefe da Secretaria Nacional dos Portos no governo Dilma Rousseff e ministro da Integra\u00e7\u00e3o Nacional no governo Michel Temer.<\/p>\n<p>Jonas Paulo Neres: soci\u00f3logo, foi coordenador executivo do Conselho de Desenvolvimento Econ\u00f4mico e Social do estado da Bahia.<\/p>\n<p>Otto Alencar: senador pela Bahia, filiado ao PSD e com atua\u00e7\u00e3o destacada durante a CPI da Covid. Foi governador, deputado estadual e presidente da Assembleia Legislativa da Bahia.<\/p>\n<p>Randolfe Rodrigues: senador pelo Amap\u00e1 filiado \u00e0 Rede Sustentabilidade. Participou da da CPI da Covid e \u00e9 o atual l\u00edder da oposi\u00e7\u00e3o no Senado.<\/p>\n<p>Raimunda Monteiro: mestre em planejamento de desenvolvimento regional, doutora em ci\u00eancias socioambientais e ex-reitora da Universidade Federal do Oeste do Par\u00e1.<\/p>\n<p>Tania Barcelar: economista, foi secret\u00e1ria nacional de Pol\u00edticas Regionais pelo Minist\u00e9rio da Integra\u00e7\u00e3o Nacional, trabalhou mais de 20 anos na Sudene e foi secret\u00e1ria de Planejamento e de Fazenda de Pernambuco.<\/p>\n<p><strong>Justi\u00e7a e Seguran\u00e7a P\u00fablica<\/strong><\/p>\n<p>Andrei Passos Rodrigues: delegado da Pol\u00edcia Federal<\/p>\n<p>Camila Nunes: doutora em sociologia pela USP, professora adjunta da Universidade Federal do ABC (UFABC) e pesquisadora colaboradora do N\u00facleo de Estudos da Viol\u00eancia da USP.<\/p>\n<p>Carol Proner: doutora em direitos humanos, professora de direito internacional da UFRJ.<\/p>\n<p>Cristiano Zanin: advogado com especializa\u00e7\u00e3o em direito processual civil.<\/p>\n<p>Fl\u00e1vio Dino: ex-juiz, ex-governador do Maranh\u00e3o e senador eleito pelo estado.<\/p>\n<p>Gabriel Sampaio: advogado, foi secret\u00e1rio de Assuntos Legislativos do Minist\u00e9rio da Justi\u00e7a durante o governo Dilma Rousseff.<\/p>\n<p>Jaqueline Sinhoretto: doutora em sociologia pela USP, professora da UFSCar, onde lidera o grupo de estudos sobre Viol\u00eancia e Administra\u00e7\u00e3o de Conflitos.<\/p>\n<p>M\u00e1rcio Elias Rosa: procurador de Justi\u00e7a aposentado, ex-secret\u00e1rio da Justi\u00e7a de S\u00e3o Paulo e ex-presidente da Funda\u00e7\u00e3o Centro de Atendimento Socioeducativo ao Adolescente.<\/p>\n<p>Marco Aur\u00e9lio Carvalho: advogado especializado em direito p\u00fablico.<\/p>\n<p>Marivaldo Pereira: Advogado. ex-secret\u00e1rio executivo do Minist\u00e9rio da Justi\u00e7a e Seguran\u00e7a P\u00fablica no governo Dilma Rousseff.<\/p>\n<p>Marta Machado: professora da Funda\u00e7\u00e3o Get\u00falio Vargas.<\/p>\n<p>Omar Aziz: engenheiro civil e senador pelo Amazonas.<\/p>\n<p>Paulo Teixeira: advogado e deputado federal por S\u00e3o Paulo.<\/p>\n<p>Pierpaolo Bottini: professor de direito penal da USP, foi secret\u00e1rio da Reforma do Judici\u00e1rio durante o primeiro mandato do presidente Lula.<\/p>\n<p>Sheila Carvalho: advogada internacional de direitos humanos, professora e ativista.<\/p>\n<p>Tamires Gomes Sampaio: advogada, mestra em direito pol\u00edtico e econ\u00f4mico pela Universidade Presbiteriana Mackenzie, pesquisadora na \u00e1rea de seguran\u00e7a p\u00fablica, pol\u00edtica criminal e racismo estrutural. Foi secret\u00e1ria adjunta de Seguran\u00e7a Cidad\u00e3 em Diadema (SP).<\/p>\n<p>Wadih Damous: advogado, ex-presidente da Seccional Rio de Janeiro da Ordem dos Advogados do Brasil (OAB-RJ), ex-deputado federal pelo PT-RJ.<\/p>\n<p><strong>Meio ambiente<\/strong><\/p>\n<p>Carlos Minc: ge\u00f3grafo, ambientalista, foi ministro do Meio Ambiente (2008-2010), secretario de Meio Ambiente do Rio de Janeiro e deputado federal.<\/p>\n<p>Izabella Teixeira: bi\u00f3loga, foi ministra do Meio Ambiente (2010-2016) e co-presidente do Painel de Recursos Naturais da Organiza\u00e7\u00e3o das Na\u00e7\u00f5es Unidas (ONU).<\/p>\n<p>Jorge Viana: engenheiro florestal, foi governador do Acre, senador pelo mesmo estado e prefeito de Rio Branco.<\/p>\n<p>Jos\u00e9 Carlos Lima da Costa: advogado com especializa\u00e7\u00e3o em direito ambiental, foi secret\u00e1rio-chefe da Casa Civil do governo do Par\u00e1 e deputado estadual pelo mesmo estado.<\/p>\n<p>Marilene Corr\u00eaa da Silva Freitas: professora da Universidade Federal do Amazonas e reitora da Universidade do Estado da Amazonas.<\/p>\n<p>Marina Silva: historiadora, psicopedagoga, ambientalista, foi ministra do Meio Ambiente (2003-2008), foi senadora e deputada estadual pelo Acre e \u00e9 deputada federal eleita.<\/p>\n<p>Pedro Ivo: ambientalista e dirigente nacional da Rede Sustentabilidade, foi candidato ao Senado.<\/p>\n<p>Silvana Vitorassi: doutora em educa\u00e7\u00e3o ambiental, especialista em gest\u00e3o ambiental, foi gerente da Divis\u00e3o de Educa\u00e7\u00e3o Ambiental em Itaipu Binacional.<\/p>\n<p><strong>Minas e Energia<\/strong><\/p>\n<p>Anderson Adauto: ministro dos Transportes durante o primeiro mandato do presidente Lula. Foi prefeito de Uberaba, de 2005 a 2012, e deputado estadual em Minas Gerais de 1987 a 2003.<\/p>\n<p>Deyvid Bacelar: graduado em administra\u00e7\u00e3o, com especializa\u00e7\u00f5es em gest\u00e3o de pessoas, coordenador geral da Federa\u00e7\u00e3o \u00danica dos Petroleiros, tamb\u00e9m foi representante dos trabalhadores no Conselho de Administra\u00e7\u00e3o da Petrobras (2015-2016)<\/p>\n<p>Fernando Ferro: engenheiro, com especializa\u00e7\u00e3o em sistemas el\u00e9tricos de pot\u00eancia e ex-deputado federal por Pernambuco.<\/p>\n<p>Giles Azevedo: ge\u00f3logo, ex-secret\u00e1rio executivo do Gabinete Pessoal da presidente eleita Dilma Rousseff.<\/p>\n<p>Guto Quintela: agr\u00f4nomo, empres\u00e1rio do agroneg\u00f3cio e membro do conselho diretor do Centro de Empreendedorismo da Amaz\u00f4nia.<\/p>\n<p>Ikaro Chaves: engenheiro eletricista da Eletronorte e diretor da Associa\u00e7\u00e3o dos Engenheiros e T\u00e9cnicos do Sistema Eletrobras.<\/p>\n<p>Jean Paul Prates: advogado e economista, senador do PT pelo Rio Grande do Norte e presidente do Sindicato das Empresas do Setor Energ\u00e9tico do estado.<\/p>\n<p>Magda Chambriard: mestre em engenharia qu\u00edmica pelo Instituto Alberto Luiz Coimbra de P\u00f3s-Gradua\u00e7\u00e3o e Pesquisa em Engenharia (Coppe) da UFRJ e coordenadora de pesquisa na FGV Energia. Foi diretora da Ag\u00eancia Nacional do Petr\u00f3leo, G\u00e1s Natural e Biocombust\u00edveis (ANP).<\/p>\n<p>Mauricio Tolmasquim: engenheiro de produ\u00e7\u00e3o, \u00e9 professor titular da Coppe\/UFRJ. Foi secret\u00e1rio executivo e ministro interino de Minas e Energia no governo Lula e presidente da Empresa de Planejamento Energ\u00e9tico.<\/p>\n<p>Nelson Hubner: engenheiro, atua na \u00e1rea de energia. Foi secret\u00e1rio executivo e ministro interino do Minist\u00e9rio de Minas e Energia. Foi tamb\u00e9m diretor-geral da Ag\u00eancia Nacional de Energia El\u00e9trica (Aneel) e presidente do conselho de administra\u00e7\u00e3o da Light\/SA.<\/p>\n<p>Robson Sebastian Formica: especialista em energia e sociedade, integra a Coordena\u00e7\u00e3o Nacional do Movimento dos Atingidos por Barragens.<\/p>\n<p>William Nozaki: professor de ci\u00eancia pol\u00edtica e economia da Escola de Sociologia e Pol\u00edtica de S\u00e3o Paulo e diretor t\u00e9cnico do Instituto de Estudos Estrat\u00e9gicos de Petr\u00f3leo, G\u00e1s e Biocombust\u00edveis.<\/p>\n<p><strong>Pesca<\/strong><\/p>\n<p>Altemir Gregolin: foi ministro da Pesca e Aquicultura (2006-2011), \u00e9 veterin\u00e1rio com especializa\u00e7\u00e3o em administra\u00e7\u00e3o rural, mestrado em desenvolvimento, agricultura e sociedade pela Universidade Federal Rural do Rio de Janeiro.<\/p>\n<p>Ant\u00f4nia do Socorro Pena da Gama: professora da UFOPa em Santar\u00e9m, doutora em educa\u00e7\u00e3o.<\/p>\n<p>Carlos Alberto da Silva Le\u00e3o: foi superintendente de Pesca e Aquicultura no Par\u00e1.<\/p>\n<p>Carlos Alberto Pinto dos Santos: secret\u00e1rio executivo da Comiss\u00e3o Nacional de Fortalecimento das Reservas Extrativistas e Povos Tradicionais Costeiros e Marinhos.<\/p>\n<p>Cristiano Wellington Norberto Ramalho: professor de sociologia da Universidade Federal de Pernambuco, especialista em pesca e aquicultura.<\/p>\n<p>Ederson Pinto da Silva: foi diretor geral do Departamento de Pesca, Aquicultura, Quilombolas e Unidades Ind\u00edgenas da Secretaria do Desenvolvimento Rural, Pesca e Cooperativismo do Rio Grande do Sul.<\/p>\n<p>Fl\u00e1via Lucena Fr\u00e9dou: professora titular da Universidade Federal Rural de Pernambuco, p\u00f3s-doutora em ci\u00eancias da pesca e da aquicultura pelo Instituto de Pesquisa e Desenvolvimento da Fran\u00e7a.<\/p>\n<p>Jo\u00e3o Felipe Nogueira Matias: engenheiro de pesca, doutor em biotecnologia dos recursos pesqueiros, foi secret\u00e1rio de Planejamento e Ordenamento da Aquicultura do Minist\u00e9rio da Pesca.<\/p>\n<p><strong>Povos origin\u00e1rios<\/strong><\/p>\n<p>Benki Piy\u00e3ko, tamb\u00e9m conhecido como Benki Ashaninka representante pol\u00edtico e xam\u00e2nico do povo Ashaninka.<\/p>\n<p>C\u00e9lia Nunes Correa, tamb\u00e9m conhecida como C\u00e9lia Xakriab\u00e1, professora e ativista ind\u00edgena do povo Xakriab\u00e1 em Minas Gerais. Integra a Articula\u00e7\u00e3o Nacional das Mulheres Ind\u00edgenas Guerreiras da Ancestralidade e \u00e9 deputada federal eleita.<\/p>\n<p>Davi Kopenawa Yanomami: escritor, ator, xam\u00e3 e l\u00edder pol\u00edtico yanomami. Atualmente, \u00e9 presidente da Hutukara Associa\u00e7\u00e3o Yanomami, entidade ind\u00edgena de ajuda m\u00fatua e etnodesenvolvimento.<\/p>\n<p>Jo\u00e3o Pedro Gon\u00e7alves da Costa: ex-deputado estadual, ex-senador pelo Amazonas, servidor aposentado e ex-superintendente do Incra e ex-presidente da Funda\u00e7\u00e3o Nacional do \u00cdndio (Funai).<\/p>\n<p>Jo\u00eania Batista de Carvalho: conhecida como Jo\u00eania Wapichana, foi a primeira mulher ind\u00edgena a exercer a profiss\u00e3o de advogada no Brasil e a primeira eleita deputada federal, representando Roraima, nas elei\u00e7\u00f5es de 2018.<\/p>\n<p>Juliana Cardoso: educadora, ativista dos movimentos sociais e sindicais, vereadora pelo PT de S\u00e3o Paulo, foi eleita deputada federal pelo estado.<\/p>\n<p>Marcio Augusto Freitas de Meira: historiador e antrop\u00f3logo do Museu Paraense Em\u00edlio Goeldi, em Bel\u00e9m do Par\u00e1, foi presidente da Funai entre 2007 e 2012.<\/p>\n<p>Marivelton Bar\u00e9: presidente da Federa\u00e7\u00e3o das Organiza\u00e7\u00f5es Ind\u00edgenas do Rio Negro.<\/p>\n<p>S\u00f4nia Bone de Souza Silva Santos: conhecida como S\u00f4nia Guajajara, l\u00edder ind\u00edgena e pol\u00edtica filiada ao PSOL, \u00e9 formada em letras e em enfermagem e especialista em educa\u00e7\u00e3o especial pela Universidade Estadual do Maranh\u00e3o. Recebeu em 2015 a Ordem do M\u00e9rito Cultural. Deputada federal eleita por S\u00e3o Paulo.<\/p>\n<p>Tapi Yawalapiti: cacique do povo Yawalap\u00edti da regi\u00e3o do alto Xingu.<\/p>\n<p><strong>Previd\u00eancia social<\/strong><\/p>\n<p>Alessandro Ant\u00f4nio Stefanutto, procurador federal, ex-coordenador-geral de Administra\u00e7\u00e3o das Procuradorias, ex-chefe da Procuradoria Federal Especializada do Instituto Nacional do Seguro Social (INSS).<\/p>\n<p>Eduardo Fagnani: professor-doutor do Instituto de Economia da Unicamp, coordenador da p\u00f3s-gradua\u00e7\u00e3o em desenvolvimento, pesquisador do Centro de Estudos Sindicais e do Trabalho e editor da revista\u00a0<em>Pol\u00edtica Social e Desenvolvimento<\/em>.<\/p>\n<p>Fabiano Silva: coordenador na Comiss\u00e3o de Direitos e Prerrogativas da OAB-SP, membro das comiss\u00f5es de Previd\u00eancia da OAB-SP e de Previd\u00eancia do Conselho Federal da OAB.<\/p>\n<p>Jane Berwanger: professora, advogada e doutora em direito previdenci\u00e1rio.<\/p>\n<p>Jos\u00e9 Pimentel: ex-senador pelo PT-CE, foi ministro da Previd\u00eancia Social no governo Lula, al\u00e9m de deputado federal por quatro mandatos consecutivos.<\/p>\n<p>Luiz Ant\u00f4nio Adriano da Silva: secret\u00e1rio-geral nacional do Solidariedade, militou no Sindicato dos Metal\u00fargicos de S\u00e3o Paulo e tamb\u00e9m no Sindicato de Tatu\u00ed (SP). Fez parte do Conselho de Assist\u00eancia Social e do Conselho de Previd\u00eancia Social.<\/p>\n<p><strong>Rela\u00e7\u00f5es Exteriores<\/strong><\/p>\n<p>Aloisio Nunes Ferreira: advogado, ex-senador por S\u00e3o Paulo e ex-ministro das Rela\u00e7\u00f5es Exteriores.<\/p>\n<p>Audo Faleiro: agr\u00f4nomo, diplomata, ex-assessor para Assuntos Internacionais da Presid\u00eancia da Rep\u00fablica nos governos Lula e Dilma.<\/p>\n<p>Celso Amorim: professor e diplomata brasileiro, foi ministro das Rela\u00e7\u00f5es Exteriores e da Defesa durante os governos Itamar Franco, Lula e Dilma Rousseff<\/p>\n<p>Cristovam Buarque: economista, foi governador do Distrito Federal, reitor da UnB, senador e ministro da Educa\u00e7\u00e3o no governo Lula.<\/p>\n<p>Monica Valente: psic\u00f3loga, foi secret\u00e1ria de Rela\u00e7\u00f5es Internacionais do PT.<\/p>\n<p>Pedro Abramovay: advogado, doutor em ci\u00eancia pol\u00edtica, ex-secret\u00e1rio de Assuntos Legislativos do Minist\u00e9rio da Justi\u00e7a no governo Lula.<\/p>\n<p>Rom\u00eanio Pereira: secret\u00e1rio de Rela\u00e7\u00f5es Internacionais do PT.<\/p>\n<p><strong>Sa\u00fade<\/strong><\/p>\n<p>Alexandre Padilha: m\u00e9dico, deputado federal por S\u00e3o Paulo, foi ministro das Rela\u00e7\u00f5es Institucionais no governo Lula e ministro da Sa\u00fade no governo Dilma Rousseff.<\/p>\n<p>Arthur Chioro: pol\u00edtico, m\u00e9dico sanitarista e professor da Unifesp. Foi ministro da Sa\u00fade no governo Dilma e antes disso, secret\u00e1rio de Sa\u00fade de S\u00e3o Bernardo do Campo (SP).<\/p>\n<p>Fernando Zasso Pigatto: presidente do Conselho Nacional de Sa\u00fade.<\/p>\n<p>Humberto Costa: senador por Pernambuco e l\u00edder do PT no Senado, foi ministro da Sa\u00fade no governo Lula, bem como deputado federal e estadual.<\/p>\n<p>Jos\u00e9 Gomes Tempor\u00e3o: pesquisador da Funda\u00e7\u00e3o Oswaldo Cruz (Fiocruz) e membro da Academia Nacional de Medicina, foi ministro da Sa\u00fade nos governos Lula e Dilma.<\/p>\n<p>L\u00facia Souto: presidente do Centro Brasileiro de Estudos da Sa\u00fade, m\u00e9dica sanitarista, pesquisadora da Fiocruz e ex-deputada estadual no Rio de Janeiro.<\/p>\n<p>Ludhmila Abrah\u00e3o Hajjar: professora associada da Faculdade de Medicina da USP, coordenadora de Cardio-Oncologia do Instituto do Cora\u00e7\u00e3o do Hospital das Cl\u00ednicas e coordenadora de Cardiologia do Instituto do C\u00e2ncer do estado de S\u00e3o Paulo<\/p>\n<p>Maria do Socorro de Souza: doutora em educa\u00e7\u00e3o e em ci\u00eancias da sa\u00fade. \u00c9 pesquisadora da Fiocruz e foi a primeira mulher a presidir o Conselho Nacional de Sa\u00fade.<\/p>\n<p>Miguel Srougi: professor titular de urologia da Faculdade de Medicina da USP e da Escola Paulista de Medicina, \u00e9 uma das principais refer\u00eancias brasileiras em oncologia.<\/p>\n<p>N\u00edsia Trindade Lima: cientista social e soci\u00f3loga, \u00e9 a atual presidente da Fiocruz, a primeira mulher a comandar a institui\u00e7\u00e3o, que tem 120 anos.<\/p>\n<p>Regina Fatima Feio Barroso: doutora em odontologia, atualmente \u00e9 superintendente do Complexo Hospitalar Universit\u00e1rio da UFPA.<\/p>\n<p>Roberto Kalil Filho: m\u00e9dico cardiologista, fundou o Centro de Cardiologia do Hospital S\u00edrio-Liban\u00eas, \u00e9 diretor cl\u00ednico do Instituto do Cora\u00e7\u00e3o (InCor) e professor titular da disciplina de cardiologia da Faculdade de Medicina da USP.<\/p>\n<p><strong>Trabalho<\/strong><\/p>\n<p>Adilson Ara\u00fajo: presidente da Central dos Trabalhadores e Trabalhadoras do Brasil (CTB).<\/p>\n<p>Andr\u00e9 Calixtre: pesquisador do Instituto de Pesquisa Econ\u00f4mica Aplicada (Ipea), do qual foi chefe da Assessoria T\u00e9cnica, al\u00e9m de assessor no Gabinete do ministro da Secretaria-Geral da Presid\u00eancia da Rep\u00fablica durante o governo Dilma.<\/p>\n<p>Clemente Gantz Lucio: soci\u00f3logo, foi diretor t\u00e9cnico do Departamento Intersindical de Estat\u00edstica e Estudos Socioecon\u00f4micos (Dieese) e membro do Conselho de Desenvolvimento Econ\u00f4mico e Social.<\/p>\n<p>Fausto Augusto J\u00fanior: professor universit\u00e1rio e diretor t\u00e9cnico do Dieese.<\/p>\n<p>La\u00eds Abramo: soci\u00f3loga, mestre e doutora em sociologia pela USP; foi diretora da Divis\u00e3o de Desenvolvimento Social da Cepal (2015-2019), diretora da Organiza\u00e7\u00e3o Internacional do Trabalho (OIT) no Brasil (2005-2015) e especialista regional em g\u00eanero e trabalho da OIT para a Am\u00e9rica Latina (1999-2005). \u00c9 autora de diversas publica\u00e7\u00f5es obre mercado de trabalho, sindicalismo, desigualdades e rela\u00e7\u00f5es raciais e de g\u00eanero no mundo do trabalho.<\/p>\n<p>Miguel Torres: presidente da For\u00e7a Sindical.<\/p>\n<p>Patr\u00edcia Vieira Tr\u00f3pia, doutora em ci\u00eancias sociais pela Unicamp, docente do Instituto de Ci\u00eancias Sociais da Universidade Federal de Uberl\u00e2ndia, presidiu a Associa\u00e7\u00e3o Brasileira de Estudos do Trabalho de 2020-2021.<\/p>\n<p>Ricardo Patah: presidente da Uni\u00e3o Geral dos Trabalhadores (UGT), tamb\u00e9m \u00e9 o presidente do Sindicato dos Comerci\u00e1rios de S\u00e3o Paulo.<\/p>\n<p>Sandra Brand\u00e3o: economista, mestre em economia pela Unicamp.<\/p>\n<p>S\u00e9rgio Nobre: presidente da Central \u00danica dos Trabalhadores (CUT), coordenou o Setor Automotivo da Confedera\u00e7\u00e3o Nacional dos Metal\u00fargicos.<\/p>\n<p><strong>Transpar\u00eancia, Integridade e Controle<\/strong><\/p>\n<p>Ailton Cardozo: advogado e procurador do estado da Bahia.<\/p>\n<p>Claudia Aparecida de Souza Trindade:\u00a0 procuradora da Fazenda Nacional desde 1993, foi coordenadora da Atua\u00e7\u00e3o Judicial da Fazenda Nacional perante o Supremo Tribunal Federal e como assessora parlamentar da Procuradoria-Geral da Fazenda Nacional (PGFN). \u00c9 conselheira seccional da OAB\/DF.<\/p>\n<p>Cl\u00e9ucio Santos Nunes: doutor em direito do estado pela UnB e mestre em direito Aabiental pela Universidade Cat\u00f3lica de Santos, especialista em direito tribut\u00e1rio e processo tribut\u00e1rio pela PUC\/SP.<\/p>\n<p>Eug\u00eanio Arag\u00e3o: advogado, subprocurador-geral da Rep\u00fablica aposentado, ex-ministro da Justi\u00e7a.<\/p>\n<p>Jorge Messias: procurador da Fazenda Nacional, ex-subsecret\u00e1rio de Assuntos Jur\u00eddicos da Casa Civil, ex-consultor jur\u00eddico dos minist\u00e9rios da Educa\u00e7\u00e3o e da Ci\u00eancia, Tecnologia e Inova\u00e7\u00e3o.<\/p>\n<p>Juliano Jos\u00e9 Breda: advogado, p\u00f3s-doutor em direitos fundamentais e democracia pela Universidade de Coimbra.<\/p>\n<p>Luiz Augusto Fraga Navarro de Britto Filho: advogado e ex-ministro da Controladoria-Geral da Uni\u00e3o (CGU).<\/p>\n<p>Luiz Carlos Rocha (Rochinha): advogado, mestre em direitos fundamentais, ex-procurador municipal e ex-presidente da Comiss\u00e3o de Direito do Consumidor da OAB\/PR.<\/p>\n<p>Manoel Caetano Ferreira Filho: advogado, procurador de estado aposentado, escritor, professor da Universidade Federal do Paran\u00e1.<\/p>\n<p>Mauro Menezes: advogado e ex-presidente da Comiss\u00e3o de \u00c9tica P\u00fablica da Presid\u00eancia da Rep\u00fablica.<\/p>\n<p>Paulo Henrique Saraiva C\u00e2mara: governador de Pernambuco, economista e auditor do Tribunal de Contas de Pernambuco.<\/p>\n<p>V\u00e2nia Viera: ex-diretora de Preven\u00e7\u00e3o \u00e0 Corrup\u00e7\u00e3o da CGU e ex-secret\u00e1ria de Transpar\u00eancia e Controle do governo do Distrito Federal.<\/p>\n<h2>Turismo<\/h2>\n<p>Arialdo Pinho: ex-secret\u00e1rio da Casa Civil e ex-secret\u00e1rio de Turismo do Cear\u00e1.<\/p>\n<p>Chieko Aoki: administradora e empres\u00e1ria do setor hoteleiro<\/p>\n<p>Carina C\u00e2mara: superintendente da Secretaria de Estado do Turismo do Piau\u00ed.<\/p>\n<p>Luiz Barreto: soci\u00f3logo, foi presidente do Servi\u00e7o Brasileiro de Apoio \u00e0 Micro e Pequena Empresa (Sebrae) e ministro do Turismo.<\/p>\n<p>Marcelo Freixo: professor e deputado federal.<\/p>\n<p>Veneziano Vital do Rego: advogado e senador.<\/p>\n<p>Marta Suplicy: psic\u00f3loga, psicanalista e sex\u00f3loga. Foi prefeita de S\u00e3o Paulo, ministra da Cultura e ministra do Turismo.<\/p>\n<p>Orsine Oliveira J\u00fanior: ex-secret\u00e1rio de Turismo do Amazonas.<\/p>\n<p><span style=\"font-weight: 400;\">Fonte: Ag\u00eancia Brasil <\/span><\/p>\n","protected":false},"excerpt":{"rendered":"<p>O vice-presidente eleito e coordenador-geral da equipe de transi\u00e7\u00e3o, Geraldo Alckmin, anunciou hoje (16) os nomes dos coordenadores de mais 16 grupos de trabalho (GTs) para atuar\u00e3o na transi\u00e7\u00e3o do governo do presidente eleito Luiz In\u00e1cio Lula da Silva. Os grupos t\u00e9cnicos s\u00e3o: agricultura, pecu\u00e1ria e abastecimento; ci\u00eancia, tecnologia e inova\u00e7\u00e3o; comunica\u00e7\u00e3o social; desenvolvimento agr\u00e1rio; [&hellip;]<\/p>\n","protected":false},"author":246,"featured_media":206641,"comment_status":"closed","ping_status":"closed","sticky":false,"template":"","format":"standard","meta":{"footnotes":""},"categories":[436,254,439],"tags":[],"class_list":["post-206640","post","type-post","status-publish","format-standard","has-post-thumbnail","hentry","category-destaque-da-semana","category-politica","category-ultima-hora"],"_links":{"self":[{"href":"https:\/\/diarioregionaldigital.com.br\/index.php?rest_route=\/wp\/v2\/posts\/206640","targetHints":{"allow":["GET"]}}],"collection":[{"href":"https:\/\/diarioregionaldigital.com.br\/index.php?rest_route=\/wp\/v2\/posts"}],"about":[{"href":"https:\/\/diarioregionaldigital.com.br\/index.php?rest_route=\/wp\/v2\/types\/post"}],"author":[{"embeddable":true,"href":"https:\/\/diarioregionaldigital.com.br\/index.php?rest_route=\/wp\/v2\/users\/246"}],"replies":[{"embeddable":true,"href":"https:\/\/diarioregionaldigital.com.br\/index.php?rest_route=%2Fwp%2Fv2%2Fcomments&post=206640"}],"version-history":[{"count":1,"href":"https:\/\/diarioregionaldigital.com.br\/index.php?rest_route=\/wp\/v2\/posts\/206640\/revisions"}],"predecessor-version":[{"id":206642,"href":"https:\/\/diarioregionaldigital.com.br\/index.php?rest_route=\/wp\/v2\/posts\/206640\/revisions\/206642"}],"wp:featuredmedia":[{"embeddable":true,"href":"https:\/\/diarioregionaldigital.com.br\/index.php?rest_route=\/wp\/v2\/media\/206641"}],"wp:attachment":[{"href":"https:\/\/diarioregionaldigital.com.br\/index.php?rest_route=%2Fwp%2Fv2%2Fmedia&parent=206640"}],"wp:term":[{"taxonomy":"category","embeddable":true,"href":"https:\/\/diarioregionaldigital.com.br\/index.php?rest_route=%2Fwp%2Fv2%2Fcategories&post=206640"},{"taxonomy":"post_tag","embeddable":true,"href":"https:\/\/diarioregionaldigital.com.br\/index.php?rest_route=%2Fwp%2Fv2%2Ftags&post=206640"}],"curies":[{"name":"wp","href":"https:\/\/api.w.org\/{rel}","templated":true}]}}