{"id":206634,"date":"2022-11-16T22:09:51","date_gmt":"2022-11-17T01:09:51","guid":{"rendered":"https:\/\/diarioregionaldigital.com.br\/?p=206634"},"modified":"2022-11-16T22:09:51","modified_gmt":"2022-11-17T01:09:51","slug":"malha-aerea-internacional-brasileira-registra-expansao-em-outubro","status":"publish","type":"post","link":"https:\/\/diarioregionaldigital.com.br\/?p=206634","title":{"rendered":"Malha a\u00e9rea internacional brasileira registra expans\u00e3o em outubro"},"content":{"rendered":"<p>A malha a\u00e9rea internacional brasileira atingiu no m\u00eas de outubro 98,32% de capacidade em rela\u00e7\u00e3o ao mesmo per\u00edodo de 2019. Com 4.690 voos, este \u00e9 o maior volume apresentado de viagens a\u00e9reas ap\u00f3s o per\u00edodo de fechamento de fronteiras e demais restri\u00e7\u00f5es impostas pela pandemia de covid-19.<img decoding=\"async\" src=\"https:\/\/agenciabrasil.ebc.com.br\/ebc.png?id=1493893&amp;o=node\" \/><img decoding=\"async\" src=\"https:\/\/agenciabrasil.ebc.com.br\/ebc.gif?id=1493893&amp;o=node\" \/><\/p>\n<p>De acordo com a Embratur, a nova quantidade de desembarques mensais no Brasil representa um acr\u00e9scimo de 10,42% em rela\u00e7\u00e3o ao m\u00eas de setembro, e de 17,93% comparado ao m\u00eas de outubro de 2021. A perspectiva da ag\u00eancia de promo\u00e7\u00e3o do turismo no pa\u00eds \u00e9 de aumentar o n\u00famero de voos internacionais.<\/p>\n<p>Segundo a Ger\u00eancia de Intelig\u00eancia Competitiva e Mercadol\u00f3gica do Turismo da Embratur, somente de janeiro a outubro de 2022, 87 novos voos entraram em opera\u00e7\u00e3o e outras 111 frequ\u00eancias foram adicionadas \u00e0 rela\u00e7\u00e3o (voos adicionais de uma rota j\u00e1 existente). Ainda conforme dados da ger\u00eancia, at\u00e9 julho de 2023, a previs\u00e3o \u00e9 de que a malha seja incrementada com 78 novos voos e 82 frequ\u00eancias adicionais.<\/p>\n<h2>Pa\u00edses em destaque<\/h2>\n<p>A Argentina, historicamente o maior emissor de turistas ao Brasil, foi um dos pa\u00edses que puxou a conectividade para cima. Pela primeira vez desde 2019, superou a marca de 1 mil voos no mesmo m\u00eas, com 1.049 desembarques no pa\u00eds. Os voos partiram de Buenos Aires (979), C\u00f3rdoba (22), Mendoza (31), Bariloche (4) e Salta (13).<\/p>\n<p>Outro destaque da malha a\u00e9rea internacional brasileira em outubro foi Portugal. O pa\u00eds europeu superou os Estados Unidos e figurou na segunda posi\u00e7\u00e3o do\u00a0<em>ranking<\/em>\u00a0de chegadas ao Brasil, com 642 voos saindo de duas cidades: Lisboa (593) e Porto (49). J\u00e1 os EUA enviaram ao Brasil 624 voos, com origem de nove cidades distintas.<\/p>\n<p><span style=\"font-weight: 400;\"><br \/>\n<\/span><span style=\"font-weight: 400;\">Fonte: Ag\u00eancia Brasil <\/span><\/p>\n","protected":false},"excerpt":{"rendered":"<p>A malha a\u00e9rea internacional brasileira atingiu no m\u00eas de outubro 98,32% de capacidade em rela\u00e7\u00e3o ao mesmo per\u00edodo de 2019. Com 4.690 voos, este \u00e9 o maior volume apresentado de viagens a\u00e9reas ap\u00f3s o per\u00edodo de fechamento de fronteiras e demais restri\u00e7\u00f5es impostas pela pandemia de covid-19. De acordo com a Embratur, a nova quantidade [&hellip;]<\/p>\n","protected":false},"author":246,"featured_media":206635,"comment_status":"closed","ping_status":"closed","sticky":false,"template":"","format":"standard","meta":{"footnotes":""},"categories":[436,261,439],"tags":[],"class_list":["post-206634","post","type-post","status-publish","format-standard","has-post-thumbnail","hentry","category-destaque-da-semana","category-economia","category-ultima-hora"],"_links":{"self":[{"href":"https:\/\/diarioregionaldigital.com.br\/index.php?rest_route=\/wp\/v2\/posts\/206634","targetHints":{"allow":["GET"]}}],"collection":[{"href":"https:\/\/diarioregionaldigital.com.br\/index.php?rest_route=\/wp\/v2\/posts"}],"about":[{"href":"https:\/\/diarioregionaldigital.com.br\/index.php?rest_route=\/wp\/v2\/types\/post"}],"author":[{"embeddable":true,"href":"https:\/\/diarioregionaldigital.com.br\/index.php?rest_route=\/wp\/v2\/users\/246"}],"replies":[{"embeddable":true,"href":"https:\/\/diarioregionaldigital.com.br\/index.php?rest_route=%2Fwp%2Fv2%2Fcomments&post=206634"}],"version-history":[{"count":1,"href":"https:\/\/diarioregionaldigital.com.br\/index.php?rest_route=\/wp\/v2\/posts\/206634\/revisions"}],"predecessor-version":[{"id":206636,"href":"https:\/\/diarioregionaldigital.com.br\/index.php?rest_route=\/wp\/v2\/posts\/206634\/revisions\/206636"}],"wp:featuredmedia":[{"embeddable":true,"href":"https:\/\/diarioregionaldigital.com.br\/index.php?rest_route=\/wp\/v2\/media\/206635"}],"wp:attachment":[{"href":"https:\/\/diarioregionaldigital.com.br\/index.php?rest_route=%2Fwp%2Fv2%2Fmedia&parent=206634"}],"wp:term":[{"taxonomy":"category","embeddable":true,"href":"https:\/\/diarioregionaldigital.com.br\/index.php?rest_route=%2Fwp%2Fv2%2Fcategories&post=206634"},{"taxonomy":"post_tag","embeddable":true,"href":"https:\/\/diarioregionaldigital.com.br\/index.php?rest_route=%2Fwp%2Fv2%2Ftags&post=206634"}],"curies":[{"name":"wp","href":"https:\/\/api.w.org\/{rel}","templated":true}]}}