{"id":206631,"date":"2022-11-16T22:08:06","date_gmt":"2022-11-17T01:08:06","guid":{"rendered":"https:\/\/diarioregionaldigital.com.br\/?p=206631"},"modified":"2022-11-16T22:08:06","modified_gmt":"2022-11-17T01:08:06","slug":"geracao-de-energia-eolica-no-mar-pode-ser-oportunidade-para-estaleiros","status":"publish","type":"post","link":"https:\/\/diarioregionaldigital.com.br\/?p=206631","title":{"rendered":"Gera\u00e7\u00e3o de energia e\u00f3lica no mar pode ser oportunidade para estaleiros"},"content":{"rendered":"<p>Os projetos de constru\u00e7\u00e3o de usinas e\u00f3licas\u00a0<em>offshore<\/em>\u00a0para a gera\u00e7\u00e3o de energia el\u00e9trica s\u00e3o vistos pela ind\u00fastria naval como oportunidade para que estaleiros diversifiquem a\u00a0carteira de clientes. O tema foi um dos destaques do Panorama Naval no Rio\u00a0de Janeiro\u00a02022,\u00a0documento lan\u00e7ado\u00a0hoje\u00a0(16) pela Federa\u00e7\u00e3o das Ind\u00fastrias do Estado do Rio\u00a0de Janeiro\u00a0(Firjan).<img decoding=\"async\" src=\"https:\/\/agenciabrasil.ebc.com.br\/ebc.png?id=1493894&amp;o=node\" \/><img decoding=\"async\" src=\"https:\/\/agenciabrasil.ebc.com.br\/ebc.gif?id=1493894&amp;o=node\" \/><\/p>\n<p>O setor de estaleiros tem passado por uma retomada considerada &#8220;t\u00edmida&#8221; desde 2019, segundo a Firjan, com a gera\u00e7\u00e3o de 6 mil postos de trabalho. Apesar do saldo ser\u00a0positivo, o patamar atual de empregos ainda representa apenas um quarto do que havia em 2014.<\/p>\n<p>Neste cen\u00e1rio, os\u00a0projetos com pedidos de licenciamento ambiental para usinas e\u00f3licas no mar surgem no horizonte como possibilidade de aquecer o setor, que j\u00e1 tem experi\u00eancia em projetos\u00a0<em>offshore<\/em>\u00a0da ind\u00fastria de \u00f3leo e g\u00e1s, um de seus principais clientes.<\/p>\n<p>O documento publicado\u00a0pela Firjan inclui artigo do Sindicato Nacional da Ind\u00fastria da Constru\u00e7\u00e3o e Repara\u00e7\u00e3o Naval e Offshore (Sinaval), estimando\u00a0que, em um horizonte de cinco anos, os parques e\u00f3licos ser\u00e3o um setor aquecido e com demanda para os estaleiros, que poderiam at\u00e9 mesmo integrar as estruturas ao que j\u00e1 existe no oceano para a explora\u00e7\u00e3o de petr\u00f3leo.<\/p>\n<p>&#8220;Plataformas flutuantes da ind\u00fastria de \u00f3leo e g\u00e1s podem ser adaptadas sem grandes complexidades, aproveitando-se suas estruturas e fixando-as ao fundo do mar, obtendo-se ent\u00e3o uma \u00f3tima estabilidade para a turbina instalada no topside da plataforma. Al\u00e9m disso, as estruturas podem ser montadas em terra para depois serem rebocadas para o alto-mar, tornando a opera\u00e7\u00e3o mais eficiente e segura&#8221;, destacou\u00a0o sindicato dos estaleiros.<\/p>\n<h2>Projetos<\/h2>\n<p>A gerente de Petr\u00f3leo, G\u00e1s e Naval da Firjan, Karine Fragoso, acredita que \u00e1reas j\u00e1 concedidas para a explora\u00e7\u00e3o de \u00f3leo e g\u00e1s poderiam abrigar tamb\u00e9m projetos de gera\u00e7\u00e3o e\u00f3lica\u00a0<em>offshore<\/em>. ele avalia que a integra\u00e7\u00e3o das\u00a0duas cadeias pode facilitar a viabilidade dos projetos.<\/p>\n<p>&#8220;Esses projetos de e\u00f3licas\u00a0<em>offshore<\/em>\u00a0podem trazer para os estaleiros brasileiros oportunidades de constru\u00e7\u00e3o, seja de partes e pe\u00e7as, seja de uma estrutura maior&#8221;, afirmou. &#8220;\u00c9 preciso entender melhor como \u00e9 que se d\u00e1 o encadeamento produtivo desse tipo de mercado, o que a gente j\u00e1 tem\u00a0hoje\u00a0instalado aqui no Rio\u00a0de Janeiro\u00a0e no Brasil que pode suportar esse tipo de constru\u00e7\u00e3o e o que a gente precisa atrair.&#8221;<\/p>\n<p>Karine Fragoso explicou\u00a0que a ind\u00fastria naval do estado do Rio\u00a0de Janeiro\u00a0representa quase 50% do setor no pa\u00eds. Em um cen\u00e1rio de menos pedidos de grandes embarca\u00e7\u00f5es e estruturas por parte da ind\u00fastria de \u00f3leo e g\u00e1s, muitos estaleiros conseguiram sobreviver aos anos de crise no pa\u00eds, realizando reparos, manuten\u00e7\u00f5es e pequenas constru\u00e7\u00f5es.<\/p>\n<p>&#8220;A gente percebe, entre as oportunidades, as demandas que surgiram da Marinha do Brasil&#8221;, acrescentou, lembrando\u00a0que o Rio\u00a0de Janeiro\u00a0\u00e9 o estado onde ficam o 1\u00b0 Distrito Naval e a maior parte da frota da Marinha. &#8220;Essas demandas, de fato, vem colaborando nessa retomada da ind\u00fastria naval no Brasil.&#8221;<\/p>\n<p>A gerente da Firjan ressaltou que a demanda das For\u00e7as Armadas \u00e9 usada em outros pa\u00edses como um refor\u00e7o para o setor naval nos momentos em que o mercado privado est\u00e1 desaquecido. &#8220;A Fran\u00e7a utiliza muito esse mecanismo. Quando h\u00e1 uma baixa do mercado privado, entram as demandas da Marinha, para que possa ajudar a atividade da ind\u00fastria naval.&#8221;<\/p>\n<p>Em uma semana em que a colis\u00e3o de um navio abandonado contra a Ponte Rio-Niter\u00f3i surpreendeu a popula\u00e7\u00e3o, Karine Fragoso ressaltou\u00a0que \u00e9 preciso que se jogue luz sobre o problema das embarca\u00e7\u00f5es paradas na Ba\u00eda de Guanabara.<\/p>\n<p>&#8220;\u00c9 uma realidade que n\u00e3o \u00e9 desconhecida de todos n\u00f3s, mas \u00e9 uma realidade que a gente acaba n\u00e3o enxergando&#8221;, disse. &#8220;S\u00e3o v\u00e1rios \u00f3rg\u00e3os que precisam olhar para essa quest\u00e3o e dar essa resposta. Para isso, \u00e9 preciso\u00a0ter\u00a0um maestro, um coordenador de esfor\u00e7os.&#8221;<\/p>\n<p><span style=\"font-weight: 400;\">Fonte: Ag\u00eancia Brasil <\/span><\/p>\n","protected":false},"excerpt":{"rendered":"<p>Os projetos de constru\u00e7\u00e3o de usinas e\u00f3licas\u00a0offshore\u00a0para a gera\u00e7\u00e3o de energia el\u00e9trica s\u00e3o vistos pela ind\u00fastria naval como oportunidade para que estaleiros diversifiquem a\u00a0carteira de clientes. O tema foi um dos destaques do Panorama Naval no Rio\u00a0de Janeiro\u00a02022,\u00a0documento lan\u00e7ado\u00a0hoje\u00a0(16) pela Federa\u00e7\u00e3o das Ind\u00fastrias do Estado do Rio\u00a0de Janeiro\u00a0(Firjan). O setor de estaleiros tem passado por [&hellip;]<\/p>\n","protected":false},"author":246,"featured_media":206632,"comment_status":"closed","ping_status":"closed","sticky":false,"template":"","format":"standard","meta":{"footnotes":""},"categories":[436,261,439],"tags":[],"class_list":["post-206631","post","type-post","status-publish","format-standard","has-post-thumbnail","hentry","category-destaque-da-semana","category-economia","category-ultima-hora"],"_links":{"self":[{"href":"https:\/\/diarioregionaldigital.com.br\/index.php?rest_route=\/wp\/v2\/posts\/206631","targetHints":{"allow":["GET"]}}],"collection":[{"href":"https:\/\/diarioregionaldigital.com.br\/index.php?rest_route=\/wp\/v2\/posts"}],"about":[{"href":"https:\/\/diarioregionaldigital.com.br\/index.php?rest_route=\/wp\/v2\/types\/post"}],"author":[{"embeddable":true,"href":"https:\/\/diarioregionaldigital.com.br\/index.php?rest_route=\/wp\/v2\/users\/246"}],"replies":[{"embeddable":true,"href":"https:\/\/diarioregionaldigital.com.br\/index.php?rest_route=%2Fwp%2Fv2%2Fcomments&post=206631"}],"version-history":[{"count":1,"href":"https:\/\/diarioregionaldigital.com.br\/index.php?rest_route=\/wp\/v2\/posts\/206631\/revisions"}],"predecessor-version":[{"id":206633,"href":"https:\/\/diarioregionaldigital.com.br\/index.php?rest_route=\/wp\/v2\/posts\/206631\/revisions\/206633"}],"wp:featuredmedia":[{"embeddable":true,"href":"https:\/\/diarioregionaldigital.com.br\/index.php?rest_route=\/wp\/v2\/media\/206632"}],"wp:attachment":[{"href":"https:\/\/diarioregionaldigital.com.br\/index.php?rest_route=%2Fwp%2Fv2%2Fmedia&parent=206631"}],"wp:term":[{"taxonomy":"category","embeddable":true,"href":"https:\/\/diarioregionaldigital.com.br\/index.php?rest_route=%2Fwp%2Fv2%2Fcategories&post=206631"},{"taxonomy":"post_tag","embeddable":true,"href":"https:\/\/diarioregionaldigital.com.br\/index.php?rest_route=%2Fwp%2Fv2%2Ftags&post=206631"}],"curies":[{"name":"wp","href":"https:\/\/api.w.org\/{rel}","templated":true}]}}