{"id":206617,"date":"2022-11-14T19:08:10","date_gmt":"2022-11-14T22:08:10","guid":{"rendered":"https:\/\/diarioregionaldigital.com.br\/?p=206617"},"modified":"2022-11-14T19:08:10","modified_gmt":"2022-11-14T22:08:10","slug":"guarda-municipal-recolhe-12-gambas-nos-primeiros-dias-de-novembro","status":"publish","type":"post","link":"https:\/\/diarioregionaldigital.com.br\/?p=206617","title":{"rendered":"Guarda Municipal recolhe 12 gamb\u00e1s nos primeiros dias de novembro"},"content":{"rendered":"<p>Segundo informa\u00e7\u00f5es do site da Prefeitura de Juiz de Fora (PJF), a equipe de prote\u00e7\u00e3o ambiental da Guarda Municipal realizou 23 recolhimentos de animais silvestres em Juiz de Fora nos primeiros dias do m\u00eas de novembro. Deste total, mais da metade foram gamb\u00e1s, com 12 registros. Apenas nesta semana, cinco atendimentos para recolhimento de gamb\u00e1s em pontos diversos da cidade foram realizados. Os demais atendimentos referem-se a quatro cobras, duas maritacas, um filhote de falc\u00e3o, um filhote de coruja, um pica-pau, um c\u00e1gado e um jabuti.<\/p>\n<p>A Guarda Municipal pede \u00e0 popula\u00e7\u00e3o que n\u00e3o maltrate e machuque gamb\u00e1s vistos na \u00e1rea urbana. A esp\u00e9cie encontra-se em seu per\u00edodo reprodutivo, que vai de setembro a novembro. Raz\u00e3o pela qual as f\u00eameas aparecem, durante o dia, em busca de alimento. Elas saem dos ninhos, revirando lixo ou rondando resid\u00eancias onde h\u00e1 presen\u00e7a de ra\u00e7\u00e3o e restos de que possam se alimentar, para amamentar os filhotes.<\/p>\n<p>Os gamb\u00e1s n\u00e3o representam riscos aos seres humanos. Apesar da apar\u00eancia, os gamb\u00e1s n\u00e3o s\u00e3o nocivos. Eles atuam no controle ecol\u00f3gico de pragas, como baratas, escorpi\u00f5es e carrapatos. A orienta\u00e7\u00e3o \u00e9 deix\u00e1-los quietos. Geralmente, eles partem \u00e0 noite por conta pr\u00f3pria. N\u00e3o agrida, nem tente espantar estes animais, eles podem ser atropelados na fuga. Tamb\u00e9m n\u00e3o \u00e9 recomendado mexer na ninhada, para n\u00e3o prejudicar os filhotes.<\/p>\n<p>Outro cuidado importante \u00e9 evitar deixar lixo exposto e retirar restos de ra\u00e7\u00f5es de animais dom\u00e9sticos do alcance dos gamb\u00e1s. Tamb\u00e9m \u00e9 recomendado vedar locais em que os gamb\u00e1s possam fazer ninhos como aberturas entre telhados e forros. Se o gamb\u00e1 j\u00e1 estiver acomodado em local que n\u00e3o traga transtorno, deixe-o escolher a hora adequada para sair.<\/p>\n<p>Maltratar animais \u00e9 crime e quem for flagrado praticando o ato pode ser preso. De acordo com a lei de crimes ambientais (<a href=\"http:\/\/www.planalto.gov.br\/ccivil_03\/leis\/l9605.htm\"><strong>Lei\u00a0<\/strong>9.605\/1998<\/a>), a pena para quem mata, persegue ou ca\u00e7a animais da fauna silvestre pode ser de seis meses a um ano de deten\u00e7\u00e3o e multa.<\/p>\n<p>Caso encontre um animal silvestre ferido ou em situa\u00e7\u00e3o de perigo, a popula\u00e7\u00e3o pode acionar a equipe de Prote\u00e7\u00e3o Ambiental da Guarda Municipal, pelo telefone 153, no hor\u00e1rio das 8h \u00e0s 17h. A atividade acontece paralelamente \u00e0s demais a\u00e7\u00f5es das equipes, por esta raz\u00e3o o atendimento segue crit\u00e9rios de triagem.<\/p>\n","protected":false},"excerpt":{"rendered":"<p>Segundo informa\u00e7\u00f5es do site da Prefeitura de Juiz de Fora (PJF), a equipe de prote\u00e7\u00e3o ambiental da Guarda Municipal realizou 23 recolhimentos de animais silvestres em Juiz de Fora nos primeiros dias do m\u00eas de novembro. Deste total, mais da metade foram gamb\u00e1s, com 12 registros. Apenas nesta semana, cinco atendimentos para recolhimento de gamb\u00e1s [&hellip;]<\/p>\n","protected":false},"author":246,"featured_media":206618,"comment_status":"closed","ping_status":"closed","sticky":false,"template":"","format":"standard","meta":{"footnotes":""},"categories":[253,436,439],"tags":[],"class_list":["post-206617","post","type-post","status-publish","format-standard","has-post-thumbnail","hentry","category-cidade","category-destaque-da-semana","category-ultima-hora"],"_links":{"self":[{"href":"https:\/\/diarioregionaldigital.com.br\/index.php?rest_route=\/wp\/v2\/posts\/206617","targetHints":{"allow":["GET"]}}],"collection":[{"href":"https:\/\/diarioregionaldigital.com.br\/index.php?rest_route=\/wp\/v2\/posts"}],"about":[{"href":"https:\/\/diarioregionaldigital.com.br\/index.php?rest_route=\/wp\/v2\/types\/post"}],"author":[{"embeddable":true,"href":"https:\/\/diarioregionaldigital.com.br\/index.php?rest_route=\/wp\/v2\/users\/246"}],"replies":[{"embeddable":true,"href":"https:\/\/diarioregionaldigital.com.br\/index.php?rest_route=%2Fwp%2Fv2%2Fcomments&post=206617"}],"version-history":[{"count":1,"href":"https:\/\/diarioregionaldigital.com.br\/index.php?rest_route=\/wp\/v2\/posts\/206617\/revisions"}],"predecessor-version":[{"id":206619,"href":"https:\/\/diarioregionaldigital.com.br\/index.php?rest_route=\/wp\/v2\/posts\/206617\/revisions\/206619"}],"wp:featuredmedia":[{"embeddable":true,"href":"https:\/\/diarioregionaldigital.com.br\/index.php?rest_route=\/wp\/v2\/media\/206618"}],"wp:attachment":[{"href":"https:\/\/diarioregionaldigital.com.br\/index.php?rest_route=%2Fwp%2Fv2%2Fmedia&parent=206617"}],"wp:term":[{"taxonomy":"category","embeddable":true,"href":"https:\/\/diarioregionaldigital.com.br\/index.php?rest_route=%2Fwp%2Fv2%2Fcategories&post=206617"},{"taxonomy":"post_tag","embeddable":true,"href":"https:\/\/diarioregionaldigital.com.br\/index.php?rest_route=%2Fwp%2Fv2%2Ftags&post=206617"}],"curies":[{"name":"wp","href":"https:\/\/api.w.org\/{rel}","templated":true}]}}